{"id":48722,"date":"2024-12-10T10:17:09","date_gmt":"2024-12-10T13:17:09","guid":{"rendered":"https:\/\/radiorevelacionfm.cl\/?p=48722"},"modified":"2024-12-10T10:17:09","modified_gmt":"2024-12-10T13:17:09","slug":"concejal-sebastian-vera-es-urgente-la-designacion-de-un-director-titular-en-el-hospital-regional-de-coyhaique","status":"publish","type":"post","link":"https:\/\/radiorevelacionfm.cl\/?p=48722","title":{"rendered":"Concejal Sebasti\u00e1n Vera: \u00abEs urgente la designaci\u00f3n de un director titular en el Hospital Regional de Coyhaique\u00bb"},"content":{"rendered":"<div class=\"flex_column av_one_full  flex_column_div av-zero-column-padding first  avia-builder-el-0  el_before_av_one_full  avia-builder-el-first  \" style='border-radius:0px; '><div  class='avia-image-container  av-styling-    avia-builder-el-1  avia-builder-el-no-sibling  avia-align-center '  itemprop=\"image\" itemscope=\"itemscope\" itemtype=\"https:\/\/schema.org\/ImageObject\"  ><div class='avia-image-container-inner'><div class='avia-image-overlay-wrap'><img decoding=\"async\" class='wp-image-48723 avia-img-lazy-loading-not-48723 avia_image' src=\"https:\/\/radiorevelacionfm.cl\/wp-content\/uploads\/2024\/12\/Concejal-Vera-Hospital-1-1.jpeg\" alt='' title='Concejal Vera Hospital (1) (1)' height=\"600\" width=\"800\"  itemprop=\"thumbnailUrl\" srcset=\"https:\/\/radiorevelacionfm.cl\/wp-content\/uploads\/2024\/12\/Concejal-Vera-Hospital-1-1.jpeg 800w, https:\/\/radiorevelacionfm.cl\/wp-content\/uploads\/2024\/12\/Concejal-Vera-Hospital-1-1-300x225.jpeg 300w, https:\/\/radiorevelacionfm.cl\/wp-content\/uploads\/2024\/12\/Concejal-Vera-Hospital-1-1-768x576.jpeg 768w, https:\/\/radiorevelacionfm.cl\/wp-content\/uploads\/2024\/12\/Concejal-Vera-Hospital-1-1-705x529.jpeg 705w, https:\/\/radiorevelacionfm.cl\/wp-content\/uploads\/2024\/12\/Concejal-Vera-Hospital-1-1-450x338.jpeg 450w, https:\/\/radiorevelacionfm.cl\/wp-content\/uploads\/2024\/12\/Concejal-Vera-Hospital-1-1-600x450.jpeg 600w\" sizes=\"(max-width: 800px) 100vw, 800px\" \/><\/div><\/div><\/div><\/div><div class=\"flex_column av_one_full  flex_column_div av-zero-column-padding first  avia-builder-el-2  el_after_av_one_full  el_before_av_one_full  column-top-margin\" style='border-radius:0px; '><section class=\"av_textblock_section \"  itemscope=\"itemscope\" itemtype=\"https:\/\/schema.org\/BlogPosting\" itemprop=\"blogPost\" ><div class='avia_textblock  '   itemprop=\"text\" ><p style=\"text-align: center;\"><strong><span style=\"font-size: 18pt;\">Concejal Sebasti\u00e1n Vera: \u00abEs urgente la designaci\u00f3n de un director titular en el Hospital Regional de Coyhaique\u00bb<\/span><\/strong><\/p>\n<div id=\"gtx-trans\" style=\"position: absolute; left: -50px; top: 4.31534px;\">\n<div class=\"gtx-trans-icon\"><\/div>\n<\/div>\n<\/div><\/section><\/div><div class=\"flex_column av_one_full  flex_column_div av-zero-column-padding first  avia-builder-el-4  el_after_av_one_full  el_before_av_hr  column-top-margin\" style='border-radius:0px; '><section class=\"av_textblock_section \"  itemscope=\"itemscope\" itemtype=\"https:\/\/schema.org\/BlogPosting\" itemprop=\"blogPost\" ><div class='avia_textblock  '   itemprop=\"text\" ><p dir=\"ltr\" style=\"text-align: justify;\">El Concejal de Coyhaique, Sebasti\u00e1n Vera, ha expresado su profunda preocupaci\u00f3n por la situaci\u00f3n cr\u00edtica que enfrenta el Hospital Regional de Coyhaique, que permanece sin Director titular. Agreg\u00f3 que \u00abaunque la administraci\u00f3n de la salud no es una obligaci\u00f3n municipal, se trata de una problem\u00e1tica que afecta a nuestros vecinos y nos tiene que importar el funcionamiento del sistema\u00bb.<\/p>\n<p dir=\"ltr\" style=\"text-align: justify;\">Por otro lado, indic\u00f3 que \u00abvale destacar el esfuerzo y gesti\u00f3n del actual Director subrogante que ha cumplido sus funciones de manera comprometida. Sin embargo, resulta urgente el nombramiento de un directivo titular que lidere el equipo con atribuciones y autonom\u00eda para enfrentar los desaf\u00edos actuales y futuros de la instituci\u00f3n hospitalaria.<\/p>\n<p dir=\"ltr\" style=\"text-align: justify;\">\u00abReconozco el esfuerzo y la disposici\u00f3n del Director subrogante que asume funciones en un escenario complejo, pero la realidad es que el Hospital requiere consolidar una gesti\u00f3n hacia el futuro. Se necesita un Director titular que brinde estabilidad, liderazgo y continuidad en la gesti\u00f3n, y la falta de un l\u00edder titular est\u00e1 afectando la toma de decisiones a largo plazo, y por lo tanto, la calidad de la atenci\u00f3n que se entrega a nuestra comunidad\u00bb, se\u00f1al\u00f3 Sebasti\u00e1n Vera.<\/p>\n<p dir=\"ltr\" style=\"text-align: justify;\">El Hospital Regional de Coyhaique es el principal centro de salud de la Regi\u00f3n y atraviesa una crisis profunda. Actualmente, posee una mala evaluaci\u00f3n por la percepci\u00f3n de los usuarios respecto a la atenci\u00f3n, resultando ser la peor del pa\u00eds entre 65 establecimientos asistenciales. Lo anterior refleja una serie de problemas en su gesti\u00f3n y en la calidad de los servicios que ofrece.<\/p>\n<p dir=\"ltr\" style=\"text-align: justify;\">\u00abEl Hospital Regional est\u00e1 atravesando por una situaci\u00f3n cr\u00edtica tanto en t\u00e9rminos de gesti\u00f3n como financieros. No podemos seguir con un hospital que no tiene una direcci\u00f3n estable, especialmente cuando enfrentamos evaluaciones negativas. Esta falta de liderazgo titular est\u00e1 afectando gravemente la confianza de la comunidad en la instituci\u00f3n y, lo m\u00e1s importante, la calidad de la atenci\u00f3n que nuestros vecinos merecen\u00bb, indic\u00f3 Vera.<\/p>\n<p dir=\"ltr\" style=\"text-align: justify;\">El Concejal subray\u00f3 que el Servicio de Salud Ays\u00e9n (SSA) hab\u00eda comprometido p\u00fablicamente la convocatoria de un concurso para cubrir el cargo de Director del Hospital, luego de que el concurso anterior quedara desierto. Es fundamental que este compromiso se cumpla sin m\u00e1s dilataciones, ya que la situaci\u00f3n actual requiere una respuesta urgente y efectiva.<\/p>\n<p dir=\"ltr\" style=\"text-align: justify;\">Vera hizo hincapi\u00e9 en que \u00abaunque el rol de Concejal no implica una intervenci\u00f3n directa en la gesti\u00f3n hospitalaria, su responsabilidad c\u00edvica y compromiso con la comunidad lo llevan a alzar la voz ante una crisis que est\u00e1 afectando la salud de miles de personas. Este es un tema de salud p\u00fablica y tiene un impacto directo en la vida de nuestros vecinos, y como Concejal mi responsabilidad es velar por el bienestar de la comunidad. No podemos permitir que nuestra Regi\u00f3n siga siendo la peor evaluada del pa\u00eds en t\u00e9rminos de atenci\u00f3n hospitalaria y se necesita un Director titular que tome las riendas de la situaci\u00f3n, que gestione los recursos con eficacia y que garantice una atenci\u00f3n de calidad para todos los usuarios. Esta es una necesidad urgente\u00bb, declar\u00f3 el Concejal.<\/p>\n<p dir=\"ltr\" style=\"text-align: justify;\">Finalmente, Sebasti\u00e1n Vera hizo un llamado a la acci\u00f3n a las autoridades correspondientes. \u00abEl nombramiento de un director titular es clave para superar esta crisis, mejorar la evaluaci\u00f3n del hospital y garantizar que la salud de los habitantes de Coyhaique y la Regi\u00f3n de Ays\u00e9n no se vea comprometida por la falta de liderazgo\u00bb.<\/p>\n<\/div><\/section><\/div><div  style='height:50px' class='hr hr-invisible   avia-builder-el-6  el_after_av_one_full  el_before_av_social_share '><span class='hr-inner ' ><span class='hr-inner-style'><\/span><\/span><\/div><\/p>\n<div  class='av-social-sharing-box  avia-builder-el-7  el_after_av_hr  el_before_av_hr  '><div class='av-share-box'><h5 class='av-share-link-description av-no-toc '>Compartir esta noticia<\/h5><ul class='av-share-box-list noLightbox'><li class='av-share-link av-social-link-facebook' ><a target=\"_blank\" aria-label=\"Compartir en Facebook\" href='https:\/\/www.facebook.com\/sharer.php?u=https:\/\/radiorevelacionfm.cl\/?p=48722&#038;t=Concejal%20Sebasti%C3%A1n%20Vera%3A%20%C2%ABEs%20urgente%20la%20designaci%C3%B3n%20de%20un%20director%20titular%20en%20el%20Hospital%20Regional%20de%20Coyhaique%C2%BB' aria-hidden='false' data-av_icon='\ue8f3' data-av_iconfont='entypo-fontello' title='' data-avia-related-tooltip='Compartir en Facebook' rel=\"noopener\"><span class='avia_hidden_link_text'>Compartir en Facebook<\/span><\/a><\/li><li class='av-share-link av-social-link-twitter' ><a target=\"_blank\" aria-label=\"Compartir en Twitter\" href='https:\/\/twitter.com\/share?text=Concejal%20Sebasti%C3%A1n%20Vera%3A%20%C2%ABEs%20urgente%20la%20designaci%C3%B3n%20de%20un%20director%20titular%20en%20el%20Hospital%20Regional%20de%20Coyhaique%C2%BB&#038;url=https:\/\/radiorevelacionfm.cl\/?p=48722' aria-hidden='false' data-av_icon='\ue8f1' data-av_iconfont='entypo-fontello' title='' data-avia-related-tooltip='Compartir en Twitter' rel=\"noopener\"><span class='avia_hidden_link_text'>Compartir en Twitter<\/span><\/a><\/li><li class='av-share-link av-social-link-whatsapp' ><a target=\"_blank\" aria-label=\"Compartir en Whatsapp\" href='https:\/\/api.whatsapp.com\/send?text=https:\/\/radiorevelacionfm.cl\/?p=48722' aria-hidden='false' data-av_icon='\uf232' data-av_iconfont='entypo-fontello' title='' data-avia-related-tooltip='Compartir en Whatsapp' rel=\"noopener\"><span class='avia_hidden_link_text'>Compartir en Whatsapp<\/span><\/a><\/li><li class='av-share-link av-social-link-linkedin' ><a target=\"_blank\" aria-label=\"Compartir en LinkedIn\" href='https:\/\/linkedin.com\/shareArticle?mini=true&#038;title=Concejal%20Sebasti%C3%A1n%20Vera%3A%20%C2%ABEs%20urgente%20la%20designaci%C3%B3n%20de%20un%20director%20titular%20en%20el%20Hospital%20Regional%20de%20Coyhaique%C2%BB&#038;url=https:\/\/radiorevelacionfm.cl\/?p=48722' aria-hidden='false' data-av_icon='\ue8fc' data-av_iconfont='entypo-fontello' title='' data-avia-related-tooltip='Compartir en LinkedIn' rel=\"noopener\"><span class='avia_hidden_link_text'>Compartir en LinkedIn<\/span><\/a><\/li><li class='av-share-link av-social-link-mail' ><a  aria-label=\"Compartir por correo\" href='mailto:?subject=Concejal%20Sebasti%C3%A1n%20Vera%3A%20%C2%ABEs%20urgente%20la%20designaci%C3%B3n%20de%20un%20director%20titular%20en%20el%20Hospital%20Regional%20de%20Coyhaique%C2%BB&#038;body=https:\/\/radiorevelacionfm.cl\/?p=48722' aria-hidden='false' data-av_icon='\ue805' data-av_iconfont='entypo-fontello' title='' data-avia-related-tooltip='Compartir por correo'><span class='avia_hidden_link_text'>Compartir por correo<\/span><\/a><\/li><\/ul><\/div><\/div>\n<div  style='height:50px' class='hr hr-invisible   avia-builder-el-8  el_after_av_social_share  el_before_av_comments_list '><span class='hr-inner ' ><span class='hr-inner-style'><\/span><\/span><\/div>\n<div  class='av-buildercomment  av-blog-meta-html-info-disabled av-blog-meta-tag-disabled  '><\/div>\n","protected":false},"excerpt":{"rendered":"","protected":false},"author":1,"featured_media":48723,"comment_status":"open","ping_status":"open","sticky":false,"template":"","format":"standard","meta":{"footnotes":""},"categories":[35],"tags":[],"class_list":["post-48722","post","type-post","status-publish","format-standard","has-post-thumbnail","hentry","category-politica"],"jetpack_featured_media_url":"https:\/\/radiorevelacionfm.cl\/wp-content\/uploads\/2024\/12\/Concejal-Vera-Hospital-1-1.jpeg","_links":{"self":[{"href":"https:\/\/radiorevelacionfm.cl\/index.php?rest_route=\/wp\/v2\/posts\/48722","targetHints":{"allow":["GET"]}}],"collection":[{"href":"https:\/\/radiorevelacionfm.cl\/index.php?rest_route=\/wp\/v2\/posts"}],"about":[{"href":"https:\/\/radiorevelacionfm.cl\/index.php?rest_route=\/wp\/v2\/types\/post"}],"author":[{"embeddable":true,"href":"https:\/\/radiorevelacionfm.cl\/index.php?rest_route=\/wp\/v2\/users\/1"}],"replies":[{"embeddable":true,"href":"https:\/\/radiorevelacionfm.cl\/index.php?rest_route=%2Fwp%2Fv2%2Fcomments&post=48722"}],"version-history":[{"count":1,"href":"https:\/\/radiorevelacionfm.cl\/index.php?rest_route=\/wp\/v2\/posts\/48722\/revisions"}],"predecessor-version":[{"id":48724,"href":"https:\/\/radiorevelacionfm.cl\/index.php?rest_route=\/wp\/v2\/posts\/48722\/revisions\/48724"}],"wp:featuredmedia":[{"embeddable":true,"href":"https:\/\/radiorevelacionfm.cl\/index.php?rest_route=\/wp\/v2\/media\/48723"}],"wp:attachment":[{"href":"https:\/\/radiorevelacionfm.cl\/index.php?rest_route=%2Fwp%2Fv2%2Fmedia&parent=48722"}],"wp:term":[{"taxonomy":"category","embeddable":true,"href":"https:\/\/radiorevelacionfm.cl\/index.php?rest_route=%2Fwp%2Fv2%2Fcategories&post=48722"},{"taxonomy":"post_tag","embeddable":true,"href":"https:\/\/radiorevelacionfm.cl\/index.php?rest_route=%2Fwp%2Fv2%2Ftags&post=48722"}],"curies":[{"name":"wp","href":"https:\/\/api.w.org\/{rel}","templated":true}]}}