{"id":4872,"date":"2021-06-03T20:10:08","date_gmt":"2021-06-03T23:10:08","guid":{"rendered":"https:\/\/radiorevelacionfm.cl\/?p=4872"},"modified":"2021-06-03T22:50:16","modified_gmt":"2021-06-04T01:50:16","slug":"positivo-balance-relevando-derechos-de-la-infancia-y-activa-participacion-opd-chile-chico-celebro-15-anos","status":"publish","type":"post","link":"https:\/\/radiorevelacionfm.cl\/?p=4872","title":{"rendered":"Positivo balance: Relevando derechos de la infancia y activa participaci\u00f3n OPD Chile Chico celebr\u00f3 15 a\u00f1os"},"content":{"rendered":"<div class=\"flex_column av_one_full  flex_column_div av-zero-column-padding first  avia-builder-el-0  el_before_av_one_full  avia-builder-el-first  \" style='border-radius:0px; '><div  class='avia-image-container  av-styling-    avia-builder-el-1  avia-builder-el-no-sibling  avia-align-center '  itemprop=\"image\" itemscope=\"itemscope\" itemtype=\"https:\/\/schema.org\/ImageObject\"  ><div class='avia-image-container-inner'><div class='avia-image-overlay-wrap'><img decoding=\"async\" class='wp-image-4873 avia-img-lazy-loading-not-4873 avia_image' src=\"https:\/\/radiorevelacionfm.cl\/wp-content\/uploads\/2021\/06\/OPD-11-1.jpeg\" alt='' title='OPD 11 (1)' height=\"622\" width=\"785\"  itemprop=\"thumbnailUrl\" srcset=\"https:\/\/radiorevelacionfm.cl\/wp-content\/uploads\/2021\/06\/OPD-11-1.jpeg 785w, https:\/\/radiorevelacionfm.cl\/wp-content\/uploads\/2021\/06\/OPD-11-1-300x238.jpeg 300w, https:\/\/radiorevelacionfm.cl\/wp-content\/uploads\/2021\/06\/OPD-11-1-768x609.jpeg 768w, https:\/\/radiorevelacionfm.cl\/wp-content\/uploads\/2021\/06\/OPD-11-1-705x559.jpeg 705w, https:\/\/radiorevelacionfm.cl\/wp-content\/uploads\/2021\/06\/OPD-11-1-600x475.jpeg 600w\" sizes=\"(max-width: 785px) 100vw, 785px\" \/><\/div><\/div><\/div><\/div><div class=\"flex_column av_one_full  flex_column_div av-zero-column-padding first  avia-builder-el-2  el_after_av_one_full  el_before_av_one_full  column-top-margin\" style='border-radius:0px; '><section class=\"av_textblock_section \"  itemscope=\"itemscope\" itemtype=\"https:\/\/schema.org\/BlogPosting\" itemprop=\"blogPost\" ><div class='avia_textblock  '   itemprop=\"text\" ><p style=\"text-align: center;\"><strong><span style=\"font-size: 18pt;\">Positivo balance: Relevando derechos de la infancia y activa participaci\u00f3n OPD Chile Chico celebr\u00f3 15 a\u00f1os<\/span><\/strong><\/p>\n<div id=\"gtx-trans\" style=\"position: absolute; left: -50px; top: 4.31534px;\">\n<div class=\"gtx-trans-icon\"><\/div>\n<\/div>\n<\/div><\/section><\/div><div class=\"flex_column av_one_full  flex_column_div av-zero-column-padding first  avia-builder-el-4  el_after_av_one_full  el_before_av_hr  column-top-margin\" style='border-radius:0px; '><section class=\"av_textblock_section \"  itemscope=\"itemscope\" itemtype=\"https:\/\/schema.org\/BlogPosting\" itemprop=\"blogPost\" ><div class='avia_textblock  '   itemprop=\"text\" ><p style=\"text-align: justify;\">La Oficina de Protecci\u00f3n de los Derechos de la Infancia y la Adolescencia OPD de Chile Chico, cumpli\u00f3 15 a\u00f1os con un trabajo directo, con gran relevancia y participaci\u00f3n de ni\u00f1os, ni\u00f1as y j\u00f3venes del territorio, lo que qued\u00f3 plasmado en cada uno de los recuerdos de las actividades realizadas tanto en la \u201cciudad del sol\u201d como en las localidades del interior de la comuna.<\/p>\n<p style=\"text-align: justify;\">Paulina Hern\u00e1ndez, encargada de la OPD, relev\u00f3 esta d\u00e9cada y media de trabajo en esta oficina, que es el resultado de un convenio entre el Sename y la Municipalidad de Chile Chico.<\/p>\n<p style=\"text-align: justify;\">\u201cEs una oficina que se ha mantenido hasta la fecha, es por ello que cobra tanta importancia para nosotros, son ya 15 a\u00f1os. Hoy personalmente a m\u00ed me tiene muy contenta, que dentro de estos 4 a\u00f1os que me ha tocado estar dentro del Municipio, tres a\u00f1os los haya desarrollado al interior de la OPD, generando muchas actividades, cambios en las estructuras donde los ni\u00f1os sean considerados y tomados en cuenta como sujetos de derecho. Este es sin duda nuestro foco mayor, en que los ni\u00f1os puedan ser capaces de estar frente a las autoridades y plantear sus inquietudes, sus necesidades, desde la perspectiva que tienen los ni\u00f1os\u201d.<\/p>\n<p style=\"text-align: justify;\">El trabajo con la infancia y sus representantes en directa coordinaci\u00f3n con la OPD, se ha centrado en empoderar a los ni\u00f1os, para plantear bajo el respecto pero con claridad sus ideas, sue\u00f1os y objetivos en beneficio de sus pares.<\/p>\n<p style=\"text-align: justify;\">\u201cLa idea es orientar a las autoridades para enfocarse en cu\u00e1les son las reales necesidades de los ni\u00f1os y no a visualizar las necesidades desde la perspectiva de los adultos. Consideramos en ese sentido que todos los equipos que han pasado por las oficinas de derechos de la infancia, han hecho una gran labor y vaya para todos ellos tambi\u00e9n nuestro reconocimiento, nuestro agradecimiento, ya que, no somos solamente nosotros. Han sido muchos los profesionales que han pasado por estas oficinas y la verdad es que, nos tiene muy contentas de que a\u00f1o a a\u00f1o se vaya mejorando, se vayan adquiriendo nuevos conocimientos, nuevos desaf\u00edos. Por supuesto eso va de la mano de administraciones que se han comprometido, esta administraci\u00f3n no ha estado ajena a ello\u201d, enfatiz\u00f3 Paulina Hern\u00e1ndez.<\/p>\n<p style=\"text-align: justify;\">Dentro de los hitos en el trabajo de la OPD Chile Chico, se destaca la importancia que cobr\u00f3 para esta administraci\u00f3n encabezada por el Alcalde Ricardo Ibarra, el Consejo de Infancia de Chile Chico, establecido en el a\u00f1o 2017 y que bajo la estructura de su Pol\u00edtica Local de Infancia lograron plantear al municipio la necesidad de construir espacios deportivos y recreacionales revirtiendo sitios eriazos en lugares de esparcimiento.<\/p>\n<p style=\"text-align: justify;\">\u201cComo equipo agradecer el compromiso que mantuvo don Ricardo en estos cuatro a\u00f1os de gesti\u00f3n, preocup\u00e1ndose y ocup\u00e1ndose de las necesidades de los ni\u00f1os, reuni\u00e9ndose con ellos, teniendo la voluntad de poderse juntar con ellos, involucrarse y conversar con los ni\u00f1os en base a sus demandas, sus carencias, sus necesidades. As\u00ed es que, nos tiene muy contentas, nos llena de orgullo, de emoci\u00f3n, sentimos que hoy es un d\u00eda para reflexionar sobre como lo hemos hecho y cu\u00e1les son los desaf\u00edos que se vienen en materia de infancia\u201d, se\u00f1al\u00f3 la encargada de la OPD en la ciudad del sol.<\/p>\n<p style=\"text-align: justify;\">Es importante mencionar que en su oportunidad, Chile chico fue sede del encuentro regional de Consejos Consultivos de Infancia, albergando a m\u00e1s de 50 ni\u00f1os, ni\u00f1as y adolescentes que se reunieron en la comuna para trabajar en torno a demandas regionales y exponerlas ante autoridades locales.<\/p>\n<p style=\"text-align: justify;\">Adem\u00e1s, bajo esta administraci\u00f3n municipal se logra revertir la evaluaci\u00f3n de OPD y se logra posicionar dentro de las mejores de la regi\u00f3n, manteniendo firme hasta los d\u00edas de hoy su compromiso y trabajo arduo con la infancia de la comuna. Es as\u00ed que, en plena pandemia OPD Chile Chico adopta una posici\u00f3n activa entregando mascarillas a todos los ni\u00f1os, ni\u00f1as y adolescentes de la comuna a trav\u00e9s de los diversos establecimientos educativos de chile chico y por otra parte benefician a 19 estudiantes con la entrega de computadores que les permitir\u00e1n conectarse a clases virtuales a quienes carecen de este insumo necesario en tiempos de pandemia.<\/p>\n<p style=\"text-align: justify;\">Se destaca tambi\u00e9n, el trabajo coordinado con las juntas de vecinos de la localidad de Chile Chico ejecutando campa\u00f1a de prevenci\u00f3n del Covid 19, en este sentido se hace entrega por parte de equipo OPD canastas con insumos de higiene y sanitizaci\u00f3n para el hogar, aprovechando la instancia de establecer conversaciones con adolescentes que den cuenta de sus necesidades y opiniones.<\/p>\n<p style=\"text-align: justify;\">Otra de las actividades que destac\u00f3 en este periodo fue que, Chile Chico realiz\u00f3 3 ferias regionales de infancia, ferias en la que asisti\u00f3 toda la oferta program\u00e1tica de servicios p\u00fablicos hasta la ciudad del sol promoviendo los derechos de la infancia y acercando la oferta de sus servicios a los ni\u00f1os, ni\u00f1as y adolescentes, instancia que a\u00f1o a a\u00f1o fue cobrando fuerza e integrando cada vez m\u00e1s actores relevantes.<\/p>\n<\/div><\/section><\/div><div  style='height:50px' class='hr hr-invisible   avia-builder-el-6  el_after_av_one_full  el_before_av_social_share '><span class='hr-inner ' ><span class='hr-inner-style'><\/span><\/span><\/div><\/p>\n<div  class='av-social-sharing-box  avia-builder-el-7  el_after_av_hr  el_before_av_hr  '><div class='av-share-box'><h5 class='av-share-link-description av-no-toc '>Compartir esta noticia<\/h5><ul class='av-share-box-list noLightbox'><li class='av-share-link av-social-link-facebook' ><a target=\"_blank\" aria-label=\"Compartir en Facebook\" href='https:\/\/www.facebook.com\/sharer.php?u=https:\/\/radiorevelacionfm.cl\/?p=4872&#038;t=Positivo%20balance%3A%20Relevando%20derechos%20de%20la%20infancia%20y%20activa%20participaci%C3%B3n%20OPD%20Chile%20Chico%20celebr%C3%B3%2015%20a%C3%B1os' aria-hidden='false' data-av_icon='\ue8f3' data-av_iconfont='entypo-fontello' title='' data-avia-related-tooltip='Compartir en Facebook' rel=\"noopener\"><span class='avia_hidden_link_text'>Compartir en Facebook<\/span><\/a><\/li><li class='av-share-link av-social-link-twitter' ><a target=\"_blank\" aria-label=\"Compartir en Twitter\" href='https:\/\/twitter.com\/share?text=Positivo%20balance%3A%20Relevando%20derechos%20de%20la%20infancia%20y%20activa%20participaci%C3%B3n%20OPD%20Chile%20Chico%20celebr%C3%B3%2015%20a%C3%B1os&#038;url=https:\/\/radiorevelacionfm.cl\/?p=4872' aria-hidden='false' data-av_icon='\ue8f1' data-av_iconfont='entypo-fontello' title='' data-avia-related-tooltip='Compartir en Twitter' rel=\"noopener\"><span class='avia_hidden_link_text'>Compartir en Twitter<\/span><\/a><\/li><li class='av-share-link av-social-link-whatsapp' ><a target=\"_blank\" aria-label=\"Compartir en Whatsapp\" href='https:\/\/api.whatsapp.com\/send?text=https:\/\/radiorevelacionfm.cl\/?p=4872' aria-hidden='false' data-av_icon='\uf232' data-av_iconfont='entypo-fontello' title='' data-avia-related-tooltip='Compartir en Whatsapp' rel=\"noopener\"><span class='avia_hidden_link_text'>Compartir en Whatsapp<\/span><\/a><\/li><li class='av-share-link av-social-link-linkedin' ><a target=\"_blank\" aria-label=\"Compartir en LinkedIn\" href='https:\/\/linkedin.com\/shareArticle?mini=true&#038;title=Positivo%20balance%3A%20Relevando%20derechos%20de%20la%20infancia%20y%20activa%20participaci%C3%B3n%20OPD%20Chile%20Chico%20celebr%C3%B3%2015%20a%C3%B1os&#038;url=https:\/\/radiorevelacionfm.cl\/?p=4872' aria-hidden='false' data-av_icon='\ue8fc' data-av_iconfont='entypo-fontello' title='' data-avia-related-tooltip='Compartir en LinkedIn' rel=\"noopener\"><span class='avia_hidden_link_text'>Compartir en LinkedIn<\/span><\/a><\/li><li class='av-share-link av-social-link-mail' ><a  aria-label=\"Compartir por correo\" href='mailto:?subject=Positivo%20balance%3A%20Relevando%20derechos%20de%20la%20infancia%20y%20activa%20participaci%C3%B3n%20OPD%20Chile%20Chico%20celebr%C3%B3%2015%20a%C3%B1os&#038;body=https:\/\/radiorevelacionfm.cl\/?p=4872' aria-hidden='false' data-av_icon='\ue805' data-av_iconfont='entypo-fontello' title='' data-avia-related-tooltip='Compartir por correo'><span class='avia_hidden_link_text'>Compartir por correo<\/span><\/a><\/li><\/ul><\/div><\/div>\n<div  style='height:50px' class='hr hr-invisible   avia-builder-el-8  el_after_av_social_share  el_before_av_comments_list '><span class='hr-inner ' ><span class='hr-inner-style'><\/span><\/span><\/div>\n<div  class='av-buildercomment  av-blog-meta-html-info-disabled av-blog-meta-tag-disabled  '><\/div>\n","protected":false},"excerpt":{"rendered":"","protected":false},"author":1,"featured_media":4873,"comment_status":"open","ping_status":"open","sticky":false,"template":"","format":"standard","meta":{"footnotes":""},"categories":[38],"tags":[],"class_list":["post-4872","post","type-post","status-publish","format-standard","has-post-thumbnail","hentry","category-regional"],"jetpack_featured_media_url":"https:\/\/radiorevelacionfm.cl\/wp-content\/uploads\/2021\/06\/OPD-11-1.jpeg","_links":{"self":[{"href":"https:\/\/radiorevelacionfm.cl\/index.php?rest_route=\/wp\/v2\/posts\/4872","targetHints":{"allow":["GET"]}}],"collection":[{"href":"https:\/\/radiorevelacionfm.cl\/index.php?rest_route=\/wp\/v2\/posts"}],"about":[{"href":"https:\/\/radiorevelacionfm.cl\/index.php?rest_route=\/wp\/v2\/types\/post"}],"author":[{"embeddable":true,"href":"https:\/\/radiorevelacionfm.cl\/index.php?rest_route=\/wp\/v2\/users\/1"}],"replies":[{"embeddable":true,"href":"https:\/\/radiorevelacionfm.cl\/index.php?rest_route=%2Fwp%2Fv2%2Fcomments&post=4872"}],"version-history":[{"count":1,"href":"https:\/\/radiorevelacionfm.cl\/index.php?rest_route=\/wp\/v2\/posts\/4872\/revisions"}],"predecessor-version":[{"id":4874,"href":"https:\/\/radiorevelacionfm.cl\/index.php?rest_route=\/wp\/v2\/posts\/4872\/revisions\/4874"}],"wp:featuredmedia":[{"embeddable":true,"href":"https:\/\/radiorevelacionfm.cl\/index.php?rest_route=\/wp\/v2\/media\/4873"}],"wp:attachment":[{"href":"https:\/\/radiorevelacionfm.cl\/index.php?rest_route=%2Fwp%2Fv2%2Fmedia&parent=4872"}],"wp:term":[{"taxonomy":"category","embeddable":true,"href":"https:\/\/radiorevelacionfm.cl\/index.php?rest_route=%2Fwp%2Fv2%2Fcategories&post=4872"},{"taxonomy":"post_tag","embeddable":true,"href":"https:\/\/radiorevelacionfm.cl\/index.php?rest_route=%2Fwp%2Fv2%2Ftags&post=4872"}],"curies":[{"name":"wp","href":"https:\/\/api.w.org\/{rel}","templated":true}]}}