{"id":48719,"date":"2024-12-10T10:09:13","date_gmt":"2024-12-10T13:09:13","guid":{"rendered":"https:\/\/radiorevelacionfm.cl\/?p=48719"},"modified":"2024-12-10T10:09:13","modified_gmt":"2024-12-10T13:09:13","slug":"comenzo-fase-de-aplicacion-del-programa-para-pequenas-localidades-en-caleta-tortel","status":"publish","type":"post","link":"https:\/\/radiorevelacionfm.cl\/?p=48719","title":{"rendered":"Comenz\u00f3 fase de aplicaci\u00f3n del programa para Peque\u00f1as Localidades en Caleta Tortel"},"content":{"rendered":"<div class=\"flex_column av_one_full  flex_column_div av-zero-column-padding first  avia-builder-el-0  el_before_av_one_full  avia-builder-el-first  \" style='border-radius:0px; '><div  class='avia-image-container  av-styling-    avia-builder-el-1  avia-builder-el-no-sibling  avia-align-center '  itemprop=\"image\" itemscope=\"itemscope\" itemtype=\"https:\/\/schema.org\/ImageObject\"  ><div class='avia-image-container-inner'><div class='avia-image-overlay-wrap'><img decoding=\"async\" class='wp-image-48720 avia-img-lazy-loading-not-48720 avia_image' src=\"https:\/\/radiorevelacionfm.cl\/wp-content\/uploads\/2024\/12\/acto-inicio-aplicacion-del-programa-pequenas-localidades-en-caleta-tortel-1_optimized-1.jpg\" alt='' title='acto-inicio-aplicaci\u00f3n-del-programa-peque\u00f1as-localidades-en-caleta-tortel-(1)_optimized (1)' height=\"600\" width=\"900\"  itemprop=\"thumbnailUrl\" srcset=\"https:\/\/radiorevelacionfm.cl\/wp-content\/uploads\/2024\/12\/acto-inicio-aplicacion-del-programa-pequenas-localidades-en-caleta-tortel-1_optimized-1.jpg 900w, https:\/\/radiorevelacionfm.cl\/wp-content\/uploads\/2024\/12\/acto-inicio-aplicacion-del-programa-pequenas-localidades-en-caleta-tortel-1_optimized-1-300x200.jpg 300w, https:\/\/radiorevelacionfm.cl\/wp-content\/uploads\/2024\/12\/acto-inicio-aplicacion-del-programa-pequenas-localidades-en-caleta-tortel-1_optimized-1-768x512.jpg 768w, https:\/\/radiorevelacionfm.cl\/wp-content\/uploads\/2024\/12\/acto-inicio-aplicacion-del-programa-pequenas-localidades-en-caleta-tortel-1_optimized-1-705x470.jpg 705w, https:\/\/radiorevelacionfm.cl\/wp-content\/uploads\/2024\/12\/acto-inicio-aplicacion-del-programa-pequenas-localidades-en-caleta-tortel-1_optimized-1-450x300.jpg 450w, https:\/\/radiorevelacionfm.cl\/wp-content\/uploads\/2024\/12\/acto-inicio-aplicacion-del-programa-pequenas-localidades-en-caleta-tortel-1_optimized-1-600x400.jpg 600w\" sizes=\"(max-width: 900px) 100vw, 900px\" \/><\/div><\/div><\/div><\/div><div class=\"flex_column av_one_full  flex_column_div av-zero-column-padding first  avia-builder-el-2  el_after_av_one_full  el_before_av_one_full  column-top-margin\" style='border-radius:0px; '><section class=\"av_textblock_section \"  itemscope=\"itemscope\" itemtype=\"https:\/\/schema.org\/BlogPosting\" itemprop=\"blogPost\" ><div class='avia_textblock  '   itemprop=\"text\" ><p style=\"text-align: center;\"><strong><span style=\"font-size: 18pt;\">Comenz\u00f3 fase de aplicaci\u00f3n del programa para Peque\u00f1as Localidades en Caleta Tortel<\/span><\/strong><\/p>\n<div id=\"gtx-trans\" style=\"position: absolute; left: -50px; top: 4.31534px;\">\n<div class=\"gtx-trans-icon\"><\/div>\n<\/div>\n<\/div><\/section><\/div><div class=\"flex_column av_one_full  flex_column_div av-zero-column-padding first  avia-builder-el-4  el_after_av_one_full  el_before_av_hr  column-top-margin\" style='border-radius:0px; '><section class=\"av_textblock_section \"  itemscope=\"itemscope\" itemtype=\"https:\/\/schema.org\/BlogPosting\" itemprop=\"blogPost\" ><div class='avia_textblock  '   itemprop=\"text\" ><p style=\"text-align: justify;\">Con la presentaci\u00f3n de los profesionales que encabezar\u00e1n el trabajo con la comunidad para ir definiendo los proyectos e iniciativas a materializar en los pr\u00f3ximos a\u00f1os, se concret\u00f3 recientemente el hito de inicio oficial del Programa Para Peque\u00f1a localidades del Ministerio de Vivienda (Minvu) en Caleta Tortel, pintoresca localidad ubicada en el extremo sur de la regi\u00f3n.<\/p>\n<p style=\"text-align: justify;\">Cabe recordar que en agosto del a\u00f1o pasado se firm\u00f3 el convenio entre el Ministerio de Vivienda, el municipio y los vecinos, concretando as\u00ed el primer paso para implementar el programa. Sin embargo, es ahora, con la contrataci\u00f3n de una arquitecta y dos profesionales del \u00e1rea social y administrativo, que se inicia de lleno el trabajo con dirigentes y vecinos para definir una obra detonante y determinar las prioridades para futuros proyectos y para el trabajo que se desarrollar\u00e1 en los 3 o 4 a\u00f1os que dura el programa.<\/p>\n<p style=\"text-align: justify;\">En un emotivo encuentro con la comunidad, la Seremi de Vivienda, Paulina Ruz, enfatiz\u00f3 en la importancia que este programa tiene para el Gobierno. \u201cPara nosotros es el coraz\u00f3n del Ministerio de Vivienda y Urbanismo, porque gracias a este tipo de programas, no solamente podemos realizar obras urbanas en sectores m\u00e1s apartados, sino que tambi\u00e9n podemos fortalecer los lazos y las relaciones entre la comunidad. Es un programa que dura cuatro a\u00f1os, con una inversi\u00f3n de 1.500 millones de pesos involucrados, pero donde no es la autoridad, sino que son ustedes quienes van a decidir. Y por eso es importante que puedan participar en la mayor cantidad de talleres, de actividades y tambi\u00e9n de la fase de diagn\u00f3stico, para que tengamos un insumo de cu\u00e1les son las reales necesidades de Caleta Tortel\u201d, se\u00f1al\u00f3.<\/p>\n<p style=\"text-align: justify;\">El entonces alcalde de la comuna, Abel Becerra, pidi\u00f3 a la comunidad participar con entusiasmo para aprovechar al m\u00e1ximo esta oportunidad de bienestar y desarrollo para la comunidad. \u201cEste programa va a tener una consideraci\u00f3n muy importante con la gente, donde la ventaja es que va a ser trabajado por ustedes mismos, a trav\u00e9s de las organizaciones comunitarias, el colegio, las entidades participantes ac\u00e1, Armada, Carabineros, el Comit\u00e9 Ambiental, la Junta de Vecinos, todo eso, esas organizaciones van a poder participar activamente en este programa, y van a ser ellos los que le van a tener que decir al equipo t\u00e9cnico, lo que queremos\u201d, puntualiz\u00f3.<\/p>\n<p style=\"text-align: justify;\">En representaci\u00f3n de los vecinos, la concejala electa Alejandra Zurita se mostr\u00f3 optimista respecto de la aplicaci\u00f3n del programa, considerando sobre todo que estar\u00e1 siempre abierto a la comunidad. \u201cPor lo tanto, yo quiero y espero que todos seamos part\u00edcipes de transmitir estas actividades y la importancia que tiene para el desarrollo de nuestra localidad. Tenemos que trabajar en conjunto, continuar lo que est\u00e1 quedando. Es muy importante todo lo que se ha hecho y lo que se tiene que seguir haciendo y concretando y espero que en un tiempo m\u00e1s estemos inaugurando todo lo que est\u00e1 en carpeta y todo lo que se va a venir con la participaci\u00f3n ciudadana, porque tiene que ser as\u00ed para bien de nuestra localidad\u201d, afirm\u00f3.<\/p>\n<p style=\"text-align: justify;\">La Delegada presidencial de la Provincia Capit\u00e1n Prat, Marta Montiel, coincidi\u00f3 en la importancia de proyectar la mirada de desarrollo de la Caleta desde sus mismos habitantes y no desde un escitorio \u201cHoy la invitaci\u00f3n es a que ustedes como vecinas y vecinos sean parte de lo que es la planificaci\u00f3n. C\u00f3mo sue\u00f1an a Tortel, c\u00f3mo lo quieren presentar y seguir presentando a quienes vienen de paseo? Porque la econom\u00eda local ac\u00e1 tiene su base y su sustento tambi\u00e9n en la actividad econ\u00f3mica y en los visitantes. Esa es la invitaci\u00f3n que hace el programa, donde confluyen varias acciones que desde el territorio tienen que ser puestas en valor. Y eso ya no es responsabilidad solo del Ministerio o de la municipalidad. Hoy d\u00eda es responsabilidad tambi\u00e9n de todos sus actores\u201d, precis\u00f3.<\/p>\n<p style=\"text-align: justify;\">Finalmente, la Jefa del Departamento de Obras Urbanas de la Divisi\u00f3n de Desarrollo Urbano del Minvu, Paulina Rojas, reiter\u00f3 la necesidad de que las organizaciones funcionales y territoriales puedan participar y se puedan involucrar. \u201cTodas las opiniones son importantes y desde ese punto de vista, invitarlos a que este proceso sea lo m\u00e1s participativo posible, porque eso nos va a permitir luego tener un buen desarrollo del plan, del programa. Esa es la gran importancia de este programa en localidades como Caleta Tortel y en general en las localidades adonde nos cuesta llegar un poco m\u00e1s como Estado\u201d, consign\u00f3.<\/p>\n<p style=\"text-align: justify;\">Entre los pr\u00f3ximos pasos dentro de la implementaci\u00f3n del programa para Peque\u00f1as Localidades destaca la realizaci\u00f3n de reuniones de diagn\u00f3stico y la definici\u00f3n y ejecuci\u00f3n de la primera obra definida por los vecinos, la que marcar\u00e1 el inicio de las intervenciones que se espera lograr en los pr\u00f3ximos a\u00f1os para beneficio de los habitantes de Caleta Tortel.<\/p>\n<\/div><\/section><\/div><div  style='height:50px' class='hr hr-invisible   avia-builder-el-6  el_after_av_one_full  el_before_av_social_share '><span class='hr-inner ' ><span class='hr-inner-style'><\/span><\/span><\/div><\/p>\n<div  class='av-social-sharing-box  avia-builder-el-7  el_after_av_hr  el_before_av_hr  '><div class='av-share-box'><h5 class='av-share-link-description av-no-toc '>Compartir esta noticia<\/h5><ul class='av-share-box-list noLightbox'><li class='av-share-link av-social-link-facebook' ><a target=\"_blank\" aria-label=\"Compartir en Facebook\" href='https:\/\/www.facebook.com\/sharer.php?u=https:\/\/radiorevelacionfm.cl\/?p=48719&#038;t=Comenz%C3%B3%20fase%20de%20aplicaci%C3%B3n%20del%20programa%20para%20Peque%C3%B1as%20Localidades%20en%20Caleta%20Tortel' aria-hidden='false' data-av_icon='\ue8f3' data-av_iconfont='entypo-fontello' title='' data-avia-related-tooltip='Compartir en Facebook' rel=\"noopener\"><span class='avia_hidden_link_text'>Compartir en Facebook<\/span><\/a><\/li><li class='av-share-link av-social-link-twitter' ><a target=\"_blank\" aria-label=\"Compartir en Twitter\" href='https:\/\/twitter.com\/share?text=Comenz%C3%B3%20fase%20de%20aplicaci%C3%B3n%20del%20programa%20para%20Peque%C3%B1as%20Localidades%20en%20Caleta%20Tortel&#038;url=https:\/\/radiorevelacionfm.cl\/?p=48719' aria-hidden='false' data-av_icon='\ue8f1' data-av_iconfont='entypo-fontello' title='' data-avia-related-tooltip='Compartir en Twitter' rel=\"noopener\"><span class='avia_hidden_link_text'>Compartir en Twitter<\/span><\/a><\/li><li class='av-share-link av-social-link-whatsapp' ><a target=\"_blank\" aria-label=\"Compartir en Whatsapp\" href='https:\/\/api.whatsapp.com\/send?text=https:\/\/radiorevelacionfm.cl\/?p=48719' aria-hidden='false' data-av_icon='\uf232' data-av_iconfont='entypo-fontello' title='' data-avia-related-tooltip='Compartir en Whatsapp' rel=\"noopener\"><span class='avia_hidden_link_text'>Compartir en Whatsapp<\/span><\/a><\/li><li class='av-share-link av-social-link-linkedin' ><a target=\"_blank\" aria-label=\"Compartir en LinkedIn\" href='https:\/\/linkedin.com\/shareArticle?mini=true&#038;title=Comenz%C3%B3%20fase%20de%20aplicaci%C3%B3n%20del%20programa%20para%20Peque%C3%B1as%20Localidades%20en%20Caleta%20Tortel&#038;url=https:\/\/radiorevelacionfm.cl\/?p=48719' aria-hidden='false' data-av_icon='\ue8fc' data-av_iconfont='entypo-fontello' title='' data-avia-related-tooltip='Compartir en LinkedIn' rel=\"noopener\"><span class='avia_hidden_link_text'>Compartir en LinkedIn<\/span><\/a><\/li><li class='av-share-link av-social-link-mail' ><a  aria-label=\"Compartir por correo\" href='mailto:?subject=Comenz%C3%B3%20fase%20de%20aplicaci%C3%B3n%20del%20programa%20para%20Peque%C3%B1as%20Localidades%20en%20Caleta%20Tortel&#038;body=https:\/\/radiorevelacionfm.cl\/?p=48719' aria-hidden='false' data-av_icon='\ue805' data-av_iconfont='entypo-fontello' title='' data-avia-related-tooltip='Compartir por correo'><span class='avia_hidden_link_text'>Compartir por correo<\/span><\/a><\/li><\/ul><\/div><\/div>\n<div  style='height:50px' class='hr hr-invisible   avia-builder-el-8  el_after_av_social_share  el_before_av_comments_list '><span class='hr-inner ' ><span class='hr-inner-style'><\/span><\/span><\/div>\n<div  class='av-buildercomment  av-blog-meta-html-info-disabled av-blog-meta-tag-disabled  '><\/div>\n","protected":false},"excerpt":{"rendered":"","protected":false},"author":1,"featured_media":48720,"comment_status":"open","ping_status":"open","sticky":false,"template":"","format":"standard","meta":{"footnotes":""},"categories":[57],"tags":[],"class_list":["post-48719","post","type-post","status-publish","format-standard","has-post-thumbnail","hentry","category-vivienda"],"jetpack_featured_media_url":"https:\/\/radiorevelacionfm.cl\/wp-content\/uploads\/2024\/12\/acto-inicio-aplicacion-del-programa-pequenas-localidades-en-caleta-tortel-1_optimized-1.jpg","_links":{"self":[{"href":"https:\/\/radiorevelacionfm.cl\/index.php?rest_route=\/wp\/v2\/posts\/48719","targetHints":{"allow":["GET"]}}],"collection":[{"href":"https:\/\/radiorevelacionfm.cl\/index.php?rest_route=\/wp\/v2\/posts"}],"about":[{"href":"https:\/\/radiorevelacionfm.cl\/index.php?rest_route=\/wp\/v2\/types\/post"}],"author":[{"embeddable":true,"href":"https:\/\/radiorevelacionfm.cl\/index.php?rest_route=\/wp\/v2\/users\/1"}],"replies":[{"embeddable":true,"href":"https:\/\/radiorevelacionfm.cl\/index.php?rest_route=%2Fwp%2Fv2%2Fcomments&post=48719"}],"version-history":[{"count":1,"href":"https:\/\/radiorevelacionfm.cl\/index.php?rest_route=\/wp\/v2\/posts\/48719\/revisions"}],"predecessor-version":[{"id":48721,"href":"https:\/\/radiorevelacionfm.cl\/index.php?rest_route=\/wp\/v2\/posts\/48719\/revisions\/48721"}],"wp:featuredmedia":[{"embeddable":true,"href":"https:\/\/radiorevelacionfm.cl\/index.php?rest_route=\/wp\/v2\/media\/48720"}],"wp:attachment":[{"href":"https:\/\/radiorevelacionfm.cl\/index.php?rest_route=%2Fwp%2Fv2%2Fmedia&parent=48719"}],"wp:term":[{"taxonomy":"category","embeddable":true,"href":"https:\/\/radiorevelacionfm.cl\/index.php?rest_route=%2Fwp%2Fv2%2Fcategories&post=48719"},{"taxonomy":"post_tag","embeddable":true,"href":"https:\/\/radiorevelacionfm.cl\/index.php?rest_route=%2Fwp%2Fv2%2Ftags&post=48719"}],"curies":[{"name":"wp","href":"https:\/\/api.w.org\/{rel}","templated":true}]}}