{"id":48713,"date":"2024-12-10T09:57:15","date_gmt":"2024-12-10T12:57:15","guid":{"rendered":"https:\/\/radiorevelacionfm.cl\/?p=48713"},"modified":"2024-12-10T09:57:15","modified_gmt":"2024-12-10T12:57:15","slug":"junaeb-inicio-proceso-de-postulacion-a-becas-2025","status":"publish","type":"post","link":"https:\/\/radiorevelacionfm.cl\/?p=48713","title":{"rendered":"JUNAEB inici\u00f3 proceso de Postulaci\u00f3n a Becas 2025"},"content":{"rendered":"<div class=\"flex_column av_one_full  flex_column_div av-zero-column-padding first  avia-builder-el-0  el_before_av_one_full  avia-builder-el-first  \" style='border-radius:0px; '><div  class='avia-image-container  av-styling-    avia-builder-el-1  avia-builder-el-no-sibling  avia-align-center '  itemprop=\"image\" itemscope=\"itemscope\" itemtype=\"https:\/\/schema.org\/ImageObject\"  ><div class='avia-image-container-inner'><div class='avia-image-overlay-wrap'><img decoding=\"async\" class='wp-image-48715 avia-img-lazy-loading-not-48715 avia_image' src=\"https:\/\/radiorevelacionfm.cl\/wp-content\/uploads\/2024\/12\/Juaneb-Becas-2025-1-1-1.jpeg\" alt='' title='Juaneb Becas 2025 (1) (1) (1)' height=\"600\" width=\"900\"  itemprop=\"thumbnailUrl\" srcset=\"https:\/\/radiorevelacionfm.cl\/wp-content\/uploads\/2024\/12\/Juaneb-Becas-2025-1-1-1.jpeg 900w, https:\/\/radiorevelacionfm.cl\/wp-content\/uploads\/2024\/12\/Juaneb-Becas-2025-1-1-1-300x200.jpeg 300w, https:\/\/radiorevelacionfm.cl\/wp-content\/uploads\/2024\/12\/Juaneb-Becas-2025-1-1-1-768x512.jpeg 768w, https:\/\/radiorevelacionfm.cl\/wp-content\/uploads\/2024\/12\/Juaneb-Becas-2025-1-1-1-705x470.jpeg 705w, https:\/\/radiorevelacionfm.cl\/wp-content\/uploads\/2024\/12\/Juaneb-Becas-2025-1-1-1-450x300.jpeg 450w, https:\/\/radiorevelacionfm.cl\/wp-content\/uploads\/2024\/12\/Juaneb-Becas-2025-1-1-1-600x400.jpeg 600w\" sizes=\"(max-width: 900px) 100vw, 900px\" \/><\/div><\/div><\/div><\/div><div class=\"flex_column av_one_full  flex_column_div av-zero-column-padding first  avia-builder-el-2  el_after_av_one_full  el_before_av_one_full  column-top-margin\" style='border-radius:0px; '><section class=\"av_textblock_section \"  itemscope=\"itemscope\" itemtype=\"https:\/\/schema.org\/BlogPosting\" itemprop=\"blogPost\" ><div class='avia_textblock  '   itemprop=\"text\" ><p style=\"text-align: center;\"><strong><span style=\"font-size: 18pt;\">JUNAEB inici\u00f3 proceso de Postulaci\u00f3n a Becas 2025<\/span><\/strong><\/p>\n<div id=\"gtx-trans\" style=\"position: absolute; left: -50px; top: 4.31534px;\">\n<div class=\"gtx-trans-icon\"><\/div>\n<\/div>\n<\/div><\/section><\/div><div class=\"flex_column av_one_full  flex_column_div av-zero-column-padding first  avia-builder-el-4  el_after_av_one_full  el_before_av_hr  column-top-margin\" style='border-radius:0px; '><section class=\"av_textblock_section \"  itemscope=\"itemscope\" itemtype=\"https:\/\/schema.org\/BlogPosting\" itemprop=\"blogPost\" ><div class='avia_textblock  '   itemprop=\"text\" ><p class=\"v1MsoNormal\" style=\"text-align: justify;\" align=\"center\"><i>Desde el 5 de diciembre y hasta el 31 de enero de 2025, estar\u00e1 disponible el nuevo Portal Unificado de Becas para postular a los distintos beneficios de JUNAEB.<\/i><i><\/i><\/p>\n<p class=\"v1MsoNormal\" style=\"text-align: justify;\">En una actividad organizada en conjunto con la Universidad de Ays\u00e9n, el reciente viernes 06 de Diciembre, se inform\u00f3 sobre del inicio del proceso de postulaciones a becas 2025. La principal novedad de este a\u00f1o, es la puesta en marcha de un nuevo portal, que por primera vez unifica las postulaciones a los distintos programas en una misma plataforma, que facilita la navegaci\u00f3n y el acceso a informaci\u00f3n clave sobre becas y residencias, con la posibilidad de realizar y monitorear las solicitudes desde una plataforma \u00fanica y amigable, optimizando los tiempos de espera y simplificando el proceso.<\/p>\n<p class=\"v1MsoNormal\" style=\"text-align: justify;\">El Director Regional de JUNAEB, Manuel Vivar, indic\u00f3 : \u201c Con este hito de inicio y el lanzamiento del nuevo portal, buscamos que ning\u00fan estudiante quede fuera de un beneficio por desconocimiento o dificultades del proceso. Estamos consciente del impacto de nuestros beneficios para apoyar la trayectoria educativa de nuestros estudiantes, particularmente de quienes viven en zonas alejadas, as\u00ed que invitamos a informarse y postular con calma, pero sin dejar a \u00faltima hora\u201d.<\/p>\n<p class=\"v1MsoNormal\" style=\"text-align: justify;\">En la regi\u00f3n de Ays\u00e9n se espera para el 2025 tener un nivel se asignaci\u00f3n de beneficios que permita becar a m\u00e1s de 8500 estudiantes de la regi\u00f3n de Ays\u00e9n en sus distintos niveles. En particular para educaci\u00f3n superior, se espera becar a m\u00e1s 4.500 estudiantes, donde es fundamental la cobertura que tienen las becas regionales: Beca Ays\u00e9n para estudiantes que estudian en la regi\u00f3n y Beca Patagonia para quienes contin\u00faan estudios fuera de la regi\u00f3n.<\/p>\n<p class=\"v1MsoNormal\" style=\"text-align: justify;\">En este contexto, Juan Pablo Prieto, Administrador Provisional de la Universidad de Ays\u00e9n, hizo un llamado a la postulaci\u00f3n de estos beneficios \u201c Al ser una Universidad Estatal y adscrita a la gratuidad, podemos acceder a una serie de beneficios y en particular m\u00e1s del 70% de nuestros estudiantes tienen alg\u00fan beneficio de Junaeb. En este sentido estamos contentos por el trabajo conjunto que desarrollamos y hacemos un llamado a nuestros estudiantes o a quienes quieran estudiar con nosotros, puedan postular a las becas y aprovechar las oportunidades que se entregan en esta regi\u00f3n para continuar con estudios de educaci\u00f3n superior\u201d.<\/p>\n<p class=\"v1MsoNormal\" style=\"text-align: justify;\">El proceso de postulaci\u00f3n es totalmente en l\u00ednea, a trav\u00e9s de la p\u00e1gina\u00a0<a href=\"http:\/\/www.junaeb.cl\/\" target=\"_blank\" rel=\"noopener noreferrer\">www.junaeb.cl<\/a>\u00a0, desde donde se accede al nuevo portal. Una vez que los postulantes ingresan, deben ingresar su RUT y proporcionar una direcci\u00f3n de correo electr\u00f3nico activa, a ese correo les llegar\u00e1 una contrase\u00f1a provisoria que les permitir\u00e1 acceder al sistema y completar su proceso de postulaci\u00f3n, reforzando lo importante de asegurarse de tener el comprobante de postulaci\u00f3n final. Recordar que este proceso de postulaci\u00f3n lo deben realizar tanto postulantes nuevos como renovantes de alg\u00fan beneficio.<\/p>\n<\/div><\/section><\/div><div  style='height:50px' class='hr hr-invisible   avia-builder-el-6  el_after_av_one_full  el_before_av_social_share '><span class='hr-inner ' ><span class='hr-inner-style'><\/span><\/span><\/div><\/p>\n<div  class='av-social-sharing-box  avia-builder-el-7  el_after_av_hr  el_before_av_hr  '><div class='av-share-box'><h5 class='av-share-link-description av-no-toc '>Compartir esta noticia<\/h5><ul class='av-share-box-list noLightbox'><li class='av-share-link av-social-link-facebook' ><a target=\"_blank\" aria-label=\"Compartir en Facebook\" href='https:\/\/www.facebook.com\/sharer.php?u=https:\/\/radiorevelacionfm.cl\/?p=48713&#038;t=JUNAEB%20inici%C3%B3%20proceso%20de%20Postulaci%C3%B3n%20a%20Becas%202025' aria-hidden='false' data-av_icon='\ue8f3' data-av_iconfont='entypo-fontello' title='' data-avia-related-tooltip='Compartir en Facebook' rel=\"noopener\"><span class='avia_hidden_link_text'>Compartir en Facebook<\/span><\/a><\/li><li class='av-share-link av-social-link-twitter' ><a target=\"_blank\" aria-label=\"Compartir en Twitter\" href='https:\/\/twitter.com\/share?text=JUNAEB%20inici%C3%B3%20proceso%20de%20Postulaci%C3%B3n%20a%20Becas%202025&#038;url=https:\/\/radiorevelacionfm.cl\/?p=48713' aria-hidden='false' data-av_icon='\ue8f1' data-av_iconfont='entypo-fontello' title='' data-avia-related-tooltip='Compartir en Twitter' rel=\"noopener\"><span class='avia_hidden_link_text'>Compartir en Twitter<\/span><\/a><\/li><li class='av-share-link av-social-link-whatsapp' ><a target=\"_blank\" aria-label=\"Compartir en Whatsapp\" href='https:\/\/api.whatsapp.com\/send?text=https:\/\/radiorevelacionfm.cl\/?p=48713' aria-hidden='false' data-av_icon='\uf232' data-av_iconfont='entypo-fontello' title='' data-avia-related-tooltip='Compartir en Whatsapp' rel=\"noopener\"><span class='avia_hidden_link_text'>Compartir en Whatsapp<\/span><\/a><\/li><li class='av-share-link av-social-link-linkedin' ><a target=\"_blank\" aria-label=\"Compartir en LinkedIn\" href='https:\/\/linkedin.com\/shareArticle?mini=true&#038;title=JUNAEB%20inici%C3%B3%20proceso%20de%20Postulaci%C3%B3n%20a%20Becas%202025&#038;url=https:\/\/radiorevelacionfm.cl\/?p=48713' aria-hidden='false' data-av_icon='\ue8fc' data-av_iconfont='entypo-fontello' title='' data-avia-related-tooltip='Compartir en LinkedIn' rel=\"noopener\"><span class='avia_hidden_link_text'>Compartir en LinkedIn<\/span><\/a><\/li><li class='av-share-link av-social-link-mail' ><a  aria-label=\"Compartir por correo\" href='mailto:?subject=JUNAEB%20inici%C3%B3%20proceso%20de%20Postulaci%C3%B3n%20a%20Becas%202025&#038;body=https:\/\/radiorevelacionfm.cl\/?p=48713' aria-hidden='false' data-av_icon='\ue805' data-av_iconfont='entypo-fontello' title='' data-avia-related-tooltip='Compartir por correo'><span class='avia_hidden_link_text'>Compartir por correo<\/span><\/a><\/li><\/ul><\/div><\/div>\n<div  style='height:50px' class='hr hr-invisible   avia-builder-el-8  el_after_av_social_share  el_before_av_comments_list '><span class='hr-inner ' ><span class='hr-inner-style'><\/span><\/span><\/div>\n<div  class='av-buildercomment  av-blog-meta-html-info-disabled av-blog-meta-tag-disabled  '><\/div>\n","protected":false},"excerpt":{"rendered":"","protected":false},"author":1,"featured_media":48715,"comment_status":"open","ping_status":"open","sticky":false,"template":"","format":"standard","meta":{"footnotes":""},"categories":[49],"tags":[],"class_list":["post-48713","post","type-post","status-publish","format-standard","has-post-thumbnail","hentry","category-educacion"],"jetpack_featured_media_url":"https:\/\/radiorevelacionfm.cl\/wp-content\/uploads\/2024\/12\/Juaneb-Becas-2025-1-1-1.jpeg","_links":{"self":[{"href":"https:\/\/radiorevelacionfm.cl\/index.php?rest_route=\/wp\/v2\/posts\/48713","targetHints":{"allow":["GET"]}}],"collection":[{"href":"https:\/\/radiorevelacionfm.cl\/index.php?rest_route=\/wp\/v2\/posts"}],"about":[{"href":"https:\/\/radiorevelacionfm.cl\/index.php?rest_route=\/wp\/v2\/types\/post"}],"author":[{"embeddable":true,"href":"https:\/\/radiorevelacionfm.cl\/index.php?rest_route=\/wp\/v2\/users\/1"}],"replies":[{"embeddable":true,"href":"https:\/\/radiorevelacionfm.cl\/index.php?rest_route=%2Fwp%2Fv2%2Fcomments&post=48713"}],"version-history":[{"count":1,"href":"https:\/\/radiorevelacionfm.cl\/index.php?rest_route=\/wp\/v2\/posts\/48713\/revisions"}],"predecessor-version":[{"id":48716,"href":"https:\/\/radiorevelacionfm.cl\/index.php?rest_route=\/wp\/v2\/posts\/48713\/revisions\/48716"}],"wp:featuredmedia":[{"embeddable":true,"href":"https:\/\/radiorevelacionfm.cl\/index.php?rest_route=\/wp\/v2\/media\/48715"}],"wp:attachment":[{"href":"https:\/\/radiorevelacionfm.cl\/index.php?rest_route=%2Fwp%2Fv2%2Fmedia&parent=48713"}],"wp:term":[{"taxonomy":"category","embeddable":true,"href":"https:\/\/radiorevelacionfm.cl\/index.php?rest_route=%2Fwp%2Fv2%2Fcategories&post=48713"},{"taxonomy":"post_tag","embeddable":true,"href":"https:\/\/radiorevelacionfm.cl\/index.php?rest_route=%2Fwp%2Fv2%2Ftags&post=48713"}],"curies":[{"name":"wp","href":"https:\/\/api.w.org\/{rel}","templated":true}]}}