{"id":48707,"date":"2024-12-17T12:10:58","date_gmt":"2024-12-17T15:10:58","guid":{"rendered":"https:\/\/radiorevelacionfm.cl\/?p=48707"},"modified":"2024-12-17T12:19:12","modified_gmt":"2024-12-17T15:19:12","slug":"conoce-las-nuevas-oportunidades-de-negocio-en-mercado-publico-para-las-empresas-de-menor-tamano","status":"publish","type":"post","link":"https:\/\/radiorevelacionfm.cl\/?p=48707","title":{"rendered":"Conoce las nuevas oportunidades de negocio en Mercado P\u00fablico para las Empresas de Menor Tama\u00f1o"},"content":{"rendered":"<div class=\"flex_column av_one_full  flex_column_div av-zero-column-padding first  avia-builder-el-0  el_before_av_one_full  avia-builder-el-first  \" style='border-radius:0px; '><div  class='avia-image-container  av-styling-    avia-builder-el-1  avia-builder-el-no-sibling  avia-align-center '  itemprop=\"image\" itemscope=\"itemscope\" itemtype=\"https:\/\/schema.org\/ImageObject\"  ><div class='avia-image-container-inner'><div class='avia-image-overlay-wrap'><img decoding=\"async\" class='wp-image-48708 avia-img-lazy-loading-not-48708 avia_image' src=\"https:\/\/radiorevelacionfm.cl\/wp-content\/uploads\/2024\/12\/ley-compras-publicas-1_optimized.jpg\" alt='' title='ley-compras-publicas-(1)_optimized' height=\"600\" width=\"1007\"  itemprop=\"thumbnailUrl\" srcset=\"https:\/\/radiorevelacionfm.cl\/wp-content\/uploads\/2024\/12\/ley-compras-publicas-1_optimized.jpg 1007w, https:\/\/radiorevelacionfm.cl\/wp-content\/uploads\/2024\/12\/ley-compras-publicas-1_optimized-300x179.jpg 300w, https:\/\/radiorevelacionfm.cl\/wp-content\/uploads\/2024\/12\/ley-compras-publicas-1_optimized-768x458.jpg 768w, https:\/\/radiorevelacionfm.cl\/wp-content\/uploads\/2024\/12\/ley-compras-publicas-1_optimized-705x420.jpg 705w, https:\/\/radiorevelacionfm.cl\/wp-content\/uploads\/2024\/12\/ley-compras-publicas-1_optimized-450x268.jpg 450w, https:\/\/radiorevelacionfm.cl\/wp-content\/uploads\/2024\/12\/ley-compras-publicas-1_optimized-600x357.jpg 600w\" sizes=\"(max-width: 1007px) 100vw, 1007px\" \/><\/div><\/div><\/div><\/div>\n<div class=\"flex_column av_one_full  flex_column_div av-zero-column-padding first  avia-builder-el-2  el_after_av_one_full  el_before_av_one_full  column-top-margin\" style='border-radius:0px; '><section class=\"av_textblock_section \"  itemscope=\"itemscope\" itemtype=\"https:\/\/schema.org\/BlogPosting\" itemprop=\"blogPost\" ><div class='avia_textblock  '   itemprop=\"text\" ><p style=\"text-align: center;\"><strong><span style=\"font-size: 18pt;\">Conoce las nuevas oportunidades de negocio en Mercado P\u00fablico para las Empresas de Menor Tama\u00f1o<\/span><\/strong><\/p>\n<div id=\"gtx-trans\" style=\"position: absolute; left: -50px; top: 4.31534px;\">\n<div class=\"gtx-trans-icon\"><\/div>\n<\/div>\n<\/div><\/section><\/div>\n<div class=\"flex_column av_one_full  flex_column_div av-zero-column-padding first  avia-builder-el-4  el_after_av_one_full  el_before_av_hr  column-top-margin\" style='border-radius:0px; '><section class=\"av_textblock_section \"  itemscope=\"itemscope\" itemtype=\"https:\/\/schema.org\/BlogPosting\" itemprop=\"blogPost\" ><div class='avia_textblock  '   itemprop=\"text\" ><p style=\"text-align: justify;\">Entre los cambios que comenzaron a implementarse el 12 de diciembre como parte de la ley que moderniza las compras p\u00fablicas, se destaca el aumento de la Compra \u00c1gil en www.mercadopublico.cl a 100 UTM y su priorizaci\u00f3n hacia las peque\u00f1as empresas lo que aumentar\u00e1 sus ventas al Estado.<\/p>\n<p style=\"text-align: justify;\">Actualmente el 97% de los proveedores que participan en las compras p\u00fablicas a trav\u00e9s de www.mercadopublico.cl son Empresas de Menor Tama\u00f1o (EMT), micro peque\u00f1as y medianas empresas de todas las localidades del pa\u00eds, quienes venden sus bienes y servicios a todas las entidades del Estado, desde servicios p\u00fablicos, a ministerios, serem\u00edas, gobernaciones, municipalidades, universidades y Fuerzas Armadas y del Orden.<\/p>\n<p style=\"text-align: justify;\">Con la entrada en vigencia de las modificaciones a la Ley de Compras P\u00fablicas que se implementaron desde el 12 de diciembre en Mercado P\u00fablico, habr\u00e1 un aumento de los beneficios y oportunidades de negocio, especialmente para proveedores locales y Empresas de Menor Tama\u00f1o, como:<\/p>\n<ul style=\"text-align: justify;\">\n<li>Compra \u00c1gil ampl\u00eda su monto de venta de 30 hasta las 100 UTM, esto es, m\u00e1s de 6.7 millones de pesos, y con prioridad para Empresas de Menor Tama\u00f1o (EMT).<\/li>\n<li>Criterios de priorizaci\u00f3n hacia la compra regional, a trav\u00e9s de la introducci\u00f3n de la definici\u00f3n de \u201cproveedor local\u201d.<\/li>\n<li>Menores garant\u00edas que tendr\u00e1n que solicitar las entidades en los procesos de compra.<\/li>\n<li>Criterios inclusivos en las licitaciones de Convenio Marco.<\/li>\n<li>Uni\u00f3n Temporal s\u00f3lo para Empresas de Menor Tama\u00f1o, con el fin de que puedan participar en licitaciones de mayor cuant\u00eda.<\/li>\n<\/ul>\n<p style=\"text-align: justify;\">Gracias a la nueva Compra \u00c1gil a partir del 12 de diciembre, las micro, peque\u00f1as y medianas empresas tendr\u00e1n m\u00e1s oportunidades de negocio, pudiendo vender sus bienes y servicios de forma f\u00e1cil y r\u00e1pida por hasta 6,7 millones de pesos aproximadamente. Asimismo, en una primera instancia s\u00f3lo este segmento podr\u00e1 participar en la Compra \u00c1gil. Si luego de ese primer llamado las ofertas no resultan convenientes para la entidad, ah\u00ed reci\u00e9n se puede abrir dicho proceso invitando a todas las empresas del mercado, sin importar su tama\u00f1o.<\/p>\n<p style=\"text-align: justify;\">El Seremi de Gobierno (s) Tom\u00e1s Laibe destac\u00f3 que todos los proveedores de la regi\u00f3n de Ays\u00e9n est\u00e1n invitados a participar en Mercado P\u00fablico para ofrecer sus productos y servicios; <em>\u201cMercado P\u00fablico abre un mundo de oportunidades para aquellos proveedores que buscan hacer crecer sus negocios, especialmente para las MiPymes. Esta ley refleja el compromiso del gobierno con la transformaci\u00f3n digital y la agenda de modernizaci\u00f3n del Estado, facilitando el acceso inclusivo y eficiente a las compras p\u00fablicas\u00bb.<\/em><\/p>\n<p style=\"text-align: justify;\">Por su parte, el Seremi de Econom\u00eda; Felipe Rojas Pizarro, destac\u00f3 el impulso que esta ley generar\u00e1 a la dinamizaci\u00f3n econ\u00f3mica en los diversos territorios; \u201cPara nuestro Gobierno y en especial desde el Ministerio de Econom\u00eda, hemos realizado un intenso trabajo para robustecer la reactivaci\u00f3n econ\u00f3mica en el contexto actual. Esta ley es otra de las instancias que como Gobierno proponemos; abrir el abanico para que m\u00e1s empresas de menor tama\u00f1o puedan convertirse en proveedoras del Estado, aumentando sus ganancias y abriendo nuevos mercados\u201d.<\/p>\n<p style=\"text-align: justify;\">Debemos considerar que durante el 2023 se transaron $203.297 millones a trav\u00e9s de www.mercadopublico.cl en la Regi\u00f3n de Ays\u00e9n, con 44.658 \u00f3rdenes de compra emitidas por los diferentes organismos p\u00fablicos. Las transacciones de Ays\u00e9n implican un aumento de 7,1% respecto del mismo periodo anterior, pasando de 41.712 en 2022 a 44.658 en 2023. De ese total, las Empresas de Menor Tama\u00f1o se adjudicaron $122.371 millones en la regi\u00f3n, es decir, un 60,2% del monto total.<\/p>\n<p style=\"text-align: justify;\">A su vez, esta ley tambi\u00e9n viene con nuevas responsabilidades para las proveedoras y proveedores, ya que todos deber\u00e1n estar inscritos en el Registro de Proveedores de Mercado P\u00fablico \u00a0y encontrarse en estado h\u00e1bil para enviar ofertas, cotizaciones y\/o recibir \u00f3rdenes de compra en\u00a0<a href=\"https:\/\/www.mercadopublico.cl.\/\">www.mercadopublico.cl<\/a>, esto es que no tengan deudas previsionales o tributarias, no hayan sido condenados por pr\u00e1cticas antisindicales, delitos de cohecho o lavado de activos, entre otros.<\/p>\n<p style=\"text-align: justify;\">El proceso es simple y debe efectuarse definiendo los rubros que permitir\u00e1n acceder a las oportunidades de negocio que publican los compradores p\u00fablicos. El Registro tiene tarifas diferenciadas seg\u00fan el tama\u00f1o de empresas. Para la microempresa es de 10.532 pesos al semestre. Con ello, las empresas pueden ofertar en los m\u00e1s de 6.000 procesos de compra que publican d\u00eda a d\u00eda las entidades p\u00fablicas. Son oportunidades que van desde art\u00edculos de escritorio hasta veh\u00edculos o alimentos.<\/p>\n<\/div><\/section><\/div><div  style='height:50px' class='hr hr-invisible   avia-builder-el-6  el_after_av_one_full  el_before_av_social_share '><span class='hr-inner ' ><span class='hr-inner-style'><\/span><\/span><\/div><\/p>\n<div  class='av-social-sharing-box  avia-builder-el-7  el_after_av_hr  el_before_av_hr  '><div class='av-share-box'><h5 class='av-share-link-description av-no-toc '>Compartir esta noticia<\/h5><ul class='av-share-box-list noLightbox'><li class='av-share-link av-social-link-facebook' ><a target=\"_blank\" aria-label=\"Compartir en Facebook\" href='https:\/\/www.facebook.com\/sharer.php?u=https:\/\/radiorevelacionfm.cl\/?p=48707&#038;t=Conoce%20las%20nuevas%20oportunidades%20de%20negocio%20en%20Mercado%20P%C3%BAblico%20para%20las%20Empresas%20de%20Menor%20Tama%C3%B1o' aria-hidden='false' data-av_icon='\ue8f3' data-av_iconfont='entypo-fontello' title='' data-avia-related-tooltip='Compartir en Facebook' rel=\"noopener\"><span class='avia_hidden_link_text'>Compartir en Facebook<\/span><\/a><\/li><li class='av-share-link av-social-link-twitter' ><a target=\"_blank\" aria-label=\"Compartir en Twitter\" href='https:\/\/twitter.com\/share?text=Conoce%20las%20nuevas%20oportunidades%20de%20negocio%20en%20Mercado%20P%C3%BAblico%20para%20las%20Empresas%20de%20Menor%20Tama%C3%B1o&#038;url=https:\/\/radiorevelacionfm.cl\/?p=48707' aria-hidden='false' data-av_icon='\ue8f1' data-av_iconfont='entypo-fontello' title='' data-avia-related-tooltip='Compartir en Twitter' rel=\"noopener\"><span class='avia_hidden_link_text'>Compartir en Twitter<\/span><\/a><\/li><li class='av-share-link av-social-link-whatsapp' ><a target=\"_blank\" aria-label=\"Compartir en Whatsapp\" href='https:\/\/api.whatsapp.com\/send?text=https:\/\/radiorevelacionfm.cl\/?p=48707' aria-hidden='false' data-av_icon='\uf232' data-av_iconfont='entypo-fontello' title='' data-avia-related-tooltip='Compartir en Whatsapp' rel=\"noopener\"><span class='avia_hidden_link_text'>Compartir en Whatsapp<\/span><\/a><\/li><li class='av-share-link av-social-link-linkedin' ><a target=\"_blank\" aria-label=\"Compartir en LinkedIn\" href='https:\/\/linkedin.com\/shareArticle?mini=true&#038;title=Conoce%20las%20nuevas%20oportunidades%20de%20negocio%20en%20Mercado%20P%C3%BAblico%20para%20las%20Empresas%20de%20Menor%20Tama%C3%B1o&#038;url=https:\/\/radiorevelacionfm.cl\/?p=48707' aria-hidden='false' data-av_icon='\ue8fc' data-av_iconfont='entypo-fontello' title='' data-avia-related-tooltip='Compartir en LinkedIn' rel=\"noopener\"><span class='avia_hidden_link_text'>Compartir en LinkedIn<\/span><\/a><\/li><li class='av-share-link av-social-link-mail' ><a  aria-label=\"Compartir por correo\" href='mailto:?subject=Conoce%20las%20nuevas%20oportunidades%20de%20negocio%20en%20Mercado%20P%C3%BAblico%20para%20las%20Empresas%20de%20Menor%20Tama%C3%B1o&#038;body=https:\/\/radiorevelacionfm.cl\/?p=48707' aria-hidden='false' data-av_icon='\ue805' data-av_iconfont='entypo-fontello' title='' data-avia-related-tooltip='Compartir por correo'><span class='avia_hidden_link_text'>Compartir por correo<\/span><\/a><\/li><\/ul><\/div><\/div>\n<div  style='height:50px' class='hr hr-invisible   avia-builder-el-8  el_after_av_social_share  el_before_av_comments_list '><span class='hr-inner ' ><span class='hr-inner-style'><\/span><\/span><\/div>\n<div  class='av-buildercomment  av-blog-meta-html-info-disabled av-blog-meta-tag-disabled  '><\/div>\n","protected":false},"excerpt":{"rendered":"","protected":false},"author":1,"featured_media":48708,"comment_status":"open","ping_status":"open","sticky":false,"template":"","format":"standard","meta":{"footnotes":""},"categories":[45],"tags":[],"class_list":["post-48707","post","type-post","status-publish","format-standard","has-post-thumbnail","hentry","category-comercio"],"jetpack_featured_media_url":"https:\/\/radiorevelacionfm.cl\/wp-content\/uploads\/2024\/12\/ley-compras-publicas-1_optimized.jpg","_links":{"self":[{"href":"https:\/\/radiorevelacionfm.cl\/index.php?rest_route=\/wp\/v2\/posts\/48707","targetHints":{"allow":["GET"]}}],"collection":[{"href":"https:\/\/radiorevelacionfm.cl\/index.php?rest_route=\/wp\/v2\/posts"}],"about":[{"href":"https:\/\/radiorevelacionfm.cl\/index.php?rest_route=\/wp\/v2\/types\/post"}],"author":[{"embeddable":true,"href":"https:\/\/radiorevelacionfm.cl\/index.php?rest_route=\/wp\/v2\/users\/1"}],"replies":[{"embeddable":true,"href":"https:\/\/radiorevelacionfm.cl\/index.php?rest_route=%2Fwp%2Fv2%2Fcomments&post=48707"}],"version-history":[{"count":2,"href":"https:\/\/radiorevelacionfm.cl\/index.php?rest_route=\/wp\/v2\/posts\/48707\/revisions"}],"predecessor-version":[{"id":48948,"href":"https:\/\/radiorevelacionfm.cl\/index.php?rest_route=\/wp\/v2\/posts\/48707\/revisions\/48948"}],"wp:featuredmedia":[{"embeddable":true,"href":"https:\/\/radiorevelacionfm.cl\/index.php?rest_route=\/wp\/v2\/media\/48708"}],"wp:attachment":[{"href":"https:\/\/radiorevelacionfm.cl\/index.php?rest_route=%2Fwp%2Fv2%2Fmedia&parent=48707"}],"wp:term":[{"taxonomy":"category","embeddable":true,"href":"https:\/\/radiorevelacionfm.cl\/index.php?rest_route=%2Fwp%2Fv2%2Fcategories&post=48707"},{"taxonomy":"post_tag","embeddable":true,"href":"https:\/\/radiorevelacionfm.cl\/index.php?rest_route=%2Fwp%2Fv2%2Ftags&post=48707"}],"curies":[{"name":"wp","href":"https:\/\/api.w.org\/{rel}","templated":true}]}}