{"id":48704,"date":"2024-12-09T17:54:21","date_gmt":"2024-12-09T20:54:21","guid":{"rendered":"https:\/\/radiorevelacionfm.cl\/?p=48704"},"modified":"2024-12-09T17:54:21","modified_gmt":"2024-12-09T20:54:21","slug":"artista-coyhaiquino-y-su-proyecto-mbiromental-llega-a-valparaiso-para-celebrar-los-20-anos-de-rockodromo","status":"publish","type":"post","link":"https:\/\/radiorevelacionfm.cl\/?p=48704","title":{"rendered":"Artista Coyhaiquino y su proyecto Mbiromental llega a Valpara\u00edso para celebrar los 20 a\u00f1os de Rock\u00f3dromo"},"content":{"rendered":"<div class=\"flex_column av_one_full  flex_column_div av-zero-column-padding first  avia-builder-el-0  el_before_av_one_full  avia-builder-el-first  \" style='border-radius:0px; '><div  class='avia-image-container  av-styling-    avia-builder-el-1  avia-builder-el-no-sibling  avia-align-center '  itemprop=\"image\" itemscope=\"itemscope\" itemtype=\"https:\/\/schema.org\/ImageObject\"  ><div class='avia-image-container-inner'><div class='avia-image-overlay-wrap'><img decoding=\"async\" class='wp-image-48705 avia-img-lazy-loading-not-48705 avia_image' src=\"https:\/\/radiorevelacionfm.cl\/wp-content\/uploads\/2024\/12\/jano_mbiromental3-1-1.jpg\" alt='' title='jano_mbiromental3 (1) (1)' height=\"600\" width=\"900\"  itemprop=\"thumbnailUrl\" srcset=\"https:\/\/radiorevelacionfm.cl\/wp-content\/uploads\/2024\/12\/jano_mbiromental3-1-1.jpg 900w, https:\/\/radiorevelacionfm.cl\/wp-content\/uploads\/2024\/12\/jano_mbiromental3-1-1-300x200.jpg 300w, https:\/\/radiorevelacionfm.cl\/wp-content\/uploads\/2024\/12\/jano_mbiromental3-1-1-768x512.jpg 768w, https:\/\/radiorevelacionfm.cl\/wp-content\/uploads\/2024\/12\/jano_mbiromental3-1-1-705x470.jpg 705w, https:\/\/radiorevelacionfm.cl\/wp-content\/uploads\/2024\/12\/jano_mbiromental3-1-1-450x300.jpg 450w, https:\/\/radiorevelacionfm.cl\/wp-content\/uploads\/2024\/12\/jano_mbiromental3-1-1-600x400.jpg 600w\" sizes=\"(max-width: 900px) 100vw, 900px\" \/><\/div><\/div><\/div><\/div><div class=\"flex_column av_one_full  flex_column_div av-zero-column-padding first  avia-builder-el-2  el_after_av_one_full  el_before_av_one_full  column-top-margin\" style='border-radius:0px; '><section class=\"av_textblock_section \"  itemscope=\"itemscope\" itemtype=\"https:\/\/schema.org\/BlogPosting\" itemprop=\"blogPost\" ><div class='avia_textblock  '   itemprop=\"text\" ><p style=\"text-align: center;\"><strong><span style=\"font-size: 18pt;\">Artista Coyhaiquino y su proyecto Mbiromental llega a Valpara\u00edso para celebrar los 20 a\u00f1os de Rock\u00f3dromo<\/span><\/strong><\/p>\n<div id=\"gtx-trans\" style=\"position: absolute; left: -50px; top: 4.31534px;\">\n<div class=\"gtx-trans-icon\"><\/div>\n<\/div>\n<\/div><\/section><\/div><div class=\"flex_column av_one_full  flex_column_div av-zero-column-padding first  avia-builder-el-4  el_after_av_one_full  el_before_av_hr  column-top-margin\" style='border-radius:0px; '><section class=\"av_textblock_section \"  itemscope=\"itemscope\" itemtype=\"https:\/\/schema.org\/BlogPosting\" itemprop=\"blogPost\" ><div class='avia_textblock  '   itemprop=\"text\" ><p style=\"text-align: justify;\">Los sonidos electr\u00f3nicos fusionados con ritmos y armon\u00edas tribales llegan este fin de semana al puerto principal de la mano del artista de Coyhaique, Alejandro C\u00e1rdenas, y su proyecto Mbiromental.<\/p>\n<p style=\"text-align: justify;\">Las kalimbas y los sintetizadores estar\u00e1n en la vig\u00e9sima edici\u00f3n del Festival Rock\u00f3dromo que, adem\u00e1s de sus n\u00fameros estelares, re\u00fane bandas y solistas de todas las regiones del pa\u00eds, que fueron seleccionados en los cert\u00e1menes musicales de la Red de Festivales; el Confluencia en el caso de la Regi\u00f3n de Ays\u00e9n.<\/p>\n<p style=\"text-align: justify;\">Mbiromental se presentar\u00e1 este jueves 12 de diciembre en el Teatro Municipal de Valpara\u00edso, en la llamada Carnaza de Gala, donde compartir\u00e1 escenario con Evelyn Cornejo y Manuel Garc\u00eda, entre otros.<\/p>\n<p style=\"text-align: justify;\">Para Alejandro C\u00e1rdenas, se trata de una gran oportunidad para mostrar su trabajo en \u00abEl Festival m\u00e1s largo de Chile\u00bb, organizado por las Escuelas de Rock y M\u00fasica Popular del Ministerio de las Culturas: \u201cPara m\u00ed como m\u00fasico es un honor representar a Ays\u00e9n y tratar\u00e9 de llevar un poco de nuestra identidad a esa memorable cita\u201d.<\/p>\n<p style=\"text-align: justify;\">El seremi de Culturas Ays\u00e9n, Felipe Quiroz, dijo que \u201cestamos llegando al final de un proceso que comenz\u00f3 con las instancias de formaci\u00f3n y continu\u00f3 con el Festival Confluencia, donde elegimos a Mbiromental para que represente a la regi\u00f3n en este gran festival que protagonizan las regiones del pa\u00eds\u201d.<\/p>\n<p style=\"text-align: justify;\">El Festival Rock\u00f3dromo 2024 se extender\u00e1 entre el 11 y el 15 de diciembre por diversos escenarios porte\u00f1os. Las jornadas centrales ocurrir\u00e1n los d\u00edas s\u00e1bado y domingo en la Plaza Sotomayor de Valpara\u00edso con destacados artistas como Pettinellis, La Floripondio y \u00c1lex Andwanter.<\/p>\n<\/div><\/section><\/div><div  style='height:50px' class='hr hr-invisible   avia-builder-el-6  el_after_av_one_full  el_before_av_social_share '><span class='hr-inner ' ><span class='hr-inner-style'><\/span><\/span><\/div><\/p>\n<div  class='av-social-sharing-box  avia-builder-el-7  el_after_av_hr  el_before_av_hr  '><div class='av-share-box'><h5 class='av-share-link-description av-no-toc '>Compartir esta noticia<\/h5><ul class='av-share-box-list noLightbox'><li class='av-share-link av-social-link-facebook' ><a target=\"_blank\" aria-label=\"Compartir en Facebook\" href='https:\/\/www.facebook.com\/sharer.php?u=https:\/\/radiorevelacionfm.cl\/?p=48704&#038;t=Artista%20Coyhaiquino%20y%20su%20proyecto%20Mbiromental%20llega%20a%20Valpara%C3%ADso%20para%20celebrar%20los%2020%20a%C3%B1os%20de%20Rock%C3%B3dromo' aria-hidden='false' data-av_icon='\ue8f3' data-av_iconfont='entypo-fontello' title='' data-avia-related-tooltip='Compartir en Facebook' rel=\"noopener\"><span class='avia_hidden_link_text'>Compartir en Facebook<\/span><\/a><\/li><li class='av-share-link av-social-link-twitter' ><a target=\"_blank\" aria-label=\"Compartir en Twitter\" href='https:\/\/twitter.com\/share?text=Artista%20Coyhaiquino%20y%20su%20proyecto%20Mbiromental%20llega%20a%20Valpara%C3%ADso%20para%20celebrar%20los%2020%20a%C3%B1os%20de%20Rock%C3%B3dromo&#038;url=https:\/\/radiorevelacionfm.cl\/?p=48704' aria-hidden='false' data-av_icon='\ue8f1' data-av_iconfont='entypo-fontello' title='' data-avia-related-tooltip='Compartir en Twitter' rel=\"noopener\"><span class='avia_hidden_link_text'>Compartir en Twitter<\/span><\/a><\/li><li class='av-share-link av-social-link-whatsapp' ><a target=\"_blank\" aria-label=\"Compartir en Whatsapp\" href='https:\/\/api.whatsapp.com\/send?text=https:\/\/radiorevelacionfm.cl\/?p=48704' aria-hidden='false' data-av_icon='\uf232' data-av_iconfont='entypo-fontello' title='' data-avia-related-tooltip='Compartir en Whatsapp' rel=\"noopener\"><span class='avia_hidden_link_text'>Compartir en Whatsapp<\/span><\/a><\/li><li class='av-share-link av-social-link-linkedin' ><a target=\"_blank\" aria-label=\"Compartir en LinkedIn\" href='https:\/\/linkedin.com\/shareArticle?mini=true&#038;title=Artista%20Coyhaiquino%20y%20su%20proyecto%20Mbiromental%20llega%20a%20Valpara%C3%ADso%20para%20celebrar%20los%2020%20a%C3%B1os%20de%20Rock%C3%B3dromo&#038;url=https:\/\/radiorevelacionfm.cl\/?p=48704' aria-hidden='false' data-av_icon='\ue8fc' data-av_iconfont='entypo-fontello' title='' data-avia-related-tooltip='Compartir en LinkedIn' rel=\"noopener\"><span class='avia_hidden_link_text'>Compartir en LinkedIn<\/span><\/a><\/li><li class='av-share-link av-social-link-mail' ><a  aria-label=\"Compartir por correo\" href='mailto:?subject=Artista%20Coyhaiquino%20y%20su%20proyecto%20Mbiromental%20llega%20a%20Valpara%C3%ADso%20para%20celebrar%20los%2020%20a%C3%B1os%20de%20Rock%C3%B3dromo&#038;body=https:\/\/radiorevelacionfm.cl\/?p=48704' aria-hidden='false' data-av_icon='\ue805' data-av_iconfont='entypo-fontello' title='' data-avia-related-tooltip='Compartir por correo'><span class='avia_hidden_link_text'>Compartir por correo<\/span><\/a><\/li><\/ul><\/div><\/div>\n<div  style='height:50px' class='hr hr-invisible   avia-builder-el-8  el_after_av_social_share  el_before_av_comments_list '><span class='hr-inner ' ><span class='hr-inner-style'><\/span><\/span><\/div>\n<div  class='av-buildercomment  av-blog-meta-html-info-disabled av-blog-meta-tag-disabled  '><\/div>\n","protected":false},"excerpt":{"rendered":"","protected":false},"author":1,"featured_media":48705,"comment_status":"open","ping_status":"open","sticky":false,"template":"","format":"standard","meta":{"footnotes":""},"categories":[52],"tags":[],"class_list":["post-48704","post","type-post","status-publish","format-standard","has-post-thumbnail","hentry","category-cultura"],"jetpack_featured_media_url":"https:\/\/radiorevelacionfm.cl\/wp-content\/uploads\/2024\/12\/jano_mbiromental3-1-1.jpg","_links":{"self":[{"href":"https:\/\/radiorevelacionfm.cl\/index.php?rest_route=\/wp\/v2\/posts\/48704","targetHints":{"allow":["GET"]}}],"collection":[{"href":"https:\/\/radiorevelacionfm.cl\/index.php?rest_route=\/wp\/v2\/posts"}],"about":[{"href":"https:\/\/radiorevelacionfm.cl\/index.php?rest_route=\/wp\/v2\/types\/post"}],"author":[{"embeddable":true,"href":"https:\/\/radiorevelacionfm.cl\/index.php?rest_route=\/wp\/v2\/users\/1"}],"replies":[{"embeddable":true,"href":"https:\/\/radiorevelacionfm.cl\/index.php?rest_route=%2Fwp%2Fv2%2Fcomments&post=48704"}],"version-history":[{"count":1,"href":"https:\/\/radiorevelacionfm.cl\/index.php?rest_route=\/wp\/v2\/posts\/48704\/revisions"}],"predecessor-version":[{"id":48706,"href":"https:\/\/radiorevelacionfm.cl\/index.php?rest_route=\/wp\/v2\/posts\/48704\/revisions\/48706"}],"wp:featuredmedia":[{"embeddable":true,"href":"https:\/\/radiorevelacionfm.cl\/index.php?rest_route=\/wp\/v2\/media\/48705"}],"wp:attachment":[{"href":"https:\/\/radiorevelacionfm.cl\/index.php?rest_route=%2Fwp%2Fv2%2Fmedia&parent=48704"}],"wp:term":[{"taxonomy":"category","embeddable":true,"href":"https:\/\/radiorevelacionfm.cl\/index.php?rest_route=%2Fwp%2Fv2%2Fcategories&post=48704"},{"taxonomy":"post_tag","embeddable":true,"href":"https:\/\/radiorevelacionfm.cl\/index.php?rest_route=%2Fwp%2Fv2%2Ftags&post=48704"}],"curies":[{"name":"wp","href":"https:\/\/api.w.org\/{rel}","templated":true}]}}