{"id":48702,"date":"2024-12-09T20:23:40","date_gmt":"2024-12-09T23:23:40","guid":{"rendered":"https:\/\/radiorevelacionfm.cl\/?p=48702"},"modified":"2024-12-09T20:23:40","modified_gmt":"2024-12-09T23:23:40","slug":"inauguran-innovadora-excavacion-arqueologica-y-paleontologica-interactiva","status":"publish","type":"post","link":"https:\/\/radiorevelacionfm.cl\/?p=48702","title":{"rendered":"Inauguran innovadora excavaci\u00f3n arqueol\u00f3gica y paleontol\u00f3gica interactiva"},"content":{"rendered":"<div class=\"flex_column av_one_full  flex_column_div av-zero-column-padding first  avia-builder-el-0  el_before_av_one_full  avia-builder-el-first  \" style='border-radius:0px; '><div  class='avia-image-container  av-styling-    avia-builder-el-1  avia-builder-el-no-sibling  avia-align-center '  itemprop=\"image\" itemscope=\"itemscope\" itemtype=\"https:\/\/schema.org\/ImageObject\"  ><div class='avia-image-container-inner'><div class='avia-image-overlay-wrap'><img decoding=\"async\" class='wp-image-48717 avia-img-lazy-loading-not-48717 avia_image' src=\"https:\/\/radiorevelacionfm.cl\/wp-content\/uploads\/2024\/12\/nota1-f1-1_optimized-1.jpg\" alt='' title='nota1-f1-(1)_optimized (1)' height=\"600\" width=\"1001\"  itemprop=\"thumbnailUrl\" srcset=\"https:\/\/radiorevelacionfm.cl\/wp-content\/uploads\/2024\/12\/nota1-f1-1_optimized-1.jpg 1001w, https:\/\/radiorevelacionfm.cl\/wp-content\/uploads\/2024\/12\/nota1-f1-1_optimized-1-300x180.jpg 300w, https:\/\/radiorevelacionfm.cl\/wp-content\/uploads\/2024\/12\/nota1-f1-1_optimized-1-768x460.jpg 768w, https:\/\/radiorevelacionfm.cl\/wp-content\/uploads\/2024\/12\/nota1-f1-1_optimized-1-705x423.jpg 705w, https:\/\/radiorevelacionfm.cl\/wp-content\/uploads\/2024\/12\/nota1-f1-1_optimized-1-450x270.jpg 450w, https:\/\/radiorevelacionfm.cl\/wp-content\/uploads\/2024\/12\/nota1-f1-1_optimized-1-600x360.jpg 600w\" sizes=\"(max-width: 1001px) 100vw, 1001px\" \/><\/div><\/div><\/div><\/div><div class=\"flex_column av_one_full  flex_column_div av-zero-column-padding first  avia-builder-el-2  el_after_av_one_full  el_before_av_one_full  column-top-margin\" style='border-radius:0px; '><section class=\"av_textblock_section \"  itemscope=\"itemscope\" itemtype=\"https:\/\/schema.org\/BlogPosting\" itemprop=\"blogPost\" ><div class='avia_textblock  '   itemprop=\"text\" ><p style=\"text-align: center;\"><strong><span style=\"font-size: 18pt;\">Inauguran innovadora excavaci\u00f3n arqueol\u00f3gica y paleontol\u00f3gica interactiva<\/span><\/strong><\/p>\n<div id=\"gtx-trans\" style=\"position: absolute; left: -50px; top: 4.31534px;\">\n<div class=\"gtx-trans-icon\"><\/div>\n<\/div>\n<\/div><\/section><\/div><div class=\"flex_column av_one_full  flex_column_div av-zero-column-padding first  avia-builder-el-4  el_after_av_one_full  el_before_av_hr  column-top-margin\" style='border-radius:0px; '><section class=\"av_textblock_section \"  itemscope=\"itemscope\" itemtype=\"https:\/\/schema.org\/BlogPosting\" itemprop=\"blogPost\" ><div class='avia_textblock  '   itemprop=\"text\" ><p style=\"text-align: justify;\">En un esfuerzo por acercar la ciencia a la ciudadan\u00eda y fomentar la valoraci\u00f3n del patrimonio regional, el Centro de Investigaci\u00f3n en Ecosistemas de la Patagonia (CIEP) y el Museo Regional de Ays\u00e9n han dado vida a una experiencia \u00fanica: un espacio interactivo que recrea una excavaci\u00f3n arqueol\u00f3gica y paleontol\u00f3gica. Esta nueva iniciativa promete transportar a los visitantes en un fascinante viaje al pasado, mientras exploran la riqueza hist\u00f3rica y natural de la regi\u00f3n.<\/p>\n<p style=\"text-align: justify;\"><strong>Una ventana al pasado de Ays\u00e9n<\/strong><\/p>\n<p style=\"text-align: justify;\">La regi\u00f3n de Ays\u00e9n cuenta con un valioso patrimonio en paleontolog\u00eda y arqueolog\u00eda, con hallazgos emblem\u00e1ticos como el Chilesaurio y vestigios que narran las primeras ocupaciones humanas del territorio. Inspirado por esta riqueza, el proyecto \u00abExcavemos el Pasado de Ays\u00e9n\u00bb fue desarrollado por un equipo multidisciplinario del CIEP, el Museo Regional de Ays\u00e9n y el PAR Explora Ays\u00e9n, financiado por el programa Ciencia P\u00fablica del Ministerio de Ciencia, Tecnolog\u00eda, Conocimiento e Innovaci\u00f3n.<\/p>\n<p style=\"text-align: justify;\">Catalina Espinosa, directora del proyecto y encargada del \u00e1rea de Vinculaci\u00f3n y Transferencia del CIEP, destaca: \u00abEsta iniciativa est\u00e1 pensada principalmente para las ni\u00f1eces, pero tambi\u00e9n para personas de todas las edades que disfrutan de la paleontolog\u00eda y la arqueolog\u00eda. Queremos que las y los visitantes se sumerjan en estas disciplinas de forma pr\u00e1ctica y l\u00fadica, desarrollando habilidades cient\u00edficas desde temprana edad.\u00bb<\/p>\n<p style=\"text-align: justify;\">Ciencia P\u00fablica de nuestro ministerio, es decir, acerca los conocimientos cient\u00edficos a las personas a trav\u00e9s de interacciones y experiencias significativas, y fomenta su pensamiento cr\u00edtico. Felicito al CIEP por el liderazgo en la implementaci\u00f3n de este novedoso espacio, junto al Museo Regional de Ays\u00e9n y al PAR Explora, el cual permite unir dos \u00e1reas muy interesantes de la regi\u00f3n como lo son la arqueolog\u00eda y la paleontolog\u00eda, acercando el patrimonio territorial no solo a ni\u00f1as y ni\u00f1os, si no que al p\u00fablico en general\u00bb.<\/p>\n<p style=\"text-align: justify;\"><strong>Un espacio dise\u00f1ado para la interacci\u00f3n y el aprendizaje<\/strong><\/p>\n<p style=\"text-align: justify;\">Ubicada en el \u00e1rea sur del Museo Regional de Ays\u00e9n, esta recreaci\u00f3n incluye una fosa de excavaci\u00f3n arqueol\u00f3gica y otra paleontol\u00f3gica, acompa\u00f1adas de elementos museogr\u00e1ficos que ilustran las diferentes \u00e9pocas del pasado regional, desde el per\u00edodo jur\u00e1sico hasta tiempos m\u00e1s recientes. Adem\u00e1s, cuenta con un laboratorio interactivo que permite a las y los visitantes realizar an\u00e1lisis cient\u00edficos simulados y dibujar arte rupestre en una mesa de luz.<\/p>\n<p style=\"text-align: justify;\">Daniel Gonz\u00e1lez, encargado de educaci\u00f3n del Museo y director de contenidos del proyecto, explica: \u00abEste espacio busca que las y los visitantes experimenten el trabajo de arque\u00f3logos y paleont\u00f3logos, desarrollando habilidades cient\u00edficas y explorando diferentes eras de la historia regional. Es una forma \u00fanica de conectar con el pasado mientras se aprende de manera entretenida, con un fuerte \u00e9nfasis en el m\u00e9todo cient\u00edfico y la valoraci\u00f3n del patrimonio regional.\u00bb<\/p>\n<p style=\"text-align: justify;\"><strong>Un esfuerzo colectivo para preservar la historia<\/strong><\/p>\n<p style=\"text-align: justify;\">\u00abEste tipo de proyectos colaborativos son la demostraci\u00f3n que en conjunto podemos generar m\u00e1s y mejores espacios culturales para la Regi\u00f3n\u00bb, destaca el director del Museo Regional Gustavo Saldivia.<\/p>\n<p style=\"text-align: justify;\">\u00abExcavemos el Pasado de Ays\u00e9n\u00bb es el resultado de una colaboraci\u00f3n amplia y multidisciplinaria. Dirigido por Catalina Espinosa (CIEP) y con Daniel Gonz\u00e1lez como director de contenidos (Museo Regional de Ays\u00e9n), el proyecto involucr\u00f3 a expertos como las arque\u00f3logas Amalia Nuevo y Constanza Roa (CIEP) y C\u00e9sar M\u00e9ndez (PUC), junto a profesionales del Museo y del PAR Explora Ays\u00e9n. El dise\u00f1o, construcci\u00f3n y museograf\u00eda estuvo a cargo de la empresa Trazo Sur Ays\u00e9n con la colaboraci\u00f3n del constructor Carlos Serrano.<\/p>\n<p style=\"text-align: justify;\">Este innovador espacio invita a toda la comunidad a sumergirse en la historia de Ays\u00e9n, celebrando su patrimonio y fomentando el respeto y la protecci\u00f3n de sus tesoros culturales y naturales.<\/p>\n<p style=\"text-align: justify;\">\u00a1Vis\u00edtalo y vive una experiencia inolvidable!<\/p>\n<\/div><\/section><\/div><\/p>\n<div  style='height:50px' class='hr hr-invisible   avia-builder-el-6  el_after_av_one_full  el_before_av_social_share '><span class='hr-inner ' ><span class='hr-inner-style'><\/span><\/span><\/div>\n<div  class='av-social-sharing-box  avia-builder-el-7  el_after_av_hr  el_before_av_hr  '><div class='av-share-box'><h5 class='av-share-link-description av-no-toc '>Compartir esta noticia<\/h5><ul class='av-share-box-list noLightbox'><li class='av-share-link av-social-link-facebook' ><a target=\"_blank\" aria-label=\"Compartir en Facebook\" href='https:\/\/www.facebook.com\/sharer.php?u=https:\/\/radiorevelacionfm.cl\/?p=48702&#038;t=Inauguran%20innovadora%20excavaci%C3%B3n%20arqueol%C3%B3gica%20y%20paleontol%C3%B3gica%20interactiva' aria-hidden='false' data-av_icon='\ue8f3' data-av_iconfont='entypo-fontello' title='' data-avia-related-tooltip='Compartir en Facebook' rel=\"noopener\"><span class='avia_hidden_link_text'>Compartir en Facebook<\/span><\/a><\/li><li class='av-share-link av-social-link-twitter' ><a target=\"_blank\" aria-label=\"Compartir en Twitter\" href='https:\/\/twitter.com\/share?text=Inauguran%20innovadora%20excavaci%C3%B3n%20arqueol%C3%B3gica%20y%20paleontol%C3%B3gica%20interactiva&#038;url=https:\/\/radiorevelacionfm.cl\/?p=48702' aria-hidden='false' data-av_icon='\ue8f1' data-av_iconfont='entypo-fontello' title='' data-avia-related-tooltip='Compartir en Twitter' rel=\"noopener\"><span class='avia_hidden_link_text'>Compartir en Twitter<\/span><\/a><\/li><li class='av-share-link av-social-link-whatsapp' ><a target=\"_blank\" aria-label=\"Compartir en Whatsapp\" href='https:\/\/api.whatsapp.com\/send?text=https:\/\/radiorevelacionfm.cl\/?p=48702' aria-hidden='false' data-av_icon='\uf232' data-av_iconfont='entypo-fontello' title='' data-avia-related-tooltip='Compartir en Whatsapp' rel=\"noopener\"><span class='avia_hidden_link_text'>Compartir en Whatsapp<\/span><\/a><\/li><li class='av-share-link av-social-link-linkedin' ><a target=\"_blank\" aria-label=\"Compartir en LinkedIn\" href='https:\/\/linkedin.com\/shareArticle?mini=true&#038;title=Inauguran%20innovadora%20excavaci%C3%B3n%20arqueol%C3%B3gica%20y%20paleontol%C3%B3gica%20interactiva&#038;url=https:\/\/radiorevelacionfm.cl\/?p=48702' aria-hidden='false' data-av_icon='\ue8fc' data-av_iconfont='entypo-fontello' title='' data-avia-related-tooltip='Compartir en LinkedIn' rel=\"noopener\"><span class='avia_hidden_link_text'>Compartir en LinkedIn<\/span><\/a><\/li><li class='av-share-link av-social-link-mail' ><a  aria-label=\"Compartir por correo\" href='mailto:?subject=Inauguran%20innovadora%20excavaci%C3%B3n%20arqueol%C3%B3gica%20y%20paleontol%C3%B3gica%20interactiva&#038;body=https:\/\/radiorevelacionfm.cl\/?p=48702' aria-hidden='false' data-av_icon='\ue805' data-av_iconfont='entypo-fontello' title='' data-avia-related-tooltip='Compartir por correo'><span class='avia_hidden_link_text'>Compartir por correo<\/span><\/a><\/li><\/ul><\/div><\/div>\n<div  style='height:50px' class='hr hr-invisible   avia-builder-el-8  el_after_av_social_share  el_before_av_comments_list '><span class='hr-inner ' ><span class='hr-inner-style'><\/span><\/span><\/div>\n<div  class='av-buildercomment  av-blog-meta-html-info-disabled av-blog-meta-tag-disabled  '><\/div>\n","protected":false},"excerpt":{"rendered":"","protected":false},"author":1,"featured_media":48717,"comment_status":"open","ping_status":"open","sticky":false,"template":"","format":"standard","meta":{"footnotes":""},"categories":[38],"tags":[],"class_list":["post-48702","post","type-post","status-publish","format-standard","has-post-thumbnail","hentry","category-regional"],"jetpack_featured_media_url":"https:\/\/radiorevelacionfm.cl\/wp-content\/uploads\/2024\/12\/nota1-f1-1_optimized-1.jpg","_links":{"self":[{"href":"https:\/\/radiorevelacionfm.cl\/index.php?rest_route=\/wp\/v2\/posts\/48702","targetHints":{"allow":["GET"]}}],"collection":[{"href":"https:\/\/radiorevelacionfm.cl\/index.php?rest_route=\/wp\/v2\/posts"}],"about":[{"href":"https:\/\/radiorevelacionfm.cl\/index.php?rest_route=\/wp\/v2\/types\/post"}],"author":[{"embeddable":true,"href":"https:\/\/radiorevelacionfm.cl\/index.php?rest_route=\/wp\/v2\/users\/1"}],"replies":[{"embeddable":true,"href":"https:\/\/radiorevelacionfm.cl\/index.php?rest_route=%2Fwp%2Fv2%2Fcomments&post=48702"}],"version-history":[{"count":2,"href":"https:\/\/radiorevelacionfm.cl\/index.php?rest_route=\/wp\/v2\/posts\/48702\/revisions"}],"predecessor-version":[{"id":48718,"href":"https:\/\/radiorevelacionfm.cl\/index.php?rest_route=\/wp\/v2\/posts\/48702\/revisions\/48718"}],"wp:featuredmedia":[{"embeddable":true,"href":"https:\/\/radiorevelacionfm.cl\/index.php?rest_route=\/wp\/v2\/media\/48717"}],"wp:attachment":[{"href":"https:\/\/radiorevelacionfm.cl\/index.php?rest_route=%2Fwp%2Fv2%2Fmedia&parent=48702"}],"wp:term":[{"taxonomy":"category","embeddable":true,"href":"https:\/\/radiorevelacionfm.cl\/index.php?rest_route=%2Fwp%2Fv2%2Fcategories&post=48702"},{"taxonomy":"post_tag","embeddable":true,"href":"https:\/\/radiorevelacionfm.cl\/index.php?rest_route=%2Fwp%2Fv2%2Ftags&post=48702"}],"curies":[{"name":"wp","href":"https:\/\/api.w.org\/{rel}","templated":true}]}}