{"id":48699,"date":"2024-12-09T17:04:11","date_gmt":"2024-12-09T20:04:11","guid":{"rendered":"https:\/\/radiorevelacionfm.cl\/?p=48699"},"modified":"2024-12-09T17:04:11","modified_gmt":"2024-12-09T20:04:11","slug":"patricio-ulloa-asume-como-alcalde-de-cochrane-para-el-periodo-2024-2028","status":"publish","type":"post","link":"https:\/\/radiorevelacionfm.cl\/?p=48699","title":{"rendered":"Patricio Ulloa asume como alcalde de Cochrane para el periodo 2024 &#8211; 2028"},"content":{"rendered":"<div class=\"flex_column av_one_full  flex_column_div av-zero-column-padding first  avia-builder-el-0  el_before_av_one_full  avia-builder-el-first  \" style='border-radius:0px; '><div  class='avia-image-container  av-styling-    avia-builder-el-1  avia-builder-el-no-sibling  avia-align-center '  itemprop=\"image\" itemscope=\"itemscope\" itemtype=\"https:\/\/schema.org\/ImageObject\"  ><div class='avia-image-container-inner'><div class='avia-image-overlay-wrap'><img decoding=\"async\" class='wp-image-48700 avia-img-lazy-loading-not-48700 avia_image' src=\"https:\/\/radiorevelacionfm.cl\/wp-content\/uploads\/2024\/12\/CONCEJO-MUNICIPAL-1.jpg\" alt='' title='CONCEJO MUNICIPAL (1)' height=\"600\" width=\"800\"  itemprop=\"thumbnailUrl\" srcset=\"https:\/\/radiorevelacionfm.cl\/wp-content\/uploads\/2024\/12\/CONCEJO-MUNICIPAL-1.jpg 800w, https:\/\/radiorevelacionfm.cl\/wp-content\/uploads\/2024\/12\/CONCEJO-MUNICIPAL-1-300x225.jpg 300w, https:\/\/radiorevelacionfm.cl\/wp-content\/uploads\/2024\/12\/CONCEJO-MUNICIPAL-1-768x576.jpg 768w, https:\/\/radiorevelacionfm.cl\/wp-content\/uploads\/2024\/12\/CONCEJO-MUNICIPAL-1-705x529.jpg 705w, https:\/\/radiorevelacionfm.cl\/wp-content\/uploads\/2024\/12\/CONCEJO-MUNICIPAL-1-450x338.jpg 450w, https:\/\/radiorevelacionfm.cl\/wp-content\/uploads\/2024\/12\/CONCEJO-MUNICIPAL-1-600x450.jpg 600w\" sizes=\"(max-width: 800px) 100vw, 800px\" \/><\/div><\/div><\/div><\/div><div class=\"flex_column av_one_full  flex_column_div av-zero-column-padding first  avia-builder-el-2  el_after_av_one_full  el_before_av_one_full  column-top-margin\" style='border-radius:0px; '><section class=\"av_textblock_section \"  itemscope=\"itemscope\" itemtype=\"https:\/\/schema.org\/BlogPosting\" itemprop=\"blogPost\" ><div class='avia_textblock  '   itemprop=\"text\" ><p style=\"text-align: center;\"><strong><span style=\"font-size: 18pt;\">Patricio Ulloa asume como alcalde de Cochrane para el periodo 2024 &#8211; 2028<\/span><\/strong><\/p>\n<div id=\"gtx-trans\" style=\"position: absolute; left: -50px; top: 4.31534px;\">\n<div class=\"gtx-trans-icon\"><\/div>\n<\/div>\n<\/div><\/section><\/div><div class=\"flex_column av_one_full  flex_column_div av-zero-column-padding first  avia-builder-el-4  el_after_av_one_full  el_before_av_hr  column-top-margin\" style='border-radius:0px; '><section class=\"av_textblock_section \"  itemscope=\"itemscope\" itemtype=\"https:\/\/schema.org\/BlogPosting\" itemprop=\"blogPost\" ><div class='avia_textblock  '   itemprop=\"text\" ><p style=\"text-align: justify;\"><span data-contrast=\"auto\">Este 6 de diciembre, la comuna de Cochrane vivi\u00f3 un momento trascendental al dar inicio al nuevo periodo municipal con la instalaci\u00f3n del concejo encabezado por el reci\u00e9n electo alcalde, Patricio Ulloa Georgia. Durante el acto oficial, Ulloa expres\u00f3 su profunda gratitud hacia los habitantes de la comuna, quienes lo respaldaron en las urnas, otorg\u00e1ndole nuevamente la confianza para liderar la gesti\u00f3n municipal.<\/span><span data-ccp-props=\"{&quot;335551550&quot;:6,&quot;335551620&quot;:6}\">\u00a0<\/span><\/p>\n<p style=\"text-align: justify;\"><span data-contrast=\"auto\">\u00abPrimero, un cari\u00f1oso saludo a la comuna de Cochrane. Estoy de verdad muy emocionado. El pasado 27 de octubre, la comunidad se pronunci\u00f3 y nos dio esta oportunidad que agradecemos tambi\u00e9n a Dios. Hoy fue la instalaci\u00f3n del concejo municipal, y quiero expresar mi agradecimiento a toda la comunidad por su cari\u00f1o y aprecio\u00bb, se\u00f1al\u00f3 el alcalde en sus primeras palabras oficiales.<\/span><span data-ccp-props=\"{&quot;335551550&quot;:6,&quot;335551620&quot;:6}\">\u00a0<\/span><\/p>\n<p style=\"text-align: justify;\"><span data-contrast=\"auto\">Asimismo, Ulloa dedic\u00f3 un mensaje especial a su familia, reconociendo su apoyo incondicional en este camino. \u00abDetr\u00e1s de uno siempre hay una familia que lo apoya y est\u00e1 al lado. Muchas gracias a mi se\u00f1ora y a mis dos hijos por estar siempre conmigo\u00bb, agreg\u00f3.<\/span><span data-ccp-props=\"{&quot;335551550&quot;:6,&quot;335551620&quot;:6}\">\u00a0<\/span><\/p>\n<p style=\"text-align: justify;\"><span data-contrast=\"auto\">En cuanto a su plan de trabajo, el alcalde subray\u00f3 la necesidad de impulsar una reactivaci\u00f3n econ\u00f3mica tanto a nivel comunal como regional, destacando que la inversi\u00f3n ser\u00e1 un eje clave para el desarrollo de Cochrane. \u00abTenemos junto a nuestro concejo municipal el desaf\u00edo de sacar nuestra comuna adelante, levantarla y volver a crecer. Ese es nuestro compromiso, y para lograrlo, queremos trabajar con toda la comunidad\u00bb, afirm\u00f3.<\/span><span data-ccp-props=\"{&quot;335551550&quot;:6,&quot;335551620&quot;:6}\">\u00a0<\/span><\/p>\n<p style=\"text-align: justify;\"><span data-contrast=\"auto\">En esta misi\u00f3n, lo acompa\u00f1ar\u00e1n los nuevos concejales: Johana Mu\u00f1oz G\u00f3mez, Ren\u00e9 Parada Parada, Sonia Daniela Asenie D\u00edaz, Miguel \u00c1ngel Aravena Torres, Gast\u00f3n Iv\u00e1n Fuentes Soto y Doris Marilyn Inostroza Catal\u00e1n, quienes asumieron oficialmente sus funciones en la ceremonia de instalaci\u00f3n del concejo municipal.<\/span><span data-ccp-props=\"{&quot;335551550&quot;:6,&quot;335551620&quot;:6}\">\u00a0<\/span><\/p>\n<p style=\"text-align: justify;\"><span data-contrast=\"auto\">Con estas declaraciones, Patricio Ulloa inicia un periodo lleno de desaf\u00edos y metas concretas, destacando como prioridad promover la pavimentaci\u00f3n de la Ruta 7 Sur, un avance crucial para la conectividad de su comuna. Adem\u00e1s, reafirm\u00f3 su compromiso con el mundo rural a trav\u00e9s de acciones como el fortalecimiento de la conectividad digital, la mejora de caminos intraprediales, la electrificaci\u00f3n rural, la mejora en la calidad de las viviendas, el saneamiento sanitario y el fomento productivo. \u00abCochrane tiene una riqueza \u00fanica, y nuestro deber es preservar y potenciar lo que nos hace aut\u00e9nticos, mientras impulsamos el desarrollo que nuestra comuna necesita\u00bb, enfatiz\u00f3.<\/span><span data-ccp-props=\"{&quot;335551550&quot;:6,&quot;335551620&quot;:6}\">\u00a0<\/span><\/p>\n<p style=\"text-align: justify;\"><span data-ccp-props=\"{&quot;335551550&quot;:6,&quot;335551620&quot;:6,&quot;335559685&quot;:720}\">\u00a0<\/span><\/p>\n<p style=\"text-align: justify;\"><span data-ccp-props=\"{&quot;335551550&quot;:6,&quot;335551620&quot;:6,&quot;335559685&quot;:720}\">\u00a0<\/span><\/p>\n<\/div><\/section><\/div><div  style='height:50px' class='hr hr-invisible   avia-builder-el-6  el_after_av_one_full  el_before_av_social_share '><span class='hr-inner ' ><span class='hr-inner-style'><\/span><\/span><\/div><\/p>\n<div  class='av-social-sharing-box  avia-builder-el-7  el_after_av_hr  el_before_av_hr  '><div class='av-share-box'><h5 class='av-share-link-description av-no-toc '>Compartir esta noticia<\/h5><ul class='av-share-box-list noLightbox'><li class='av-share-link av-social-link-facebook' ><a target=\"_blank\" aria-label=\"Compartir en Facebook\" href='https:\/\/www.facebook.com\/sharer.php?u=https:\/\/radiorevelacionfm.cl\/?p=48699&#038;t=Patricio%20Ulloa%20asume%20como%20alcalde%20de%20Cochrane%20para%20el%20periodo%202024%20%E2%80%93%202028' aria-hidden='false' data-av_icon='\ue8f3' data-av_iconfont='entypo-fontello' title='' data-avia-related-tooltip='Compartir en Facebook' rel=\"noopener\"><span class='avia_hidden_link_text'>Compartir en Facebook<\/span><\/a><\/li><li class='av-share-link av-social-link-twitter' ><a target=\"_blank\" aria-label=\"Compartir en Twitter\" href='https:\/\/twitter.com\/share?text=Patricio%20Ulloa%20asume%20como%20alcalde%20de%20Cochrane%20para%20el%20periodo%202024%20%E2%80%93%202028&#038;url=https:\/\/radiorevelacionfm.cl\/?p=48699' aria-hidden='false' data-av_icon='\ue8f1' data-av_iconfont='entypo-fontello' title='' data-avia-related-tooltip='Compartir en Twitter' rel=\"noopener\"><span class='avia_hidden_link_text'>Compartir en Twitter<\/span><\/a><\/li><li class='av-share-link av-social-link-whatsapp' ><a target=\"_blank\" aria-label=\"Compartir en Whatsapp\" href='https:\/\/api.whatsapp.com\/send?text=https:\/\/radiorevelacionfm.cl\/?p=48699' aria-hidden='false' data-av_icon='\uf232' data-av_iconfont='entypo-fontello' title='' data-avia-related-tooltip='Compartir en Whatsapp' rel=\"noopener\"><span class='avia_hidden_link_text'>Compartir en Whatsapp<\/span><\/a><\/li><li class='av-share-link av-social-link-linkedin' ><a target=\"_blank\" aria-label=\"Compartir en LinkedIn\" href='https:\/\/linkedin.com\/shareArticle?mini=true&#038;title=Patricio%20Ulloa%20asume%20como%20alcalde%20de%20Cochrane%20para%20el%20periodo%202024%20%E2%80%93%202028&#038;url=https:\/\/radiorevelacionfm.cl\/?p=48699' aria-hidden='false' data-av_icon='\ue8fc' data-av_iconfont='entypo-fontello' title='' data-avia-related-tooltip='Compartir en LinkedIn' rel=\"noopener\"><span class='avia_hidden_link_text'>Compartir en LinkedIn<\/span><\/a><\/li><li class='av-share-link av-social-link-mail' ><a  aria-label=\"Compartir por correo\" href='mailto:?subject=Patricio%20Ulloa%20asume%20como%20alcalde%20de%20Cochrane%20para%20el%20periodo%202024%20%E2%80%93%202028&#038;body=https:\/\/radiorevelacionfm.cl\/?p=48699' aria-hidden='false' data-av_icon='\ue805' data-av_iconfont='entypo-fontello' title='' data-avia-related-tooltip='Compartir por correo'><span class='avia_hidden_link_text'>Compartir por correo<\/span><\/a><\/li><\/ul><\/div><\/div>\n<div  style='height:50px' class='hr hr-invisible   avia-builder-el-8  el_after_av_social_share  el_before_av_comments_list '><span class='hr-inner ' ><span class='hr-inner-style'><\/span><\/span><\/div>\n<div  class='av-buildercomment  av-blog-meta-html-info-disabled av-blog-meta-tag-disabled  '><\/div>\n","protected":false},"excerpt":{"rendered":"","protected":false},"author":1,"featured_media":48700,"comment_status":"open","ping_status":"open","sticky":false,"template":"","format":"standard","meta":{"footnotes":""},"categories":[38],"tags":[],"class_list":["post-48699","post","type-post","status-publish","format-standard","has-post-thumbnail","hentry","category-regional"],"jetpack_featured_media_url":"https:\/\/radiorevelacionfm.cl\/wp-content\/uploads\/2024\/12\/CONCEJO-MUNICIPAL-1.jpg","_links":{"self":[{"href":"https:\/\/radiorevelacionfm.cl\/index.php?rest_route=\/wp\/v2\/posts\/48699","targetHints":{"allow":["GET"]}}],"collection":[{"href":"https:\/\/radiorevelacionfm.cl\/index.php?rest_route=\/wp\/v2\/posts"}],"about":[{"href":"https:\/\/radiorevelacionfm.cl\/index.php?rest_route=\/wp\/v2\/types\/post"}],"author":[{"embeddable":true,"href":"https:\/\/radiorevelacionfm.cl\/index.php?rest_route=\/wp\/v2\/users\/1"}],"replies":[{"embeddable":true,"href":"https:\/\/radiorevelacionfm.cl\/index.php?rest_route=%2Fwp%2Fv2%2Fcomments&post=48699"}],"version-history":[{"count":1,"href":"https:\/\/radiorevelacionfm.cl\/index.php?rest_route=\/wp\/v2\/posts\/48699\/revisions"}],"predecessor-version":[{"id":48701,"href":"https:\/\/radiorevelacionfm.cl\/index.php?rest_route=\/wp\/v2\/posts\/48699\/revisions\/48701"}],"wp:featuredmedia":[{"embeddable":true,"href":"https:\/\/radiorevelacionfm.cl\/index.php?rest_route=\/wp\/v2\/media\/48700"}],"wp:attachment":[{"href":"https:\/\/radiorevelacionfm.cl\/index.php?rest_route=%2Fwp%2Fv2%2Fmedia&parent=48699"}],"wp:term":[{"taxonomy":"category","embeddable":true,"href":"https:\/\/radiorevelacionfm.cl\/index.php?rest_route=%2Fwp%2Fv2%2Fcategories&post=48699"},{"taxonomy":"post_tag","embeddable":true,"href":"https:\/\/radiorevelacionfm.cl\/index.php?rest_route=%2Fwp%2Fv2%2Ftags&post=48699"}],"curies":[{"name":"wp","href":"https:\/\/api.w.org\/{rel}","templated":true}]}}