{"id":48696,"date":"2024-12-09T21:23:44","date_gmt":"2024-12-10T00:23:44","guid":{"rendered":"https:\/\/radiorevelacionfm.cl\/?p=48696"},"modified":"2024-12-09T21:23:44","modified_gmt":"2024-12-10T00:23:44","slug":"en-un-acto-republicano-luis-martinez-juro-como-alcalde-de-la-comuna-de-aysen","status":"publish","type":"post","link":"https:\/\/radiorevelacionfm.cl\/?p=48696","title":{"rendered":"En un acto republicano Luis Mart\u00ednez jur\u00f3 como alcalde de la comuna de Ays\u00e9n"},"content":{"rendered":"<div class=\"flex_column av_one_full  flex_column_div av-zero-column-padding first  avia-builder-el-0  el_before_av_one_full  avia-builder-el-first  \" style='border-radius:0px; '><div  class='avia-image-container  av-styling-    avia-builder-el-1  avia-builder-el-no-sibling  avia-align-center '  itemprop=\"image\" itemscope=\"itemscope\" itemtype=\"https:\/\/schema.org\/ImageObject\"  ><div class='avia-image-container-inner'><div class='avia-image-overlay-wrap'><img decoding=\"async\" class='wp-image-48697 avia-img-lazy-loading-not-48697 avia_image' src=\"https:\/\/radiorevelacionfm.cl\/wp-content\/uploads\/2024\/12\/JURAMENTO-2024-2028-17-1-1.jpg\" alt='' title='JURAMENTO 2024 2028-17 (1) (1)' height=\"600\" width=\"900\"  itemprop=\"thumbnailUrl\" srcset=\"https:\/\/radiorevelacionfm.cl\/wp-content\/uploads\/2024\/12\/JURAMENTO-2024-2028-17-1-1.jpg 900w, https:\/\/radiorevelacionfm.cl\/wp-content\/uploads\/2024\/12\/JURAMENTO-2024-2028-17-1-1-300x200.jpg 300w, https:\/\/radiorevelacionfm.cl\/wp-content\/uploads\/2024\/12\/JURAMENTO-2024-2028-17-1-1-768x512.jpg 768w, https:\/\/radiorevelacionfm.cl\/wp-content\/uploads\/2024\/12\/JURAMENTO-2024-2028-17-1-1-705x470.jpg 705w, https:\/\/radiorevelacionfm.cl\/wp-content\/uploads\/2024\/12\/JURAMENTO-2024-2028-17-1-1-450x300.jpg 450w, https:\/\/radiorevelacionfm.cl\/wp-content\/uploads\/2024\/12\/JURAMENTO-2024-2028-17-1-1-600x400.jpg 600w\" sizes=\"(max-width: 900px) 100vw, 900px\" \/><\/div><\/div><\/div><\/div><div class=\"flex_column av_one_full  flex_column_div av-zero-column-padding first  avia-builder-el-2  el_after_av_one_full  el_before_av_one_full  column-top-margin\" style='border-radius:0px; '><section class=\"av_textblock_section \"  itemscope=\"itemscope\" itemtype=\"https:\/\/schema.org\/BlogPosting\" itemprop=\"blogPost\" ><div class='avia_textblock  '   itemprop=\"text\" ><p style=\"text-align: center;\"><span style=\"font-size: 18pt;\"><strong>En un acto republicano Luis Mart\u00ednez jur\u00f3 como alcalde de la comuna de Ays\u00e9n<\/strong><\/span><\/p>\n<div id=\"gtx-trans\" style=\"position: absolute; left: -50px; top: 4.31534px;\">\n<div class=\"gtx-trans-icon\"><\/div>\n<\/div>\n<\/div><\/section><\/div><div class=\"flex_column av_one_full  flex_column_div av-zero-column-padding first  avia-builder-el-4  el_after_av_one_full  el_before_av_hr  column-top-margin\" style='border-radius:0px; '><section class=\"av_textblock_section \"  itemscope=\"itemscope\" itemtype=\"https:\/\/schema.org\/BlogPosting\" itemprop=\"blogPost\" ><div class='avia_textblock  '   itemprop=\"text\" ><p style=\"text-align: justify;\"><em>Frente a casi dos mil personas, las autoridades edilicias electas realizaron el tradicional juramento en sesi\u00f3n solemne de instalaci\u00f3n y constituci\u00f3n del Honorable Concejo Municipal de Ays\u00e9n periodo 2024-2028.<\/em><\/p>\n<p style=\"text-align: justify;\">La comuna de Ays\u00e9n cambia de edil, es por esto que en una ceremonia celebrada en el Gimnasio IND de la ciudad puerto, se realiz\u00f3 el juramento de los concejales y el alcalde Luis Mart\u00ednez, quienes pudieron expresar sus deseos de lo que ser\u00e1 esta nueva administraci\u00f3n.<\/p>\n<p style=\"text-align: justify;\">En la instancia, las nuevas autoridades se presentaron ante un p\u00fablico cercano a las dos mil personas. Vecinos de las diversas localidades del territorio comunal, quienes quisieron acompa\u00f1ar este emotivo momento donde, tras una rese\u00f1a audiovisual de cada uno de los integrantes del nuevo cuerpo colegiado, el alcalde Luis Mart\u00ednez, junto a los concejales: Alejandro Soto, Tatiana Villarroel, Jorge Figueroa, Luis Mu\u00f1oz, Luis Otth y Basilio Becerra; salieron al escenario preparado para el traspaso de mando.<\/p>\n<p style=\"text-align: justify;\">Tras jurar las nuevas autoridades edilicias frente a la secretaria municipal, Nancy Contreras, alcaldes saliente y entrante estrecharon las manos y se desearon suerte en los desaf\u00edos venideros, para proceder juntos a la firma del Acta de Traspaso. Posterior a ello, quien fuese edil hasta este viernes, Julio Uribe, agradeci\u00f3 a la comunidad, para luego retirarse del recinto, en la tradicional acci\u00f3n de despedida junto a su familia y sus directores.<\/p>\n<p style=\"text-align: justify;\">De inmediato, la primera autoridad comunal, Luis Mart\u00ednez, dio un mensaje para los funcionarios y a los ayseninos. \u201cQuiero felicitar especialmente a los municipales que trabajaron para tener esta maravillosa ceremonia republicana, que la verdad que da un buen inicio a este nuevo mandato que queremos llevar desde el punto de vista de la felicidad y de avanzar en armon\u00eda con los funcionarios. A la comunidad, un abrazo, estoy muy feliz y les voy a cumplir los cuatro a\u00f1os que estar\u00e9 en el municipio\u201d.<\/p>\n<p style=\"text-align: justify;\">Por su parte, el concejal Luis Otth coment\u00f3 sobre las ambiciones que tiene esta nueva gesti\u00f3n. \u201cLas pretensiones de un concejal, como es sabido, es apoyar al alcalde, fiscalizarlo, llevar las inquietudes de los vecinos y aportar en lo que sea necesario, porque el poder del concejal es bastante poco para el exterior, pero s\u00ed dentro del municipio, as\u00ed que esperamos trabajar, como lo dije alguna vez, vamos a trabajar de nuevo, como dice el eslogan del alcalde, para volver a crecer\u201d.<\/p>\n<p style=\"text-align: justify;\">Finalmente, el concejal reelecto Jorge Figueroa, agradeci\u00f3 a su familia, y a todas las personas que confiaron en \u00e9l para este periodo, expresando que \u201chay que tener altura de miras, capacidad para trabajar con todos, no se trata de crear barreras, estereotipos, a desvincular y a separar los partidos pol\u00edticos, lo \u00fanico que hacen son divisiones, no ayudan a crecer a nuestra comunidad. Esperemos que se concreten los proyectos y que sigamos creciendo, as\u00ed que desear lo mejor para la comuna\u201d.<\/p>\n<\/div><\/section><\/div><div  style='height:50px' class='hr hr-invisible   avia-builder-el-6  el_after_av_one_full  el_before_av_social_share '><span class='hr-inner ' ><span class='hr-inner-style'><\/span><\/span><\/div><\/p>\n<div  class='av-social-sharing-box  avia-builder-el-7  el_after_av_hr  el_before_av_hr  '><div class='av-share-box'><h5 class='av-share-link-description av-no-toc '>Compartir esta noticia<\/h5><ul class='av-share-box-list noLightbox'><li class='av-share-link av-social-link-facebook' ><a target=\"_blank\" aria-label=\"Compartir en Facebook\" href='https:\/\/www.facebook.com\/sharer.php?u=https:\/\/radiorevelacionfm.cl\/?p=48696&#038;t=En%20un%20acto%20republicano%20Luis%20Mart%C3%ADnez%20jur%C3%B3%20como%20alcalde%20de%20la%20comuna%20de%20Ays%C3%A9n' aria-hidden='false' data-av_icon='\ue8f3' data-av_iconfont='entypo-fontello' title='' data-avia-related-tooltip='Compartir en Facebook' rel=\"noopener\"><span class='avia_hidden_link_text'>Compartir en Facebook<\/span><\/a><\/li><li class='av-share-link av-social-link-twitter' ><a target=\"_blank\" aria-label=\"Compartir en Twitter\" href='https:\/\/twitter.com\/share?text=En%20un%20acto%20republicano%20Luis%20Mart%C3%ADnez%20jur%C3%B3%20como%20alcalde%20de%20la%20comuna%20de%20Ays%C3%A9n&#038;url=https:\/\/radiorevelacionfm.cl\/?p=48696' aria-hidden='false' data-av_icon='\ue8f1' data-av_iconfont='entypo-fontello' title='' data-avia-related-tooltip='Compartir en Twitter' rel=\"noopener\"><span class='avia_hidden_link_text'>Compartir en Twitter<\/span><\/a><\/li><li class='av-share-link av-social-link-whatsapp' ><a target=\"_blank\" aria-label=\"Compartir en Whatsapp\" href='https:\/\/api.whatsapp.com\/send?text=https:\/\/radiorevelacionfm.cl\/?p=48696' aria-hidden='false' data-av_icon='\uf232' data-av_iconfont='entypo-fontello' title='' data-avia-related-tooltip='Compartir en Whatsapp' rel=\"noopener\"><span class='avia_hidden_link_text'>Compartir en Whatsapp<\/span><\/a><\/li><li class='av-share-link av-social-link-linkedin' ><a target=\"_blank\" aria-label=\"Compartir en LinkedIn\" href='https:\/\/linkedin.com\/shareArticle?mini=true&#038;title=En%20un%20acto%20republicano%20Luis%20Mart%C3%ADnez%20jur%C3%B3%20como%20alcalde%20de%20la%20comuna%20de%20Ays%C3%A9n&#038;url=https:\/\/radiorevelacionfm.cl\/?p=48696' aria-hidden='false' data-av_icon='\ue8fc' data-av_iconfont='entypo-fontello' title='' data-avia-related-tooltip='Compartir en LinkedIn' rel=\"noopener\"><span class='avia_hidden_link_text'>Compartir en LinkedIn<\/span><\/a><\/li><li class='av-share-link av-social-link-mail' ><a  aria-label=\"Compartir por correo\" href='mailto:?subject=En%20un%20acto%20republicano%20Luis%20Mart%C3%ADnez%20jur%C3%B3%20como%20alcalde%20de%20la%20comuna%20de%20Ays%C3%A9n&#038;body=https:\/\/radiorevelacionfm.cl\/?p=48696' aria-hidden='false' data-av_icon='\ue805' data-av_iconfont='entypo-fontello' title='' data-avia-related-tooltip='Compartir por correo'><span class='avia_hidden_link_text'>Compartir por correo<\/span><\/a><\/li><\/ul><\/div><\/div>\n<div  style='height:50px' class='hr hr-invisible   avia-builder-el-8  el_after_av_social_share  el_before_av_comments_list '><span class='hr-inner ' ><span class='hr-inner-style'><\/span><\/span><\/div>\n<div  class='av-buildercomment  av-blog-meta-html-info-disabled av-blog-meta-tag-disabled  '><\/div>\n","protected":false},"excerpt":{"rendered":"","protected":false},"author":1,"featured_media":48697,"comment_status":"open","ping_status":"open","sticky":false,"template":"","format":"standard","meta":{"footnotes":""},"categories":[38],"tags":[],"class_list":["post-48696","post","type-post","status-publish","format-standard","has-post-thumbnail","hentry","category-regional"],"jetpack_featured_media_url":"https:\/\/radiorevelacionfm.cl\/wp-content\/uploads\/2024\/12\/JURAMENTO-2024-2028-17-1-1.jpg","_links":{"self":[{"href":"https:\/\/radiorevelacionfm.cl\/index.php?rest_route=\/wp\/v2\/posts\/48696","targetHints":{"allow":["GET"]}}],"collection":[{"href":"https:\/\/radiorevelacionfm.cl\/index.php?rest_route=\/wp\/v2\/posts"}],"about":[{"href":"https:\/\/radiorevelacionfm.cl\/index.php?rest_route=\/wp\/v2\/types\/post"}],"author":[{"embeddable":true,"href":"https:\/\/radiorevelacionfm.cl\/index.php?rest_route=\/wp\/v2\/users\/1"}],"replies":[{"embeddable":true,"href":"https:\/\/radiorevelacionfm.cl\/index.php?rest_route=%2Fwp%2Fv2%2Fcomments&post=48696"}],"version-history":[{"count":1,"href":"https:\/\/radiorevelacionfm.cl\/index.php?rest_route=\/wp\/v2\/posts\/48696\/revisions"}],"predecessor-version":[{"id":48698,"href":"https:\/\/radiorevelacionfm.cl\/index.php?rest_route=\/wp\/v2\/posts\/48696\/revisions\/48698"}],"wp:featuredmedia":[{"embeddable":true,"href":"https:\/\/radiorevelacionfm.cl\/index.php?rest_route=\/wp\/v2\/media\/48697"}],"wp:attachment":[{"href":"https:\/\/radiorevelacionfm.cl\/index.php?rest_route=%2Fwp%2Fv2%2Fmedia&parent=48696"}],"wp:term":[{"taxonomy":"category","embeddable":true,"href":"https:\/\/radiorevelacionfm.cl\/index.php?rest_route=%2Fwp%2Fv2%2Fcategories&post=48696"},{"taxonomy":"post_tag","embeddable":true,"href":"https:\/\/radiorevelacionfm.cl\/index.php?rest_route=%2Fwp%2Fv2%2Ftags&post=48696"}],"curies":[{"name":"wp","href":"https:\/\/api.w.org\/{rel}","templated":true}]}}