{"id":4869,"date":"2021-06-03T18:05:31","date_gmt":"2021-06-03T21:05:31","guid":{"rendered":"https:\/\/radiorevelacionfm.cl\/?p=4869"},"modified":"2021-06-03T18:05:31","modified_gmt":"2021-06-03T21:05:31","slug":"productiva-reunion-sostuvieron-servicios-del-agro-con-campesinos-de-villa-amengual","status":"publish","type":"post","link":"https:\/\/radiorevelacionfm.cl\/?p=4869","title":{"rendered":"Productiva reuni\u00f3n sostuvieron servicios del Agro con campesinos de Villa Amengual"},"content":{"rendered":"<div class=\"flex_column av_one_full  flex_column_div av-zero-column-padding first  avia-builder-el-0  el_before_av_one_full  avia-builder-el-first  \" style='border-radius:0px; '><div  class='avia-image-container  av-styling-    avia-builder-el-1  avia-builder-el-no-sibling  avia-align-center '  itemprop=\"image\" itemscope=\"itemscope\" itemtype=\"https:\/\/schema.org\/ImageObject\"  ><div class='avia-image-container-inner'><div class='avia-image-overlay-wrap'><img decoding=\"async\" class='wp-image-4870 avia-img-lazy-loading-not-4870 avia_image' src=\"https:\/\/radiorevelacionfm.cl\/wp-content\/uploads\/2021\/06\/REUNION-INDAP-AMENGUAL-1-1-1.jpeg\" alt='' title='REUNION INDAP AMENGUAL 1 (1) (1)' height=\"600\" width=\"971\"  itemprop=\"thumbnailUrl\" srcset=\"https:\/\/radiorevelacionfm.cl\/wp-content\/uploads\/2021\/06\/REUNION-INDAP-AMENGUAL-1-1-1.jpeg 971w, https:\/\/radiorevelacionfm.cl\/wp-content\/uploads\/2021\/06\/REUNION-INDAP-AMENGUAL-1-1-1-300x185.jpeg 300w, https:\/\/radiorevelacionfm.cl\/wp-content\/uploads\/2021\/06\/REUNION-INDAP-AMENGUAL-1-1-1-768x475.jpeg 768w, https:\/\/radiorevelacionfm.cl\/wp-content\/uploads\/2021\/06\/REUNION-INDAP-AMENGUAL-1-1-1-705x436.jpeg 705w, https:\/\/radiorevelacionfm.cl\/wp-content\/uploads\/2021\/06\/REUNION-INDAP-AMENGUAL-1-1-1-600x371.jpeg 600w\" sizes=\"(max-width: 971px) 100vw, 971px\" \/><\/div><\/div><\/div><\/div><div class=\"flex_column av_one_full  flex_column_div av-zero-column-padding first  avia-builder-el-2  el_after_av_one_full  el_before_av_one_full  column-top-margin\" style='border-radius:0px; '><section class=\"av_textblock_section \"  itemscope=\"itemscope\" itemtype=\"https:\/\/schema.org\/BlogPosting\" itemprop=\"blogPost\" ><div class='avia_textblock  '   itemprop=\"text\" ><p style=\"text-align: center;\"><strong><span style=\"font-size: 18pt;\">Productiva reuni\u00f3n sostuvieron servicios del Agro con campesinos de Villa Amengual <\/span><\/strong><\/p>\n<div id=\"gtx-trans\" style=\"position: absolute; left: -50px; top: 4.31534px;\">\n<div class=\"gtx-trans-icon\"><\/div>\n<\/div>\n<\/div><\/section><\/div><div class=\"flex_column av_one_full  flex_column_div av-zero-column-padding first  avia-builder-el-4  el_after_av_one_full  el_before_av_hr  column-top-margin\" style='border-radius:0px; '><section class=\"av_textblock_section \"  itemscope=\"itemscope\" itemtype=\"https:\/\/schema.org\/BlogPosting\" itemprop=\"blogPost\" ><div class='avia_textblock  '   itemprop=\"text\" ><p style=\"text-align: justify;\">En Villa Amengual, el Alcalde de la comuna de Lago Verde Nelson Opazo y la jefa \u00e1rea de Indap Coyhaique Josefina Dom\u00ednguez, se reunieron con algunos campesinos de la localidad. Esto con el objetivo de reafirmar el compromiso con los productores de la zona a trav\u00e9s de la Municipalidad, con el permanente apoyo de los servicios del Agro, como es el caso de Indap, mediante los profesionales de Prodesal que laboran en cada uno de los territorios.<\/p>\n<p style=\"text-align: justify;\">El Alcalde, relev\u00f3 la preocupaci\u00f3n que ha mantenido junto a su equipo por los agricultores y agricultoras, en ese sentido, la colaboraci\u00f3n y articulaci\u00f3n con otros entes p\u00fablicos es fundamental, destac\u00f3 Opazo.<\/p>\n<p style=\"text-align: justify;\">\u201cHemos concluido una reuni\u00f3n con el mundo campesino, con motivo de verificar y generar todos las acciones futuras en cuanto al trabajo con el mundo campesino, especialmente en el \u00e1mbito de los Prodesal, con participaci\u00f3n de la jefa de \u00e1rea de Indap. Es as\u00ed que, con todas las ganas, todo el entusiasmo, hemos retomado funciones para ir cumpliendo, ir atendiendo los diversos requerimientos que nos tienen nuestras comunidades y en forma muy especial nuestro coraz\u00f3n est\u00e1 puesto en el campo permanentemente y eso se mantiene tal cual. En ese sentido, esta fue una reuni\u00f3n provechosa, que esperamos poder concluir dentro de los pr\u00f3ximos d\u00edas con una noticia bien importante, que tiene que ver con el apoyo directo en forraje para nuestros campesinos\u201d.<\/p>\n<p style=\"text-align: justify;\">Por su parte, la jefa de \u00e1rea Indap Coyhaique, Josefina Dom\u00ednguez, valor\u00f3 la instancia de dialogo, donde se fortalece la coordinaci\u00f3n con el Municipio y se establecen algunos compromisos.<\/p>\n<p style=\"text-align: justify;\">\u201cFue una reuni\u00f3n de coordinaci\u00f3n con el Prodesal de Lago Verde, estuvimos con el jefe t\u00e9cnico, con el Alcalde, con algunos agricultores, en donde compart\u00edamos el plan de trabajo que se va a llevar a cabo este a\u00f1o y aprovech\u00e9 de presentarme, ya que llevo pocos meses ac\u00e1. En cuanto al plan de trabajo, est\u00e1 enfocado en la producci\u00f3n animal por un lado, el forraje y por otro lado est\u00e1 tomando fuerza la artesan\u00eda y la crianza de gallinas, un nuevo rubro desarrollado desde que comenz\u00f3 la pandemia. Quedaron varios compromisos anotados, as\u00ed es que, esperamos volver a juntarnos en los pr\u00f3ximos meses y ver c\u00f3mo van los avances\u201d.<\/p>\n<p style=\"text-align: justify;\">Finalmente, el Alcalde Nelson Opazo, sostuvo que desde la Municipalidad se mantendr\u00e1 bajo diversas gestiones el apoyo a la actividad econ\u00f3mica relacionada con el ganado. En ese sentido, relev\u00f3 la coordinaci\u00f3n con Indap, con el fin de continuar profundizando los lazos con este y otros servicios del Agro, en beneficio de las campesinas y campesinos de la comuna de Lago Verde.<\/p>\n<\/div><\/section><\/div><div  style='height:50px' class='hr hr-invisible   avia-builder-el-6  el_after_av_one_full  el_before_av_social_share '><span class='hr-inner ' ><span class='hr-inner-style'><\/span><\/span><\/div><\/p>\n<div  class='av-social-sharing-box  avia-builder-el-7  el_after_av_hr  el_before_av_hr  '><div class='av-share-box'><h5 class='av-share-link-description av-no-toc '>Compartir esta noticia<\/h5><ul class='av-share-box-list noLightbox'><li class='av-share-link av-social-link-facebook' ><a target=\"_blank\" aria-label=\"Compartir en Facebook\" href='https:\/\/www.facebook.com\/sharer.php?u=https:\/\/radiorevelacionfm.cl\/?p=4869&#038;t=Productiva%20reuni%C3%B3n%20sostuvieron%20servicios%20del%20Agro%20con%20campesinos%20de%20Villa%20Amengual' aria-hidden='false' data-av_icon='\ue8f3' data-av_iconfont='entypo-fontello' title='' data-avia-related-tooltip='Compartir en Facebook' rel=\"noopener\"><span class='avia_hidden_link_text'>Compartir en Facebook<\/span><\/a><\/li><li class='av-share-link av-social-link-twitter' ><a target=\"_blank\" aria-label=\"Compartir en Twitter\" href='https:\/\/twitter.com\/share?text=Productiva%20reuni%C3%B3n%20sostuvieron%20servicios%20del%20Agro%20con%20campesinos%20de%20Villa%20Amengual&#038;url=https:\/\/radiorevelacionfm.cl\/?p=4869' aria-hidden='false' data-av_icon='\ue8f1' data-av_iconfont='entypo-fontello' title='' data-avia-related-tooltip='Compartir en Twitter' rel=\"noopener\"><span class='avia_hidden_link_text'>Compartir en Twitter<\/span><\/a><\/li><li class='av-share-link av-social-link-whatsapp' ><a target=\"_blank\" aria-label=\"Compartir en Whatsapp\" href='https:\/\/api.whatsapp.com\/send?text=https:\/\/radiorevelacionfm.cl\/?p=4869' aria-hidden='false' data-av_icon='\uf232' data-av_iconfont='entypo-fontello' title='' data-avia-related-tooltip='Compartir en Whatsapp' rel=\"noopener\"><span class='avia_hidden_link_text'>Compartir en Whatsapp<\/span><\/a><\/li><li class='av-share-link av-social-link-linkedin' ><a target=\"_blank\" aria-label=\"Compartir en LinkedIn\" href='https:\/\/linkedin.com\/shareArticle?mini=true&#038;title=Productiva%20reuni%C3%B3n%20sostuvieron%20servicios%20del%20Agro%20con%20campesinos%20de%20Villa%20Amengual&#038;url=https:\/\/radiorevelacionfm.cl\/?p=4869' aria-hidden='false' data-av_icon='\ue8fc' data-av_iconfont='entypo-fontello' title='' data-avia-related-tooltip='Compartir en LinkedIn' rel=\"noopener\"><span class='avia_hidden_link_text'>Compartir en LinkedIn<\/span><\/a><\/li><li class='av-share-link av-social-link-mail' ><a  aria-label=\"Compartir por correo\" href='mailto:?subject=Productiva%20reuni%C3%B3n%20sostuvieron%20servicios%20del%20Agro%20con%20campesinos%20de%20Villa%20Amengual&#038;body=https:\/\/radiorevelacionfm.cl\/?p=4869' aria-hidden='false' data-av_icon='\ue805' data-av_iconfont='entypo-fontello' title='' data-avia-related-tooltip='Compartir por correo'><span class='avia_hidden_link_text'>Compartir por correo<\/span><\/a><\/li><\/ul><\/div><\/div>\n<div  style='height:50px' class='hr hr-invisible   avia-builder-el-8  el_after_av_social_share  el_before_av_comments_list '><span class='hr-inner ' ><span class='hr-inner-style'><\/span><\/span><\/div>\n<div  class='av-buildercomment  av-blog-meta-html-info-disabled av-blog-meta-tag-disabled  '><\/div>\n","protected":false},"excerpt":{"rendered":"","protected":false},"author":1,"featured_media":4870,"comment_status":"open","ping_status":"open","sticky":false,"template":"","format":"standard","meta":{"footnotes":""},"categories":[58],"tags":[],"class_list":["post-4869","post","type-post","status-publish","format-standard","has-post-thumbnail","hentry","category-agricultura"],"jetpack_featured_media_url":"https:\/\/radiorevelacionfm.cl\/wp-content\/uploads\/2021\/06\/REUNION-INDAP-AMENGUAL-1-1-1.jpeg","_links":{"self":[{"href":"https:\/\/radiorevelacionfm.cl\/index.php?rest_route=\/wp\/v2\/posts\/4869","targetHints":{"allow":["GET"]}}],"collection":[{"href":"https:\/\/radiorevelacionfm.cl\/index.php?rest_route=\/wp\/v2\/posts"}],"about":[{"href":"https:\/\/radiorevelacionfm.cl\/index.php?rest_route=\/wp\/v2\/types\/post"}],"author":[{"embeddable":true,"href":"https:\/\/radiorevelacionfm.cl\/index.php?rest_route=\/wp\/v2\/users\/1"}],"replies":[{"embeddable":true,"href":"https:\/\/radiorevelacionfm.cl\/index.php?rest_route=%2Fwp%2Fv2%2Fcomments&post=4869"}],"version-history":[{"count":1,"href":"https:\/\/radiorevelacionfm.cl\/index.php?rest_route=\/wp\/v2\/posts\/4869\/revisions"}],"predecessor-version":[{"id":4871,"href":"https:\/\/radiorevelacionfm.cl\/index.php?rest_route=\/wp\/v2\/posts\/4869\/revisions\/4871"}],"wp:featuredmedia":[{"embeddable":true,"href":"https:\/\/radiorevelacionfm.cl\/index.php?rest_route=\/wp\/v2\/media\/4870"}],"wp:attachment":[{"href":"https:\/\/radiorevelacionfm.cl\/index.php?rest_route=%2Fwp%2Fv2%2Fmedia&parent=4869"}],"wp:term":[{"taxonomy":"category","embeddable":true,"href":"https:\/\/radiorevelacionfm.cl\/index.php?rest_route=%2Fwp%2Fv2%2Fcategories&post=4869"},{"taxonomy":"post_tag","embeddable":true,"href":"https:\/\/radiorevelacionfm.cl\/index.php?rest_route=%2Fwp%2Fv2%2Ftags&post=4869"}],"curies":[{"name":"wp","href":"https:\/\/api.w.org\/{rel}","templated":true}]}}