{"id":48685,"date":"2024-12-09T15:02:04","date_gmt":"2024-12-09T18:02:04","guid":{"rendered":"https:\/\/radiorevelacionfm.cl\/?p=48685"},"modified":"2024-12-09T15:02:04","modified_gmt":"2024-12-09T18:02:04","slug":"vecinos-de-tres-comites-de-vivienda-celebran-la-compra-de-su-terreno-en-puerto-aysen","status":"publish","type":"post","link":"https:\/\/radiorevelacionfm.cl\/?p=48685","title":{"rendered":"Vecinos de tres comit\u00e9s de vivienda celebran la compra de su terreno en Puerto Ays\u00e9n"},"content":{"rendered":"<div class=\"flex_column av_one_full  flex_column_div av-zero-column-padding first  avia-builder-el-0  el_before_av_one_full  avia-builder-el-first  \" style='border-radius:0px; '><div  class='avia-image-container  av-styling-    avia-builder-el-1  avia-builder-el-no-sibling  avia-align-center '  itemprop=\"image\" itemscope=\"itemscope\" itemtype=\"https:\/\/schema.org\/ImageObject\"  ><div class='avia-image-container-inner'><div class='avia-image-overlay-wrap'><img decoding=\"async\" class='wp-image-48686 avia-img-lazy-loading-not-48686 avia_image' src=\"https:\/\/radiorevelacionfm.cl\/wp-content\/uploads\/2024\/12\/FOTO-COMITES-AYSEN-1-1.jpeg\" alt='' title='FOTO COMIT\u00c9S AYS\u00c9N (1) (1)' height=\"600\" width=\"800\"  itemprop=\"thumbnailUrl\" srcset=\"https:\/\/radiorevelacionfm.cl\/wp-content\/uploads\/2024\/12\/FOTO-COMITES-AYSEN-1-1.jpeg 800w, https:\/\/radiorevelacionfm.cl\/wp-content\/uploads\/2024\/12\/FOTO-COMITES-AYSEN-1-1-300x225.jpeg 300w, https:\/\/radiorevelacionfm.cl\/wp-content\/uploads\/2024\/12\/FOTO-COMITES-AYSEN-1-1-768x576.jpeg 768w, https:\/\/radiorevelacionfm.cl\/wp-content\/uploads\/2024\/12\/FOTO-COMITES-AYSEN-1-1-705x529.jpeg 705w, https:\/\/radiorevelacionfm.cl\/wp-content\/uploads\/2024\/12\/FOTO-COMITES-AYSEN-1-1-450x338.jpeg 450w, https:\/\/radiorevelacionfm.cl\/wp-content\/uploads\/2024\/12\/FOTO-COMITES-AYSEN-1-1-600x450.jpeg 600w\" sizes=\"(max-width: 800px) 100vw, 800px\" \/><\/div><\/div><\/div><\/div><div class=\"flex_column av_one_full  flex_column_div av-zero-column-padding first  avia-builder-el-2  el_after_av_one_full  el_before_av_one_full  column-top-margin\" style='border-radius:0px; '><section class=\"av_textblock_section \"  itemscope=\"itemscope\" itemtype=\"https:\/\/schema.org\/BlogPosting\" itemprop=\"blogPost\" ><div class='avia_textblock  '   itemprop=\"text\" ><p style=\"text-align: center;\"><strong><span style=\"font-size: 18pt;\">Vecinos de tres comit\u00e9s de vivienda celebran la compra de su terreno en Puerto Ays\u00e9n<\/span><\/strong><\/p>\n<div id=\"gtx-trans\" style=\"position: absolute; left: -50px; top: 4.31534px;\">\n<div class=\"gtx-trans-icon\"><\/div>\n<\/div>\n<\/div><\/section><\/div><div class=\"flex_column av_one_full  flex_column_div av-zero-column-padding first  avia-builder-el-4  el_after_av_one_full  el_before_av_hr  column-top-margin\" style='border-radius:0px; '><section class=\"av_textblock_section \"  itemscope=\"itemscope\" itemtype=\"https:\/\/schema.org\/BlogPosting\" itemprop=\"blogPost\" ><div class='avia_textblock  '   itemprop=\"text\" ><p style=\"font-weight: 400; text-align: justify;\"><em>Se trata de los comit\u00e9s Tesoro Austral, Ahora voy por Ustedes y Mirando hacia el Futuro, los que llevan varios a\u00f1os trabajando con el legislador en materia de vivienda.<\/em><\/p>\n<p style=\"font-weight: 400; text-align: justify;\">Una gran noticia fue la que recibieron los socios y socias de tres comit\u00e9s de Puerto Ays\u00e9n, a quienes se les confirm\u00f3 por parte de Serviu de la compra del terreno para la futura construcci\u00f3n de sus viviendas. Se trata de comit\u00e9s compuestos por 103 familias, Tesoro Austral, Ahora voy por Ustedes y Mirando hacia el Futuro, los que llevan varios a\u00f1os trabajando codo a codo con el diputado Miguel \u00c1ngel Calisto.<\/p>\n<p style=\"font-weight: 400; text-align: justify;\">Seg\u00fan el diputado Miguel \u00c1ngel Calisto, \u201cestamos realmente muy contentos, porque se nos ha informado la compra definitiva del terreno para las 103 familias de los Comit\u00e9s Tesoro Austral, Ahora voy por Ustedes y Mirando hacia el Futuro. Son 103 familias que van a tener una soluci\u00f3n habitacional, que ya tienen la certeza de la compra del terreno con su entidad patrocinante, Bellavista\u201d.<\/p>\n<p style=\"font-weight: 400; text-align: justify;\">\u201cHoy d\u00eda lo \u00fanico que resta es esperar la respuesta por parte de la DOM, de un proyecto que ya est\u00e1 presentado y que nosotros esperamos que r\u00e1pidamente se levanten las observaciones y se apruebe para que se inicie la obra. Ellos ya tienen el proyecto arriba, est\u00e1n postulando los subsidios, ya tenemos la buena noticia de la compra del terreno. Y por supuesto que yo quiero destacar el esfuerzo, el trabajo que han realizado las dirigentes, los dirigentes que est\u00e1n ac\u00e1 y los socios\u201d, se\u00f1al\u00f3 el legislador.<\/p>\n<p style=\"font-weight: 400; text-align: justify;\">Calisto agreg\u00f3 que \u201cson 103 familias que han esperado muchos a\u00f1os, porque claro, uno valora la buena noticia de la compra, pero para llegar a esto ha sido un proceso largo, de muchas gestiones, de muchas reuniones, frustraciones, etc\u201d.<\/p>\n<p style=\"font-weight: 400; text-align: justify;\">Por su parte, Luisa Castillo, Presidenta del Comit\u00e9 Ahora Voy Por Ustedes, \u201chan sido hartos sacrificios. Desde el d\u00eda uno que hemos estado con nuestro diputado Miguel \u00c1ngel Calisto, le damos muchas gracias porque siempre ha estado con nosotros, nos ha gestionado reuniones, hemos podido estar presentes viajando a Coyhaique.<\/p>\n<p style=\"font-weight: 400; text-align: justify;\">\u201cEstamos agradecidos tambi\u00e9n de todo el apoyo de nuestros socios que han tenido la paciencia y han cre\u00eddo en nosotros, en nuestra voluntad. La directiva de cada uno tambi\u00e9n siempre ha estado presente, agradecer a mis socios que han estado, mi directiva, y agradecer tambi\u00e9n todas las gestiones que nos han costado, a veces, como he dicho, muchas frustraciones, pero ahora estamos contentos, felices porque ya el terreno es nuestro\u201d, asegur\u00f3 la dirigenta.<\/p>\n<p style=\"font-weight: 400; text-align: justify;\">Castillo afirm\u00f3 que \u201cnos falta la etapa en \u00a0la DOM y estamos listos para la construcci\u00f3n, es algo que a nosotros nos alegra porque ya podemos pasar un fin de a\u00f1o m\u00e1s tranquilos. Este a\u00f1o fue de grandes luchas, como comit\u00e9 cumplimos cuatro a\u00f1os en marzo, pero hemos luchado grandemente desde el d\u00eda uno, as\u00ed que tambi\u00e9n es un gran logro\u201d.<\/p>\n<p style=\"font-weight: 400; text-align: justify;\">Finalmente, Carolina Silva, Presidenta del Comit\u00e9 Mirando hacia el Futuro, asegur\u00f3 que \u201ctenemos la gran noticia de que el terreno ya est\u00e1 comprado, gracias a todas las gestiones que se han logrado y gracias igual a don Miguel \u00c1ngel por siempre acompa\u00f1arnos. Nosotros somos un comit\u00e9 de nueve a\u00f1os de espera que hoy recibi\u00f3 la buena noticia\u201d.<\/p>\n<\/div><\/section><\/div><div  style='height:50px' class='hr hr-invisible   avia-builder-el-6  el_after_av_one_full  el_before_av_social_share '><span class='hr-inner ' ><span class='hr-inner-style'><\/span><\/span><\/div><\/p>\n<div  class='av-social-sharing-box  avia-builder-el-7  el_after_av_hr  el_before_av_hr  '><div class='av-share-box'><h5 class='av-share-link-description av-no-toc '>Compartir esta noticia<\/h5><ul class='av-share-box-list noLightbox'><li class='av-share-link av-social-link-facebook' ><a target=\"_blank\" aria-label=\"Compartir en Facebook\" href='https:\/\/www.facebook.com\/sharer.php?u=https:\/\/radiorevelacionfm.cl\/?p=48685&#038;t=Vecinos%20de%20tres%20comit%C3%A9s%20de%20vivienda%20celebran%20la%20compra%20de%20su%20terreno%20en%20Puerto%20Ays%C3%A9n' aria-hidden='false' data-av_icon='\ue8f3' data-av_iconfont='entypo-fontello' title='' data-avia-related-tooltip='Compartir en Facebook' rel=\"noopener\"><span class='avia_hidden_link_text'>Compartir en Facebook<\/span><\/a><\/li><li class='av-share-link av-social-link-twitter' ><a target=\"_blank\" aria-label=\"Compartir en Twitter\" href='https:\/\/twitter.com\/share?text=Vecinos%20de%20tres%20comit%C3%A9s%20de%20vivienda%20celebran%20la%20compra%20de%20su%20terreno%20en%20Puerto%20Ays%C3%A9n&#038;url=https:\/\/radiorevelacionfm.cl\/?p=48685' aria-hidden='false' data-av_icon='\ue8f1' data-av_iconfont='entypo-fontello' title='' data-avia-related-tooltip='Compartir en Twitter' rel=\"noopener\"><span class='avia_hidden_link_text'>Compartir en Twitter<\/span><\/a><\/li><li class='av-share-link av-social-link-whatsapp' ><a target=\"_blank\" aria-label=\"Compartir en Whatsapp\" href='https:\/\/api.whatsapp.com\/send?text=https:\/\/radiorevelacionfm.cl\/?p=48685' aria-hidden='false' data-av_icon='\uf232' data-av_iconfont='entypo-fontello' title='' data-avia-related-tooltip='Compartir en Whatsapp' rel=\"noopener\"><span class='avia_hidden_link_text'>Compartir en Whatsapp<\/span><\/a><\/li><li class='av-share-link av-social-link-linkedin' ><a target=\"_blank\" aria-label=\"Compartir en LinkedIn\" href='https:\/\/linkedin.com\/shareArticle?mini=true&#038;title=Vecinos%20de%20tres%20comit%C3%A9s%20de%20vivienda%20celebran%20la%20compra%20de%20su%20terreno%20en%20Puerto%20Ays%C3%A9n&#038;url=https:\/\/radiorevelacionfm.cl\/?p=48685' aria-hidden='false' data-av_icon='\ue8fc' data-av_iconfont='entypo-fontello' title='' data-avia-related-tooltip='Compartir en LinkedIn' rel=\"noopener\"><span class='avia_hidden_link_text'>Compartir en LinkedIn<\/span><\/a><\/li><li class='av-share-link av-social-link-mail' ><a  aria-label=\"Compartir por correo\" href='mailto:?subject=Vecinos%20de%20tres%20comit%C3%A9s%20de%20vivienda%20celebran%20la%20compra%20de%20su%20terreno%20en%20Puerto%20Ays%C3%A9n&#038;body=https:\/\/radiorevelacionfm.cl\/?p=48685' aria-hidden='false' data-av_icon='\ue805' data-av_iconfont='entypo-fontello' title='' data-avia-related-tooltip='Compartir por correo'><span class='avia_hidden_link_text'>Compartir por correo<\/span><\/a><\/li><\/ul><\/div><\/div>\n<div  style='height:50px' class='hr hr-invisible   avia-builder-el-8  el_after_av_social_share  el_before_av_comments_list '><span class='hr-inner ' ><span class='hr-inner-style'><\/span><\/span><\/div>\n<div  class='av-buildercomment  av-blog-meta-html-info-disabled av-blog-meta-tag-disabled  '><\/div>\n","protected":false},"excerpt":{"rendered":"","protected":false},"author":1,"featured_media":48686,"comment_status":"open","ping_status":"open","sticky":false,"template":"","format":"standard","meta":{"footnotes":""},"categories":[57],"tags":[],"class_list":["post-48685","post","type-post","status-publish","format-standard","has-post-thumbnail","hentry","category-vivienda"],"jetpack_featured_media_url":"https:\/\/radiorevelacionfm.cl\/wp-content\/uploads\/2024\/12\/FOTO-COMITES-AYSEN-1-1.jpeg","_links":{"self":[{"href":"https:\/\/radiorevelacionfm.cl\/index.php?rest_route=\/wp\/v2\/posts\/48685","targetHints":{"allow":["GET"]}}],"collection":[{"href":"https:\/\/radiorevelacionfm.cl\/index.php?rest_route=\/wp\/v2\/posts"}],"about":[{"href":"https:\/\/radiorevelacionfm.cl\/index.php?rest_route=\/wp\/v2\/types\/post"}],"author":[{"embeddable":true,"href":"https:\/\/radiorevelacionfm.cl\/index.php?rest_route=\/wp\/v2\/users\/1"}],"replies":[{"embeddable":true,"href":"https:\/\/radiorevelacionfm.cl\/index.php?rest_route=%2Fwp%2Fv2%2Fcomments&post=48685"}],"version-history":[{"count":1,"href":"https:\/\/radiorevelacionfm.cl\/index.php?rest_route=\/wp\/v2\/posts\/48685\/revisions"}],"predecessor-version":[{"id":48687,"href":"https:\/\/radiorevelacionfm.cl\/index.php?rest_route=\/wp\/v2\/posts\/48685\/revisions\/48687"}],"wp:featuredmedia":[{"embeddable":true,"href":"https:\/\/radiorevelacionfm.cl\/index.php?rest_route=\/wp\/v2\/media\/48686"}],"wp:attachment":[{"href":"https:\/\/radiorevelacionfm.cl\/index.php?rest_route=%2Fwp%2Fv2%2Fmedia&parent=48685"}],"wp:term":[{"taxonomy":"category","embeddable":true,"href":"https:\/\/radiorevelacionfm.cl\/index.php?rest_route=%2Fwp%2Fv2%2Fcategories&post=48685"},{"taxonomy":"post_tag","embeddable":true,"href":"https:\/\/radiorevelacionfm.cl\/index.php?rest_route=%2Fwp%2Fv2%2Ftags&post=48685"}],"curies":[{"name":"wp","href":"https:\/\/api.w.org\/{rel}","templated":true}]}}