{"id":48682,"date":"2024-12-09T19:10:39","date_gmt":"2024-12-09T22:10:39","guid":{"rendered":"https:\/\/radiorevelacionfm.cl\/?p=48682"},"modified":"2024-12-09T19:10:39","modified_gmt":"2024-12-09T22:10:39","slug":"en-lugar-de-violencia-respeto-gobierno-presento-campana-de-prevencion-de-la-violencia-con-foco-en-la-ninez-y-la-adolescencia-trans","status":"publish","type":"post","link":"https:\/\/radiorevelacionfm.cl\/?p=48682","title":{"rendered":"\u201cEn Lugar de Violencia: Respeto\u201d Gobierno present\u00f3 campa\u00f1a de prevenci\u00f3n de la violencia con foco en la ni\u00f1ez y la adolescencia trans"},"content":{"rendered":"<div class=\"flex_column av_one_full  flex_column_div av-zero-column-padding first  avia-builder-el-0  el_before_av_one_full  avia-builder-el-first  \" style='border-radius:0px; '><div  class='avia-image-container  av-styling-    avia-builder-el-1  avia-builder-el-no-sibling  avia-align-center '  itemprop=\"image\" itemscope=\"itemscope\" itemtype=\"https:\/\/schema.org\/ImageObject\"  ><div class='avia-image-container-inner'><div class='avia-image-overlay-wrap'><img decoding=\"async\" class='wp-image-48683 avia-img-lazy-loading-not-48683 avia_image' src=\"https:\/\/radiorevelacionfm.cl\/wp-content\/uploads\/2024\/12\/foto_campana-en-lugar-de-violencia-respeto-1_optimized.jpeg\" alt='' title='foto_campa\u00f1a-en-lugar-de-violencia,-respeto-(1)_optimized' height=\"600\" width=\"1452\"  itemprop=\"thumbnailUrl\" srcset=\"https:\/\/radiorevelacionfm.cl\/wp-content\/uploads\/2024\/12\/foto_campana-en-lugar-de-violencia-respeto-1_optimized.jpeg 1452w, https:\/\/radiorevelacionfm.cl\/wp-content\/uploads\/2024\/12\/foto_campana-en-lugar-de-violencia-respeto-1_optimized-300x124.jpeg 300w, https:\/\/radiorevelacionfm.cl\/wp-content\/uploads\/2024\/12\/foto_campana-en-lugar-de-violencia-respeto-1_optimized-1030x426.jpeg 1030w, https:\/\/radiorevelacionfm.cl\/wp-content\/uploads\/2024\/12\/foto_campana-en-lugar-de-violencia-respeto-1_optimized-768x317.jpeg 768w, https:\/\/radiorevelacionfm.cl\/wp-content\/uploads\/2024\/12\/foto_campana-en-lugar-de-violencia-respeto-1_optimized-705x291.jpeg 705w, https:\/\/radiorevelacionfm.cl\/wp-content\/uploads\/2024\/12\/foto_campana-en-lugar-de-violencia-respeto-1_optimized-450x186.jpeg 450w, https:\/\/radiorevelacionfm.cl\/wp-content\/uploads\/2024\/12\/foto_campana-en-lugar-de-violencia-respeto-1_optimized-600x248.jpeg 600w\" sizes=\"(max-width: 1452px) 100vw, 1452px\" \/><\/div><\/div><\/div><\/div><div class=\"flex_column av_one_full  flex_column_div av-zero-column-padding first  avia-builder-el-2  el_after_av_one_full  el_before_av_one_full  column-top-margin\" style='border-radius:0px; '><section class=\"av_textblock_section \"  itemscope=\"itemscope\" itemtype=\"https:\/\/schema.org\/BlogPosting\" itemprop=\"blogPost\" ><div class='avia_textblock  '   itemprop=\"text\" ><p style=\"text-align: center;\"><span style=\"font-size: 18pt;\"><strong>\u201cEn Lugar de Violencia: Respeto\u201d <\/strong><strong>Gobierno present\u00f3 campa\u00f1a de prevenci\u00f3n de la violencia con foco en la ni\u00f1ez y la adolescencia trans<\/strong><\/span><\/p>\n<div id=\"gtx-trans\" style=\"position: absolute; left: -50px; top: 4.31534px;\">\n<div class=\"gtx-trans-icon\"><\/div>\n<\/div>\n<\/div><\/section><\/div><div class=\"flex_column av_one_full  flex_column_div av-zero-column-padding first  avia-builder-el-4  el_after_av_one_full  el_before_av_hr  column-top-margin\" style='border-radius:0px; '><section class=\"av_textblock_section \"  itemscope=\"itemscope\" itemtype=\"https:\/\/schema.org\/BlogPosting\" itemprop=\"blogPost\" ><div class='avia_textblock  '   itemprop=\"text\" ><p style=\"text-align: justify;\"><em>Tom\u00e1s Laibe, vocero subrogante, destac\u00f3 la iniciativa, que tiene como objetivo sensibilizar a la poblaci\u00f3n para prevenir la discriminaci\u00f3n hacia la comunidad LGBTIQA+, especialmente en redes sociales.<\/em><\/p>\n<p style=\"text-align: justify;\">Este martes, el Observatorio de Participaci\u00f3n Ciudadana y No Discriminaci\u00f3n, del Ministerio Secretar\u00eda General de Gobierno, present\u00f3 la campa\u00f1a \u201cEn Lugar de Violencia: Respeto\u201d, que apunta a relevar y promover la generaci\u00f3n de espacios seguros para ni\u00f1os, ni\u00f1as y adolescentes trans, considerando que este grupo etario se encuentra m\u00e1s expuesto a los discursos de odio y discriminaci\u00f3n, especialmente en plataformas digitales.<\/p>\n<p style=\"text-align: justify;\">En nuestra regi\u00f3n, el vocero (s) Tom\u00e1s Laibe, valor\u00f3 y relev\u00f3 la iniciativa, se\u00f1alando que el Gobierno del Presidente Gabriel Boric ha asumido el compromiso de trabajar para hacer de Chile un lugar donde ning\u00fan ni\u00f1o, ni\u00f1a o adolescente sea discriminada\/o por ninguna circunstancia.<\/p>\n<p style=\"text-align: justify;\">\u201c<em>En Lugar de Violencia: Respeto<\/em>, es una campa\u00f1a que nace de un compromiso adquirido por Ministerio Secretar\u00eda General de Gobierno, en el marco del Segundo Plan Nacional de Derechos Humanos, y nace de la necesidad y urgencia de visibilizar la violencia y discursos de odio que proliferan en redes sociales y que afectan, en mayor medida, a ni\u00f1os, ni\u00f1as y adolescentes trans de Chile y la regi\u00f3n de Ays\u00e9n, quienes lamentablemente son motivo de violencia y discriminaci\u00f3n desde muy temprana edad\u201d, explic\u00f3.<\/p>\n<p style=\"text-align: justify;\">\u201cFrente a esta realidad, como Gobierno nos hemos comprometido a garantizar espacios seguros y promover una sociedad m\u00e1s respetuosa, acogedora y justa. Por eso es que hacemos un llamado a la sociedad, y en nuestro caso especialmente a las y los habitantes de la regi\u00f3n de Ays\u00e9n, para que tomen acci\u00f3n y dejen de ser testigos pasivos ante situaciones de violencia y discriminaci\u00f3n que afecten a las personas LGBTIQA+ durante su ni\u00f1ez y adolescencia. Es responsabilidad de todos y todas construir entornos m\u00e1s seguros y respetuosos\u201d.<\/p>\n<p style=\"text-align: justify;\">Al respecto, Jimena Silva, de la Corporaci\u00f3n TransFormando se\u00f1al\u00f3: \u201cComo Corporaci\u00f3n TransFormando, nos parece que es una campa\u00f1a justa y necesaria, hay mucha desinformaci\u00f3n en la comunidad y hemos visto y escuchado en las \u00faltimas semanas discursos de odio y reflexiones francamente absurdas respecto de los procesos de transici\u00f3n de g\u00e9nero de ni\u00f1os, ni\u00f1as y adolescentes, en espec\u00edfico de las terapias hormonales. Queremos enfatizar que un ni\u00f1o, ni\u00f1a o adolescente trans puede ser tan feliz como cualquiera, que puede realizarse como cualquier persona, solo necesita una familia que lo ame y una sociedad educada\u201d.<\/p>\n<p style=\"text-align: justify;\">La campa\u00f1a incluye mensajes en radio, por redes sociales, videos y otros elementos audiovisuales que se pueden encontrar en la p\u00e1gina web <a href=\"http:\/\/www.lugarderespeto.cl\">www.lugarderespeto.cl<\/a>, y busca crear conciencia en cuanto a que una sociedad democr\u00e1tica se construye sobre la base del respeto y la inclusi\u00f3n, valores que sostienen la convivencia de una democracia sana. El video de la campa\u00f1a \u201cEn Lugar de Violencia: Respeto\u201d, se puede encontrar tambi\u00e9n en el siguiente link: <a href=\"https:\/\/www.youtube.com\/watch?v=kN6M2wylWuY\">https:\/\/www.youtube.com\/watch?v=kN6M2wylWuY<\/a><\/p>\n<\/div><\/section><\/div><div  style='height:50px' class='hr hr-invisible   avia-builder-el-6  el_after_av_one_full  el_before_av_social_share '><span class='hr-inner ' ><span class='hr-inner-style'><\/span><\/span><\/div><\/p>\n<div  class='av-social-sharing-box  avia-builder-el-7  el_after_av_hr  el_before_av_hr  '><div class='av-share-box'><h5 class='av-share-link-description av-no-toc '>Compartir esta noticia<\/h5><ul class='av-share-box-list noLightbox'><li class='av-share-link av-social-link-facebook' ><a target=\"_blank\" aria-label=\"Compartir en Facebook\" href='https:\/\/www.facebook.com\/sharer.php?u=https:\/\/radiorevelacionfm.cl\/?p=48682&#038;t=%E2%80%9CEn%20Lugar%20de%20Violencia%3A%20Respeto%E2%80%9D%20Gobierno%20present%C3%B3%20campa%C3%B1a%20de%20prevenci%C3%B3n%20de%20la%20violencia%20con%20foco%20en%20la%20ni%C3%B1ez%20y%20la%20adolescencia%20trans' aria-hidden='false' data-av_icon='\ue8f3' data-av_iconfont='entypo-fontello' title='' data-avia-related-tooltip='Compartir en Facebook' rel=\"noopener\"><span class='avia_hidden_link_text'>Compartir en Facebook<\/span><\/a><\/li><li class='av-share-link av-social-link-twitter' ><a target=\"_blank\" aria-label=\"Compartir en Twitter\" href='https:\/\/twitter.com\/share?text=%E2%80%9CEn%20Lugar%20de%20Violencia%3A%20Respeto%E2%80%9D%20Gobierno%20present%C3%B3%20campa%C3%B1a%20de%20prevenci%C3%B3n%20de%20la%20violencia%20con%20foco%20en%20la%20ni%C3%B1ez%20y%20la%20adolescencia%20trans&#038;url=https:\/\/radiorevelacionfm.cl\/?p=48682' aria-hidden='false' data-av_icon='\ue8f1' data-av_iconfont='entypo-fontello' title='' data-avia-related-tooltip='Compartir en Twitter' rel=\"noopener\"><span class='avia_hidden_link_text'>Compartir en Twitter<\/span><\/a><\/li><li class='av-share-link av-social-link-whatsapp' ><a target=\"_blank\" aria-label=\"Compartir en Whatsapp\" href='https:\/\/api.whatsapp.com\/send?text=https:\/\/radiorevelacionfm.cl\/?p=48682' aria-hidden='false' data-av_icon='\uf232' data-av_iconfont='entypo-fontello' title='' data-avia-related-tooltip='Compartir en Whatsapp' rel=\"noopener\"><span class='avia_hidden_link_text'>Compartir en Whatsapp<\/span><\/a><\/li><li class='av-share-link av-social-link-linkedin' ><a target=\"_blank\" aria-label=\"Compartir en LinkedIn\" href='https:\/\/linkedin.com\/shareArticle?mini=true&#038;title=%E2%80%9CEn%20Lugar%20de%20Violencia%3A%20Respeto%E2%80%9D%20Gobierno%20present%C3%B3%20campa%C3%B1a%20de%20prevenci%C3%B3n%20de%20la%20violencia%20con%20foco%20en%20la%20ni%C3%B1ez%20y%20la%20adolescencia%20trans&#038;url=https:\/\/radiorevelacionfm.cl\/?p=48682' aria-hidden='false' data-av_icon='\ue8fc' data-av_iconfont='entypo-fontello' title='' data-avia-related-tooltip='Compartir en LinkedIn' rel=\"noopener\"><span class='avia_hidden_link_text'>Compartir en LinkedIn<\/span><\/a><\/li><li class='av-share-link av-social-link-mail' ><a  aria-label=\"Compartir por correo\" href='mailto:?subject=%E2%80%9CEn%20Lugar%20de%20Violencia%3A%20Respeto%E2%80%9D%20Gobierno%20present%C3%B3%20campa%C3%B1a%20de%20prevenci%C3%B3n%20de%20la%20violencia%20con%20foco%20en%20la%20ni%C3%B1ez%20y%20la%20adolescencia%20trans&#038;body=https:\/\/radiorevelacionfm.cl\/?p=48682' aria-hidden='false' data-av_icon='\ue805' data-av_iconfont='entypo-fontello' title='' data-avia-related-tooltip='Compartir por correo'><span class='avia_hidden_link_text'>Compartir por correo<\/span><\/a><\/li><\/ul><\/div><\/div>\n<div  style='height:50px' class='hr hr-invisible   avia-builder-el-8  el_after_av_social_share  el_before_av_comments_list '><span class='hr-inner ' ><span class='hr-inner-style'><\/span><\/span><\/div>\n<div  class='av-buildercomment  av-blog-meta-html-info-disabled av-blog-meta-tag-disabled  '><\/div>\n","protected":false},"excerpt":{"rendered":"","protected":false},"author":1,"featured_media":48683,"comment_status":"open","ping_status":"open","sticky":false,"template":"","format":"standard","meta":{"footnotes":""},"categories":[38],"tags":[],"class_list":["post-48682","post","type-post","status-publish","format-standard","has-post-thumbnail","hentry","category-regional"],"jetpack_featured_media_url":"https:\/\/radiorevelacionfm.cl\/wp-content\/uploads\/2024\/12\/foto_campana-en-lugar-de-violencia-respeto-1_optimized.jpeg","_links":{"self":[{"href":"https:\/\/radiorevelacionfm.cl\/index.php?rest_route=\/wp\/v2\/posts\/48682","targetHints":{"allow":["GET"]}}],"collection":[{"href":"https:\/\/radiorevelacionfm.cl\/index.php?rest_route=\/wp\/v2\/posts"}],"about":[{"href":"https:\/\/radiorevelacionfm.cl\/index.php?rest_route=\/wp\/v2\/types\/post"}],"author":[{"embeddable":true,"href":"https:\/\/radiorevelacionfm.cl\/index.php?rest_route=\/wp\/v2\/users\/1"}],"replies":[{"embeddable":true,"href":"https:\/\/radiorevelacionfm.cl\/index.php?rest_route=%2Fwp%2Fv2%2Fcomments&post=48682"}],"version-history":[{"count":1,"href":"https:\/\/radiorevelacionfm.cl\/index.php?rest_route=\/wp\/v2\/posts\/48682\/revisions"}],"predecessor-version":[{"id":48684,"href":"https:\/\/radiorevelacionfm.cl\/index.php?rest_route=\/wp\/v2\/posts\/48682\/revisions\/48684"}],"wp:featuredmedia":[{"embeddable":true,"href":"https:\/\/radiorevelacionfm.cl\/index.php?rest_route=\/wp\/v2\/media\/48683"}],"wp:attachment":[{"href":"https:\/\/radiorevelacionfm.cl\/index.php?rest_route=%2Fwp%2Fv2%2Fmedia&parent=48682"}],"wp:term":[{"taxonomy":"category","embeddable":true,"href":"https:\/\/radiorevelacionfm.cl\/index.php?rest_route=%2Fwp%2Fv2%2Fcategories&post=48682"},{"taxonomy":"post_tag","embeddable":true,"href":"https:\/\/radiorevelacionfm.cl\/index.php?rest_route=%2Fwp%2Fv2%2Ftags&post=48682"}],"curies":[{"name":"wp","href":"https:\/\/api.w.org\/{rel}","templated":true}]}}