{"id":48679,"date":"2024-12-09T13:38:28","date_gmt":"2024-12-09T16:38:28","guid":{"rendered":"https:\/\/radiorevelacionfm.cl\/?p=48679"},"modified":"2024-12-09T13:38:28","modified_gmt":"2024-12-09T16:38:28","slug":"jardin-sobre-ruedas-realizo-noveno-encuentro-con-familias-en-aysen","status":"publish","type":"post","link":"https:\/\/radiorevelacionfm.cl\/?p=48679","title":{"rendered":"Jard\u00edn Sobre Ruedas realiz\u00f3 noveno encuentro con familias en Ays\u00e9n"},"content":{"rendered":"<div class=\"flex_column av_one_full  flex_column_div av-zero-column-padding first  avia-builder-el-0  el_before_av_one_full  avia-builder-el-first  \" style='border-radius:0px; '><div  class='avia-image-container  av-styling-    avia-builder-el-1  avia-builder-el-no-sibling  avia-align-center '  itemprop=\"image\" itemscope=\"itemscope\" itemtype=\"https:\/\/schema.org\/ImageObject\"  ><div class='avia-image-container-inner'><div class='avia-image-overlay-wrap'><img decoding=\"async\" class='wp-image-48680 avia-img-lazy-loading-not-48680 avia_image' src=\"https:\/\/radiorevelacionfm.cl\/wp-content\/uploads\/2024\/12\/IMG_4337-1-1.jpg\" alt='' title='IMG_4337 (1) (1)' height=\"600\" width=\"902\"  itemprop=\"thumbnailUrl\" srcset=\"https:\/\/radiorevelacionfm.cl\/wp-content\/uploads\/2024\/12\/IMG_4337-1-1.jpg 902w, https:\/\/radiorevelacionfm.cl\/wp-content\/uploads\/2024\/12\/IMG_4337-1-1-300x200.jpg 300w, https:\/\/radiorevelacionfm.cl\/wp-content\/uploads\/2024\/12\/IMG_4337-1-1-768x511.jpg 768w, https:\/\/radiorevelacionfm.cl\/wp-content\/uploads\/2024\/12\/IMG_4337-1-1-705x469.jpg 705w, https:\/\/radiorevelacionfm.cl\/wp-content\/uploads\/2024\/12\/IMG_4337-1-1-450x299.jpg 450w, https:\/\/radiorevelacionfm.cl\/wp-content\/uploads\/2024\/12\/IMG_4337-1-1-600x399.jpg 600w\" sizes=\"(max-width: 902px) 100vw, 902px\" \/><\/div><\/div><\/div><\/div><div class=\"flex_column av_one_full  flex_column_div av-zero-column-padding first  avia-builder-el-2  el_after_av_one_full  el_before_av_one_full  column-top-margin\" style='border-radius:0px; '><section class=\"av_textblock_section \"  itemscope=\"itemscope\" itemtype=\"https:\/\/schema.org\/BlogPosting\" itemprop=\"blogPost\" ><div class='avia_textblock  '   itemprop=\"text\" ><p style=\"text-align: center;\"><strong><span style=\"font-size: 18pt;\">\u00a0Jard\u00edn Sobre Ruedas realiz\u00f3 noveno encuentro con familias en Ays\u00e9n<\/span><\/strong><\/p>\n<div id=\"gtx-trans\" style=\"position: absolute; left: -50px; top: 4.31534px;\">\n<div class=\"gtx-trans-icon\"><\/div>\n<\/div>\n<\/div><\/section><\/div><div class=\"flex_column av_one_full  flex_column_div av-zero-column-padding first  avia-builder-el-4  el_after_av_one_full  el_before_av_hr  column-top-margin\" style='border-radius:0px; '><section class=\"av_textblock_section \"  itemscope=\"itemscope\" itemtype=\"https:\/\/schema.org\/BlogPosting\" itemprop=\"blogPost\" ><div class='avia_textblock  '   itemprop=\"text\" ><p style=\"font-weight: 400; text-align: justify;\"><em>En la actividad, adem\u00e1s, qued\u00f3 en evidencia el trabajo que desarroll\u00f3 el jard\u00edn infantil tras la adjudicaci\u00f3n e implementaci\u00f3n del Fondo de Innovaci\u00f3n de Educaci\u00f3n Parvularia (FIEP).<\/em><\/p>\n<p style=\"font-weight: 400; text-align: justify;\">Bajo el lema \u201cJuego y Aprendo con Flor y Truco me Sorprendo\u201d, la Modalidad No Convencional Jard\u00edn Sobre Ruedas (JSR) de Fundaci\u00f3n Integra de la regi\u00f3n de Ays\u00e9n realiz\u00f3 su noveno encuentro con familias, reafirmando el compromiso que tiene la instituci\u00f3n con la educaci\u00f3n inicial. Este encuentro convoc\u00f3 a familias de Coyhaique, \u00d1irehuao y Ma\u00f1ihuales, y tuvo por objetivo rescatar las tradiciones culturales y saberes de las familias de la modalidad para enriquecer las experiencias educativas desde su pertenencia cultural.<\/p>\n<p style=\"font-weight: 400; text-align: justify;\">Carolina Ojeda, educadora de la modalidad destaca que \u201cla importancia de este encuentro est\u00e1 en el conocerse, en el compartir, en el emocionarse,. Es una instancia que pocas veces se da en la actualidad y poder tener estos espacios de reflexi\u00f3n nos permiten poder llegar con aprendizajes significativos para ni\u00f1os, ni\u00f1as y sus familias\u201d.<\/p>\n<p style=\"font-weight: 400; text-align: justify;\">Desde Fundaci\u00f3n Integra recalcan el rol que cumple la familia en la educaci\u00f3n de los ni\u00f1os donde los estos se constituyen en el sustento de esta modalidad, pues su presencia permite fortalecer la instancia educativa al compartir cada encuentro con sus hijas e hijos, adem\u00e1s de participar activamente de las de las experiencias, con el prop\u00f3sito de aprender nuevas estrategias y favorecer los aprendizajes de sus ni\u00f1os y ni\u00f1as e enriquecer sus pr\u00e1cticas de crianzas.<\/p>\n<p style=\"font-weight: 400; text-align: justify;\">Leticia Araya Norambuena, directora regional de Fundaci\u00f3n Integra refuerza \u201cque este encuentro permite reflejar el trabajo colaborativo que tiene esta modalidad, pero tambi\u00e9n desde lo significativo ya que permite que familias se encuentren, comenten y reflexionen sobre lo que hacen sus hijos desde sus respectivas realidades, pero por sobre todo de compartir la experiencia de educar y de que los ni\u00f1os y ni\u00f1as est\u00e9n en el centro de nuestro quehacer\u201d.<\/p>\n<p style=\"font-weight: 400; text-align: justify;\">El Jard\u00edn Sobre Ruedas tiene como prop\u00f3sito principal ofrecer educaci\u00f3n inicial de calidad, adaptada a las caracter\u00edsticas y necesidades de los ni\u00f1os y ni\u00f1as en localidades rurales. Este enfoque educativo promueve una f\u00e9rrea alianza entre las familias, la comunidad y los equipos pedag\u00f3gicos, garantizando aprendizajes significativos y pr\u00e1cticas de crianza enriquecedoras.<\/p>\n<p style=\"font-weight: 400; text-align: justify;\">Las familias que participaron valoraron este espacio como una oportunidad \u00fanica para compartir experiencias. Lidia Aguilar, apoderada de \u00d1irehuao, destac\u00f3 que \u201c estuvo bien y es bueno que se junten los ni\u00f1os porque le permite conocer a otras personas y uno tambi\u00e9n puede disfrutar de estas jornadas\u201d.<\/p>\n<p style=\"font-weight: 400; text-align: justify;\">Una opini\u00f3n similar tiene Daniel Valladares quien viaj\u00f3 desde Coyhaique para poder participar de esta instancia destacando que \u201cle pareci\u00f3 bueno, interesante para poder ver las actividades que desarrollan los ni\u00f1os y c\u00f3mo podemos replicar estas acciones en casa\u201d. A la vez destaca la importancia que ha tenido esta modalidad en los aprendizajes de su hija reforzando que \u201ccon el transcurso del tiempo se han notado los avances en ella\u201d.<\/p>\n<p style=\"font-weight: 400; text-align: justify;\">Dato no menor es que producto del trabajo desarrollado en este proyecto se cre\u00f3 e implement\u00f3 una serie de \u00abplazas comunitarias\u00bb -fijas y m\u00f3viles- las que fueron equipadas con juegos tradicionales y estructuras de juego dise\u00f1adas para mejorar el aprendizaje y la socializaci\u00f3n de una manera culturalmente relevante.<\/p>\n<p style=\"font-weight: 400; text-align: justify;\">Cabe recordar que el Jard\u00edn Sobre Ruedas, trabaja en 4 localidades de la regi\u00f3n como lo son \u00d1irehuao, Arroyo El Gato, Ma\u00f1ihuales y Coyhaique y cuyo prop\u00f3sito es ofrecer a ni\u00f1os y ni\u00f1as de educaci\u00f3n inicial de calidad, pertinente a sus necesidades e intereses y caracter\u00edsticas de aprendizaje, a trav\u00e9s de un trabajo en conjunto con las familias y la comunidad local en que se emplaza.<\/p>\n<p style=\"font-weight: 400; text-align: justify;\">Fundaci\u00f3n Integra, con 34 a\u00f1os de experiencia y m\u00e1s de 1.200 salas cuna y jardines infantiles gratuitos en todo el pa\u00eds, trabaja para que ni\u00f1as y ni\u00f1os alcancen su desarrollo pleno, bienestar integral y aprendizajes significativos, a trav\u00e9s de su protagonismo en espacios educativos amorosos, inclusivos, diversos y de calidad.<\/p>\n<\/div><\/section><\/div><div  style='height:50px' class='hr hr-invisible   avia-builder-el-6  el_after_av_one_full  el_before_av_social_share '><span class='hr-inner ' ><span class='hr-inner-style'><\/span><\/span><\/div><\/p>\n<div  class='av-social-sharing-box  avia-builder-el-7  el_after_av_hr  el_before_av_hr  '><div class='av-share-box'><h5 class='av-share-link-description av-no-toc '>Compartir esta noticia<\/h5><ul class='av-share-box-list noLightbox'><li class='av-share-link av-social-link-facebook' ><a target=\"_blank\" aria-label=\"Compartir en Facebook\" href='https:\/\/www.facebook.com\/sharer.php?u=https:\/\/radiorevelacionfm.cl\/?p=48679&#038;t=Jard%C3%ADn%20Sobre%20Ruedas%20realiz%C3%B3%20noveno%20encuentro%20con%20familias%20en%20Ays%C3%A9n' aria-hidden='false' data-av_icon='\ue8f3' data-av_iconfont='entypo-fontello' title='' data-avia-related-tooltip='Compartir en Facebook' rel=\"noopener\"><span class='avia_hidden_link_text'>Compartir en Facebook<\/span><\/a><\/li><li class='av-share-link av-social-link-twitter' ><a target=\"_blank\" aria-label=\"Compartir en Twitter\" href='https:\/\/twitter.com\/share?text=Jard%C3%ADn%20Sobre%20Ruedas%20realiz%C3%B3%20noveno%20encuentro%20con%20familias%20en%20Ays%C3%A9n&#038;url=https:\/\/radiorevelacionfm.cl\/?p=48679' aria-hidden='false' data-av_icon='\ue8f1' data-av_iconfont='entypo-fontello' title='' data-avia-related-tooltip='Compartir en Twitter' rel=\"noopener\"><span class='avia_hidden_link_text'>Compartir en Twitter<\/span><\/a><\/li><li class='av-share-link av-social-link-whatsapp' ><a target=\"_blank\" aria-label=\"Compartir en Whatsapp\" href='https:\/\/api.whatsapp.com\/send?text=https:\/\/radiorevelacionfm.cl\/?p=48679' aria-hidden='false' data-av_icon='\uf232' data-av_iconfont='entypo-fontello' title='' data-avia-related-tooltip='Compartir en Whatsapp' rel=\"noopener\"><span class='avia_hidden_link_text'>Compartir en Whatsapp<\/span><\/a><\/li><li class='av-share-link av-social-link-linkedin' ><a target=\"_blank\" aria-label=\"Compartir en LinkedIn\" href='https:\/\/linkedin.com\/shareArticle?mini=true&#038;title=Jard%C3%ADn%20Sobre%20Ruedas%20realiz%C3%B3%20noveno%20encuentro%20con%20familias%20en%20Ays%C3%A9n&#038;url=https:\/\/radiorevelacionfm.cl\/?p=48679' aria-hidden='false' data-av_icon='\ue8fc' data-av_iconfont='entypo-fontello' title='' data-avia-related-tooltip='Compartir en LinkedIn' rel=\"noopener\"><span class='avia_hidden_link_text'>Compartir en LinkedIn<\/span><\/a><\/li><li class='av-share-link av-social-link-mail' ><a  aria-label=\"Compartir por correo\" href='mailto:?subject=Jard%C3%ADn%20Sobre%20Ruedas%20realiz%C3%B3%20noveno%20encuentro%20con%20familias%20en%20Ays%C3%A9n&#038;body=https:\/\/radiorevelacionfm.cl\/?p=48679' aria-hidden='false' data-av_icon='\ue805' data-av_iconfont='entypo-fontello' title='' data-avia-related-tooltip='Compartir por correo'><span class='avia_hidden_link_text'>Compartir por correo<\/span><\/a><\/li><\/ul><\/div><\/div>\n<div  style='height:50px' class='hr hr-invisible   avia-builder-el-8  el_after_av_social_share  el_before_av_comments_list '><span class='hr-inner ' ><span class='hr-inner-style'><\/span><\/span><\/div>\n<div  class='av-buildercomment  av-blog-meta-html-info-disabled av-blog-meta-tag-disabled  '><\/div>\n","protected":false},"excerpt":{"rendered":"","protected":false},"author":1,"featured_media":48680,"comment_status":"open","ping_status":"open","sticky":false,"template":"","format":"standard","meta":{"footnotes":""},"categories":[49],"tags":[],"class_list":["post-48679","post","type-post","status-publish","format-standard","has-post-thumbnail","hentry","category-educacion"],"jetpack_featured_media_url":"https:\/\/radiorevelacionfm.cl\/wp-content\/uploads\/2024\/12\/IMG_4337-1-1.jpg","_links":{"self":[{"href":"https:\/\/radiorevelacionfm.cl\/index.php?rest_route=\/wp\/v2\/posts\/48679","targetHints":{"allow":["GET"]}}],"collection":[{"href":"https:\/\/radiorevelacionfm.cl\/index.php?rest_route=\/wp\/v2\/posts"}],"about":[{"href":"https:\/\/radiorevelacionfm.cl\/index.php?rest_route=\/wp\/v2\/types\/post"}],"author":[{"embeddable":true,"href":"https:\/\/radiorevelacionfm.cl\/index.php?rest_route=\/wp\/v2\/users\/1"}],"replies":[{"embeddable":true,"href":"https:\/\/radiorevelacionfm.cl\/index.php?rest_route=%2Fwp%2Fv2%2Fcomments&post=48679"}],"version-history":[{"count":1,"href":"https:\/\/radiorevelacionfm.cl\/index.php?rest_route=\/wp\/v2\/posts\/48679\/revisions"}],"predecessor-version":[{"id":48681,"href":"https:\/\/radiorevelacionfm.cl\/index.php?rest_route=\/wp\/v2\/posts\/48679\/revisions\/48681"}],"wp:featuredmedia":[{"embeddable":true,"href":"https:\/\/radiorevelacionfm.cl\/index.php?rest_route=\/wp\/v2\/media\/48680"}],"wp:attachment":[{"href":"https:\/\/radiorevelacionfm.cl\/index.php?rest_route=%2Fwp%2Fv2%2Fmedia&parent=48679"}],"wp:term":[{"taxonomy":"category","embeddable":true,"href":"https:\/\/radiorevelacionfm.cl\/index.php?rest_route=%2Fwp%2Fv2%2Fcategories&post=48679"},{"taxonomy":"post_tag","embeddable":true,"href":"https:\/\/radiorevelacionfm.cl\/index.php?rest_route=%2Fwp%2Fv2%2Ftags&post=48679"}],"curies":[{"name":"wp","href":"https:\/\/api.w.org\/{rel}","templated":true}]}}