{"id":48670,"date":"2024-12-09T10:33:01","date_gmt":"2024-12-09T13:33:01","guid":{"rendered":"https:\/\/radiorevelacionfm.cl\/?p=48670"},"modified":"2024-12-09T10:33:01","modified_gmt":"2024-12-09T13:33:01","slug":"trabajo-intersectorial-busca-avanzar-en-coberturas-sociales-y-de-salud-mental-para-usuarios-de-la-region","status":"publish","type":"post","link":"https:\/\/radiorevelacionfm.cl\/?p=48670","title":{"rendered":"Trabajo intersectorial busca avanzar en coberturas sociales y de salud mental para usuarios de la regi\u00f3n"},"content":{"rendered":"<div class=\"flex_column av_one_full  flex_column_div av-zero-column-padding first  avia-builder-el-0  el_before_av_one_full  avia-builder-el-first  \" style='border-radius:0px; '><div  class='avia-image-container  av-styling-    avia-builder-el-1  avia-builder-el-no-sibling  avia-align-center '  itemprop=\"image\" itemscope=\"itemscope\" itemtype=\"https:\/\/schema.org\/ImageObject\"  ><div class='avia-image-container-inner'><div class='avia-image-overlay-wrap'><img decoding=\"async\" class='wp-image-48671 avia-img-lazy-loading-not-48671 avia_image' src=\"https:\/\/radiorevelacionfm.cl\/wp-content\/uploads\/2024\/12\/mesa-extraordinaria-1-1.jpeg\" alt='' title='mesa extraordinaria (1) (1)' height=\"600\" width=\"925\"  itemprop=\"thumbnailUrl\" srcset=\"https:\/\/radiorevelacionfm.cl\/wp-content\/uploads\/2024\/12\/mesa-extraordinaria-1-1.jpeg 925w, https:\/\/radiorevelacionfm.cl\/wp-content\/uploads\/2024\/12\/mesa-extraordinaria-1-1-300x195.jpeg 300w, https:\/\/radiorevelacionfm.cl\/wp-content\/uploads\/2024\/12\/mesa-extraordinaria-1-1-768x498.jpeg 768w, https:\/\/radiorevelacionfm.cl\/wp-content\/uploads\/2024\/12\/mesa-extraordinaria-1-1-705x457.jpeg 705w, https:\/\/radiorevelacionfm.cl\/wp-content\/uploads\/2024\/12\/mesa-extraordinaria-1-1-450x292.jpeg 450w, https:\/\/radiorevelacionfm.cl\/wp-content\/uploads\/2024\/12\/mesa-extraordinaria-1-1-600x389.jpeg 600w\" sizes=\"(max-width: 925px) 100vw, 925px\" \/><\/div><\/div><\/div><\/div><div class=\"flex_column av_one_full  flex_column_div av-zero-column-padding first  avia-builder-el-2  el_after_av_one_full  el_before_av_one_full  column-top-margin\" style='border-radius:0px; '><section class=\"av_textblock_section \"  itemscope=\"itemscope\" itemtype=\"https:\/\/schema.org\/BlogPosting\" itemprop=\"blogPost\" ><div class='avia_textblock  '   itemprop=\"text\" ><p style=\"text-align: center;\"><span style=\"font-size: 18pt;\"><strong>Trabajo intersectorial busca avanzar en coberturas sociales y de salud mental para usuarios de la regi\u00f3n<\/strong><\/span><\/p>\n<div id=\"gtx-trans\" style=\"position: absolute; left: -50px; top: 4.31534px;\">\n<div class=\"gtx-trans-icon\"><\/div>\n<\/div>\n<\/div><\/section><\/div><div class=\"flex_column av_one_full  flex_column_div av-zero-column-padding first  avia-builder-el-4  el_after_av_one_full  el_before_av_hr  column-top-margin\" style='border-radius:0px; '><section class=\"av_textblock_section \"  itemscope=\"itemscope\" itemtype=\"https:\/\/schema.org\/BlogPosting\" itemprop=\"blogPost\" ><div class='avia_textblock  '   itemprop=\"text\" ><p style=\"text-align: justify;\"><em>Actualmente, existen pacientes que, al no contar con redes de apoyo, requieren de soluciones integrales para mejorar su condici\u00f3n de salud mental y calidad de vida.<\/em><\/p>\n<p style=\"text-align: justify;\">Avanzar en planes y programas de salud mental, ha sido una constante en el Ministerio de Salud y el Gobierno del Presidente Gabriel Boric, con el objetivo de abordar la postergaci\u00f3n en los servicios sanitarios y en el acceso a la atenci\u00f3n que ocurri\u00f3 durante todo el periodo de pandemia. Frente a este escenario, la regi\u00f3n de Ays\u00e9n no ha estado exenta de impulsar agendas de trabajo intersectoriales para atender los casos m\u00e1s urgentes de usuarios que requieren intervenciones concretas para mejorar su salud mental y calidad de vida.<\/p>\n<p style=\"text-align: justify;\">Tal como ocurre con una Mesa Intersectorial, de trabajo excepcional, que re\u00fane a las secretar\u00edas ministeriales de Salud, Desarrollo Social, Justicia, el Instituto Nacional de Derechos Humanos, el Servicio de Salud, el Servicio Nacional de Discapacidad y la Municipalidad de Coyhaique, para abordar este tipo de situaciones en la capital regional.\u00a0 Tal como lo manifest\u00f3 la Seremi de Salud, Carmen Monsalve G\u00f3mez, quien entreg\u00f3 m\u00e1s antecedentes respecto a la labor que aqu\u00ed se realiza. \u201cEn nuestra regi\u00f3n, hemos tomado este gran desaf\u00edo hace un tiempo, donde hemos analizado las oportunidades que tenemos de dar una respuesta a nivel regional tanto en el \u00e1mbito asistencial, como en el \u00e1mbito de lo social, respecto de los casos m\u00e1s complejos que tenemos para poder analizar de manera profunda cu\u00e1l es el accionar de cada uno de los servicios, cu\u00e1les son las orientaciones o las tareas principales que cada uno debe fortalecer para tener un piso s\u00f3lido en la entrega de nuestros servicios, pero tambi\u00e9n cu\u00e1les son esas oportunidades de articular soluciones que tienen que mover recursos sectoriales e intersectoriales que permita fortalecer el sistema de cuidados que todas las personas con problemas de salud mental o con discapacidad tienen.\u201d<\/p>\n<p style=\"text-align: justify;\">En este contexto, la Autoridad Sanitaria, recalc\u00f3 adem\u00e1s que estas acciones no solo requieren una perspectiva desde el sector salud, sino que debe ser integral ya que la salud de una persona est\u00e1 determinada en un 75% por las condiciones que la rodean, por la oportunidad que tienen de tener una familia que los cobije, de poder tener una continuidad de sus cuidados, de poder tener acceso por cierto a los servicios del Estado, a la educaci\u00f3n, a los servicios de desarrollo social y seguridad. Por lo que el trabajo intersectorial que se esta desarrollando plantea importantes desaf\u00edos cuyo fin \u00faltimo, es avanzar en una propuesta que amplie las coberturas sociales y de salud mental para usuarios de la poblaci\u00f3n que hoy no cuentan con redes de apoyo.<\/p>\n<\/div><\/section><\/div><div  style='height:50px' class='hr hr-invisible   avia-builder-el-6  el_after_av_one_full  el_before_av_social_share '><span class='hr-inner ' ><span class='hr-inner-style'><\/span><\/span><\/div><\/p>\n<div  class='av-social-sharing-box  avia-builder-el-7  el_after_av_hr  el_before_av_hr  '><div class='av-share-box'><h5 class='av-share-link-description av-no-toc '>Compartir esta noticia<\/h5><ul class='av-share-box-list noLightbox'><li class='av-share-link av-social-link-facebook' ><a target=\"_blank\" aria-label=\"Compartir en Facebook\" href='https:\/\/www.facebook.com\/sharer.php?u=https:\/\/radiorevelacionfm.cl\/?p=48670&#038;t=Trabajo%20intersectorial%20busca%20avanzar%20en%20coberturas%20sociales%20y%20de%20salud%20mental%20para%20usuarios%20de%20la%20regi%C3%B3n' aria-hidden='false' data-av_icon='\ue8f3' data-av_iconfont='entypo-fontello' title='' data-avia-related-tooltip='Compartir en Facebook' rel=\"noopener\"><span class='avia_hidden_link_text'>Compartir en Facebook<\/span><\/a><\/li><li class='av-share-link av-social-link-twitter' ><a target=\"_blank\" aria-label=\"Compartir en Twitter\" href='https:\/\/twitter.com\/share?text=Trabajo%20intersectorial%20busca%20avanzar%20en%20coberturas%20sociales%20y%20de%20salud%20mental%20para%20usuarios%20de%20la%20regi%C3%B3n&#038;url=https:\/\/radiorevelacionfm.cl\/?p=48670' aria-hidden='false' data-av_icon='\ue8f1' data-av_iconfont='entypo-fontello' title='' data-avia-related-tooltip='Compartir en Twitter' rel=\"noopener\"><span class='avia_hidden_link_text'>Compartir en Twitter<\/span><\/a><\/li><li class='av-share-link av-social-link-whatsapp' ><a target=\"_blank\" aria-label=\"Compartir en Whatsapp\" href='https:\/\/api.whatsapp.com\/send?text=https:\/\/radiorevelacionfm.cl\/?p=48670' aria-hidden='false' data-av_icon='\uf232' data-av_iconfont='entypo-fontello' title='' data-avia-related-tooltip='Compartir en Whatsapp' rel=\"noopener\"><span class='avia_hidden_link_text'>Compartir en Whatsapp<\/span><\/a><\/li><li class='av-share-link av-social-link-linkedin' ><a target=\"_blank\" aria-label=\"Compartir en LinkedIn\" href='https:\/\/linkedin.com\/shareArticle?mini=true&#038;title=Trabajo%20intersectorial%20busca%20avanzar%20en%20coberturas%20sociales%20y%20de%20salud%20mental%20para%20usuarios%20de%20la%20regi%C3%B3n&#038;url=https:\/\/radiorevelacionfm.cl\/?p=48670' aria-hidden='false' data-av_icon='\ue8fc' data-av_iconfont='entypo-fontello' title='' data-avia-related-tooltip='Compartir en LinkedIn' rel=\"noopener\"><span class='avia_hidden_link_text'>Compartir en LinkedIn<\/span><\/a><\/li><li class='av-share-link av-social-link-mail' ><a  aria-label=\"Compartir por correo\" href='mailto:?subject=Trabajo%20intersectorial%20busca%20avanzar%20en%20coberturas%20sociales%20y%20de%20salud%20mental%20para%20usuarios%20de%20la%20regi%C3%B3n&#038;body=https:\/\/radiorevelacionfm.cl\/?p=48670' aria-hidden='false' data-av_icon='\ue805' data-av_iconfont='entypo-fontello' title='' data-avia-related-tooltip='Compartir por correo'><span class='avia_hidden_link_text'>Compartir por correo<\/span><\/a><\/li><\/ul><\/div><\/div>\n<div  style='height:50px' class='hr hr-invisible   avia-builder-el-8  el_after_av_social_share  el_before_av_comments_list '><span class='hr-inner ' ><span class='hr-inner-style'><\/span><\/span><\/div>\n<div  class='av-buildercomment  av-blog-meta-html-info-disabled av-blog-meta-tag-disabled  '><\/div>\n","protected":false},"excerpt":{"rendered":"","protected":false},"author":1,"featured_media":48671,"comment_status":"open","ping_status":"open","sticky":false,"template":"","format":"standard","meta":{"footnotes":""},"categories":[46],"tags":[],"class_list":["post-48670","post","type-post","status-publish","format-standard","has-post-thumbnail","hentry","category-salud"],"jetpack_featured_media_url":"https:\/\/radiorevelacionfm.cl\/wp-content\/uploads\/2024\/12\/mesa-extraordinaria-1-1.jpeg","_links":{"self":[{"href":"https:\/\/radiorevelacionfm.cl\/index.php?rest_route=\/wp\/v2\/posts\/48670","targetHints":{"allow":["GET"]}}],"collection":[{"href":"https:\/\/radiorevelacionfm.cl\/index.php?rest_route=\/wp\/v2\/posts"}],"about":[{"href":"https:\/\/radiorevelacionfm.cl\/index.php?rest_route=\/wp\/v2\/types\/post"}],"author":[{"embeddable":true,"href":"https:\/\/radiorevelacionfm.cl\/index.php?rest_route=\/wp\/v2\/users\/1"}],"replies":[{"embeddable":true,"href":"https:\/\/radiorevelacionfm.cl\/index.php?rest_route=%2Fwp%2Fv2%2Fcomments&post=48670"}],"version-history":[{"count":1,"href":"https:\/\/radiorevelacionfm.cl\/index.php?rest_route=\/wp\/v2\/posts\/48670\/revisions"}],"predecessor-version":[{"id":48672,"href":"https:\/\/radiorevelacionfm.cl\/index.php?rest_route=\/wp\/v2\/posts\/48670\/revisions\/48672"}],"wp:featuredmedia":[{"embeddable":true,"href":"https:\/\/radiorevelacionfm.cl\/index.php?rest_route=\/wp\/v2\/media\/48671"}],"wp:attachment":[{"href":"https:\/\/radiorevelacionfm.cl\/index.php?rest_route=%2Fwp%2Fv2%2Fmedia&parent=48670"}],"wp:term":[{"taxonomy":"category","embeddable":true,"href":"https:\/\/radiorevelacionfm.cl\/index.php?rest_route=%2Fwp%2Fv2%2Fcategories&post=48670"},{"taxonomy":"post_tag","embeddable":true,"href":"https:\/\/radiorevelacionfm.cl\/index.php?rest_route=%2Fwp%2Fv2%2Ftags&post=48670"}],"curies":[{"name":"wp","href":"https:\/\/api.w.org\/{rel}","templated":true}]}}