{"id":48667,"date":"2024-12-08T22:44:27","date_gmt":"2024-12-09T01:44:27","guid":{"rendered":"https:\/\/radiorevelacionfm.cl\/?p=48667"},"modified":"2024-12-08T22:44:27","modified_gmt":"2024-12-09T01:44:27","slug":"aysen-2050-trabajando-juntos-hacia-un-futuro-sostenible","status":"publish","type":"post","link":"https:\/\/radiorevelacionfm.cl\/?p=48667","title":{"rendered":"\u201cAys\u00e9n 2050: Trabajando Juntos Hacia un Futuro Sostenible\u201d"},"content":{"rendered":"<div class=\"flex_column av_one_full  flex_column_div av-zero-column-padding first  avia-builder-el-0  el_before_av_one_full  avia-builder-el-first  \" style='border-radius:0px; '><div  class='avia-image-container  av-styling-    avia-builder-el-1  avia-builder-el-no-sibling  avia-align-center '  itemprop=\"image\" itemscope=\"itemscope\" itemtype=\"https:\/\/schema.org\/ImageObject\"  ><div class='avia-image-container-inner'><div class='avia-image-overlay-wrap'><img decoding=\"async\" class='wp-image-48668 avia-img-lazy-loading-not-48668 avia_image' src=\"https:\/\/radiorevelacionfm.cl\/wp-content\/uploads\/2024\/12\/agrupaysen-2-1-1.jpeg\" alt='' title='agrupaysen (2) (1) (1)' height=\"600\" width=\"800\"  itemprop=\"thumbnailUrl\" srcset=\"https:\/\/radiorevelacionfm.cl\/wp-content\/uploads\/2024\/12\/agrupaysen-2-1-1.jpeg 800w, https:\/\/radiorevelacionfm.cl\/wp-content\/uploads\/2024\/12\/agrupaysen-2-1-1-300x225.jpeg 300w, https:\/\/radiorevelacionfm.cl\/wp-content\/uploads\/2024\/12\/agrupaysen-2-1-1-768x576.jpeg 768w, https:\/\/radiorevelacionfm.cl\/wp-content\/uploads\/2024\/12\/agrupaysen-2-1-1-705x529.jpeg 705w, https:\/\/radiorevelacionfm.cl\/wp-content\/uploads\/2024\/12\/agrupaysen-2-1-1-450x338.jpeg 450w, https:\/\/radiorevelacionfm.cl\/wp-content\/uploads\/2024\/12\/agrupaysen-2-1-1-600x450.jpeg 600w\" sizes=\"(max-width: 800px) 100vw, 800px\" \/><\/div><\/div><\/div><\/div><div class=\"flex_column av_one_full  flex_column_div av-zero-column-padding first  avia-builder-el-2  el_after_av_one_full  el_before_av_one_full  column-top-margin\" style='border-radius:0px; '><section class=\"av_textblock_section \"  itemscope=\"itemscope\" itemtype=\"https:\/\/schema.org\/BlogPosting\" itemprop=\"blogPost\" ><div class='avia_textblock  '   itemprop=\"text\" ><p style=\"text-align: center;\"><strong><span style=\"font-size: 18pt;\">\u201cAys\u00e9n 2050: Trabajando Juntos Hacia un Futuro Sostenible\u201d<\/span><\/strong><\/p>\n<div id=\"gtx-trans\" style=\"position: absolute; left: -50px; top: 4.31534px;\">\n<div class=\"gtx-trans-icon\"><\/div>\n<\/div>\n<\/div><\/section><\/div><div class=\"flex_column av_one_full  flex_column_div av-zero-column-padding first  avia-builder-el-4  el_after_av_one_full  el_before_av_hr  column-top-margin\" style='border-radius:0px; '><section class=\"av_textblock_section \"  itemscope=\"itemscope\" itemtype=\"https:\/\/schema.org\/BlogPosting\" itemprop=\"blogPost\" ><div class='avia_textblock  '   itemprop=\"text\" ><p style=\"text-align: justify;\">En el majestuoso entorno del hotel Lober\u00edas del Sur en Puerto Chacabuco, l\u00edderes regionales, gremios productivos y autoridades nacionales se reunieron en la \u201cJornada de Reflexi\u00f3n para el Futuro de Ays\u00e9n al 2050\u201d, con el objetivo de esbozar una visi\u00f3n conjunta que impulse el desarrollo sustentable de la regi\u00f3n.<\/p>\n<p style=\"text-align: justify;\"><strong>Un di\u00e1logo constructivo y visionario<\/strong><\/p>\n<p style=\"text-align: justify;\">La jornada se destac\u00f3 por un intenso di\u00e1logo entre el sector p\u00fablico y privado, explorando los desaf\u00edos y oportunidades que definir\u00e1n el futuro de Ays\u00e9n. Marcelo Santana, Gobernador Electo, subray\u00f3 la importancia de los acuerdos productivos regionales: \u201cEs vital que nuestras discusiones y acuerdos se traduzcan en una gobernanza efectiva que facilite una verdadera transformaci\u00f3n regional. Este evento ha sido crucial para alinear a las autoridades nacionales con las realidades y aspiraciones de Ays\u00e9n\u201d.<\/p>\n<p style=\"text-align: justify;\">Misael Ruiz, Presidente del gremio de prestadores de servicios acu\u00edcolas de Ays\u00e9n &#8211; AgrupAysen, destac\u00f3 el esp\u00edritu colaborativo del evento: \u201cLa jornada ha marcado un inicio prometedor para un trabajo colaborativo en la regi\u00f3n. Es un punto de partida hacia un proceso inclusivo donde todos los sectores contribuyan al dise\u00f1o de una Ays\u00e9n pr\u00f3spera y sostenible para el 2050\u201d.<\/p>\n<p style=\"text-align: justify;\">Conrado Redlich, Presidente de la Multigremial Ays\u00e9n, coment\u00f3 sobre la necesidad de acci\u00f3n concreta: \u201cEl compromiso est\u00e1 en pasar de la reflexi\u00f3n a la acci\u00f3n. Debemos trabajar unidos para transformar nuestra regi\u00f3n, enfoc\u00e1ndonos en soluciones conjuntas que aseguren el \u00e9xito a largo plazo\u201d.<\/p>\n<p style=\"text-align: justify;\"><strong>Una visi\u00f3n de futuro<\/strong><\/p>\n<p style=\"text-align: justify;\">David Sandoval, Senador de la regi\u00f3n de Ays\u00e9n, remarc\u00f3 la importancia del consenso y la cooperaci\u00f3n: \u201cEste encuentro es un llamado a dejar de lado las diferencias y trabajar juntos por el bienestar com\u00fan de Ays\u00e9n. Es tiempo de unir esfuerzos y avanzar hacia un desarrollo que respete tanto nuestro patrimonio natural como las necesidades de nuestra gente\u201d.<\/p>\n<p style=\"text-align: justify;\"><strong>Cerrando con un compromiso firme<\/strong><\/p>\n<p style=\"text-align: justify;\">La \u201cJornada de Reflexi\u00f3n para el Futuro de Ays\u00e9n al 2050\u201d concluy\u00f3 no solo con ideas y propuestas, sino con un compromiso renovado de todas las partes para trabajar juntas en pro de un futuro sostenible y equitativo. Este evento ha establecido un precedente para el desarrollo regional y ha reafirmado la importancia del di\u00e1logo y la colaboraci\u00f3n entre todos los sectores involucrados en la prosperidad de Ays\u00e9n.<\/p>\n<\/div><\/section><\/div><div  style='height:50px' class='hr hr-invisible   avia-builder-el-6  el_after_av_one_full  el_before_av_social_share '><span class='hr-inner ' ><span class='hr-inner-style'><\/span><\/span><\/div><\/p>\n<div  class='av-social-sharing-box  avia-builder-el-7  el_after_av_hr  el_before_av_hr  '><div class='av-share-box'><h5 class='av-share-link-description av-no-toc '>Compartir esta noticia<\/h5><ul class='av-share-box-list noLightbox'><li class='av-share-link av-social-link-facebook' ><a target=\"_blank\" aria-label=\"Compartir en Facebook\" href='https:\/\/www.facebook.com\/sharer.php?u=https:\/\/radiorevelacionfm.cl\/?p=48667&#038;t=%E2%80%9CAys%C3%A9n%202050%3A%20Trabajando%20Juntos%20Hacia%20un%20Futuro%20Sostenible%E2%80%9D' aria-hidden='false' data-av_icon='\ue8f3' data-av_iconfont='entypo-fontello' title='' data-avia-related-tooltip='Compartir en Facebook' rel=\"noopener\"><span class='avia_hidden_link_text'>Compartir en Facebook<\/span><\/a><\/li><li class='av-share-link av-social-link-twitter' ><a target=\"_blank\" aria-label=\"Compartir en Twitter\" href='https:\/\/twitter.com\/share?text=%E2%80%9CAys%C3%A9n%202050%3A%20Trabajando%20Juntos%20Hacia%20un%20Futuro%20Sostenible%E2%80%9D&#038;url=https:\/\/radiorevelacionfm.cl\/?p=48667' aria-hidden='false' data-av_icon='\ue8f1' data-av_iconfont='entypo-fontello' title='' data-avia-related-tooltip='Compartir en Twitter' rel=\"noopener\"><span class='avia_hidden_link_text'>Compartir en Twitter<\/span><\/a><\/li><li class='av-share-link av-social-link-whatsapp' ><a target=\"_blank\" aria-label=\"Compartir en Whatsapp\" href='https:\/\/api.whatsapp.com\/send?text=https:\/\/radiorevelacionfm.cl\/?p=48667' aria-hidden='false' data-av_icon='\uf232' data-av_iconfont='entypo-fontello' title='' data-avia-related-tooltip='Compartir en Whatsapp' rel=\"noopener\"><span class='avia_hidden_link_text'>Compartir en Whatsapp<\/span><\/a><\/li><li class='av-share-link av-social-link-linkedin' ><a target=\"_blank\" aria-label=\"Compartir en LinkedIn\" href='https:\/\/linkedin.com\/shareArticle?mini=true&#038;title=%E2%80%9CAys%C3%A9n%202050%3A%20Trabajando%20Juntos%20Hacia%20un%20Futuro%20Sostenible%E2%80%9D&#038;url=https:\/\/radiorevelacionfm.cl\/?p=48667' aria-hidden='false' data-av_icon='\ue8fc' data-av_iconfont='entypo-fontello' title='' data-avia-related-tooltip='Compartir en LinkedIn' rel=\"noopener\"><span class='avia_hidden_link_text'>Compartir en LinkedIn<\/span><\/a><\/li><li class='av-share-link av-social-link-mail' ><a  aria-label=\"Compartir por correo\" href='mailto:?subject=%E2%80%9CAys%C3%A9n%202050%3A%20Trabajando%20Juntos%20Hacia%20un%20Futuro%20Sostenible%E2%80%9D&#038;body=https:\/\/radiorevelacionfm.cl\/?p=48667' aria-hidden='false' data-av_icon='\ue805' data-av_iconfont='entypo-fontello' title='' data-avia-related-tooltip='Compartir por correo'><span class='avia_hidden_link_text'>Compartir por correo<\/span><\/a><\/li><\/ul><\/div><\/div>\n<div  style='height:50px' class='hr hr-invisible   avia-builder-el-8  el_after_av_social_share  el_before_av_comments_list '><span class='hr-inner ' ><span class='hr-inner-style'><\/span><\/span><\/div>\n<div  class='av-buildercomment  av-blog-meta-html-info-disabled av-blog-meta-tag-disabled  '><\/div>\n","protected":false},"excerpt":{"rendered":"","protected":false},"author":1,"featured_media":48668,"comment_status":"open","ping_status":"open","sticky":false,"template":"","format":"standard","meta":{"footnotes":""},"categories":[38],"tags":[],"class_list":["post-48667","post","type-post","status-publish","format-standard","has-post-thumbnail","hentry","category-regional"],"jetpack_featured_media_url":"https:\/\/radiorevelacionfm.cl\/wp-content\/uploads\/2024\/12\/agrupaysen-2-1-1.jpeg","_links":{"self":[{"href":"https:\/\/radiorevelacionfm.cl\/index.php?rest_route=\/wp\/v2\/posts\/48667","targetHints":{"allow":["GET"]}}],"collection":[{"href":"https:\/\/radiorevelacionfm.cl\/index.php?rest_route=\/wp\/v2\/posts"}],"about":[{"href":"https:\/\/radiorevelacionfm.cl\/index.php?rest_route=\/wp\/v2\/types\/post"}],"author":[{"embeddable":true,"href":"https:\/\/radiorevelacionfm.cl\/index.php?rest_route=\/wp\/v2\/users\/1"}],"replies":[{"embeddable":true,"href":"https:\/\/radiorevelacionfm.cl\/index.php?rest_route=%2Fwp%2Fv2%2Fcomments&post=48667"}],"version-history":[{"count":1,"href":"https:\/\/radiorevelacionfm.cl\/index.php?rest_route=\/wp\/v2\/posts\/48667\/revisions"}],"predecessor-version":[{"id":48669,"href":"https:\/\/radiorevelacionfm.cl\/index.php?rest_route=\/wp\/v2\/posts\/48667\/revisions\/48669"}],"wp:featuredmedia":[{"embeddable":true,"href":"https:\/\/radiorevelacionfm.cl\/index.php?rest_route=\/wp\/v2\/media\/48668"}],"wp:attachment":[{"href":"https:\/\/radiorevelacionfm.cl\/index.php?rest_route=%2Fwp%2Fv2%2Fmedia&parent=48667"}],"wp:term":[{"taxonomy":"category","embeddable":true,"href":"https:\/\/radiorevelacionfm.cl\/index.php?rest_route=%2Fwp%2Fv2%2Fcategories&post=48667"},{"taxonomy":"post_tag","embeddable":true,"href":"https:\/\/radiorevelacionfm.cl\/index.php?rest_route=%2Fwp%2Fv2%2Ftags&post=48667"}],"curies":[{"name":"wp","href":"https:\/\/api.w.org\/{rel}","templated":true}]}}