{"id":48663,"date":"2024-12-08T22:26:12","date_gmt":"2024-12-09T01:26:12","guid":{"rendered":"https:\/\/radiorevelacionfm.cl\/?p=48663"},"modified":"2024-12-08T22:26:12","modified_gmt":"2024-12-09T01:26:12","slug":"ministro-de-hacienda-mario-marcel-valoro-jornada-aysen-al-2050","status":"publish","type":"post","link":"https:\/\/radiorevelacionfm.cl\/?p=48663","title":{"rendered":"Ministro de Hacienda Mario Marcel valor\u00f3 jornada Ays\u00e9n al 2050"},"content":{"rendered":"<div class=\"flex_column av_one_full  flex_column_div av-zero-column-padding first  avia-builder-el-0  el_before_av_one_full  avia-builder-el-first  \" style='border-radius:0px; '><div  class='avia-image-container  av-styling-    avia-builder-el-1  avia-builder-el-no-sibling  avia-align-center '  itemprop=\"image\" itemscope=\"itemscope\" itemtype=\"https:\/\/schema.org\/ImageObject\"  ><div class='avia-image-container-inner'><div class='avia-image-overlay-wrap'><img decoding=\"async\" class='wp-image-48664 avia-img-lazy-loading-not-48664 avia_image' src=\"https:\/\/radiorevelacionfm.cl\/wp-content\/uploads\/2024\/12\/468735606_617716740599672_1823310911689752580_n-1-1.jpg\" alt='' title='468735606_617716740599672_1823310911689752580_n (1) (1)' height=\"600\" width=\"1023\"  itemprop=\"thumbnailUrl\" srcset=\"https:\/\/radiorevelacionfm.cl\/wp-content\/uploads\/2024\/12\/468735606_617716740599672_1823310911689752580_n-1-1.jpg 1023w, https:\/\/radiorevelacionfm.cl\/wp-content\/uploads\/2024\/12\/468735606_617716740599672_1823310911689752580_n-1-1-300x176.jpg 300w, https:\/\/radiorevelacionfm.cl\/wp-content\/uploads\/2024\/12\/468735606_617716740599672_1823310911689752580_n-1-1-768x450.jpg 768w, https:\/\/radiorevelacionfm.cl\/wp-content\/uploads\/2024\/12\/468735606_617716740599672_1823310911689752580_n-1-1-705x413.jpg 705w, https:\/\/radiorevelacionfm.cl\/wp-content\/uploads\/2024\/12\/468735606_617716740599672_1823310911689752580_n-1-1-450x264.jpg 450w, https:\/\/radiorevelacionfm.cl\/wp-content\/uploads\/2024\/12\/468735606_617716740599672_1823310911689752580_n-1-1-600x352.jpg 600w\" sizes=\"(max-width: 1023px) 100vw, 1023px\" \/><\/div><\/div><\/div><\/div><div class=\"flex_column av_one_full  flex_column_div av-zero-column-padding first  avia-builder-el-2  el_after_av_one_full  el_before_av_one_full  column-top-margin\" style='border-radius:0px; '><section class=\"av_textblock_section \"  itemscope=\"itemscope\" itemtype=\"https:\/\/schema.org\/BlogPosting\" itemprop=\"blogPost\" ><div class='avia_textblock  '   itemprop=\"text\" ><p style=\"text-align: center;\"><span style=\"font-size: 18pt;\"><b>Ministro de Hacienda Mario Marcel valor\u00f3 jornada Ays\u00e9n al 2050<\/b><\/span><\/p>\n<div id=\"gtx-trans\" style=\"position: absolute; left: -50px; top: 4.31534px;\">\n<div class=\"gtx-trans-icon\"><\/div>\n<\/div>\n<\/div><\/section><\/div><div class=\"flex_column av_one_full  flex_column_div av-zero-column-padding first  avia-builder-el-4  el_after_av_one_full  el_before_av_hr  column-top-margin\" style='border-radius:0px; '><section class=\"av_textblock_section \"  itemscope=\"itemscope\" itemtype=\"https:\/\/schema.org\/BlogPosting\" itemprop=\"blogPost\" ><div class='avia_textblock  '   itemprop=\"text\" ><p style=\"text-align: justify;\">Como un espacio fundamental para el di\u00e1logo entre el sector p\u00fablico, privado, la academia y la comunidad, en torno a la visi\u00f3n de desarrollo regional, calific\u00f3 el ministro de Hacienda, Mario Marcel, la jornada Ays\u00e9n al 2050, realizada este s\u00e1bado en Puerto Chacabuco.<\/p>\n<p style=\"text-align: justify;\">La instancia fue organizada por los diversos sectores productivos de la la regi\u00f3n, Corpays\u00e9n, Multigremial e IdeAys\u00e9n, con el apoyo del\u00a0Gobierno Regional.<\/p>\n<p style=\"text-align: justify;\">Junto al ministro Mario Marcel, expusieron tambi\u00e9n el vicepresidente ejecutivo de Corfo, Jos\u00e9 Miguel Benavente, los senadores Ximena \u00d2rdenes y David Sandoval, y los exministros de Hacienda Ignacio Briones y Andr\u00e9s Velasco.<\/p>\n<p style=\"text-align: justify;\">\u00abCreo que hemos tenido un buen comienzo para compartir algunas experiencias, visiones y, sobre todo, para valorar este esfuerzo y alertar\u00a0a que sea no solamente una conversaci\u00f3n, sino que se traduzca en una agenda de trabajo que convoque al sector p\u00fablico\u00a0y al sector privado en particular. Esta es una regi\u00f3n que siempre se destaca por sus potencialidades, pero llega el momento de materializar esas oportunidades y para eso se necesita coordinaci\u00f3n, colaboraci\u00f3n p\u00fablico privada y persistencia en el tiempo sobre todo\u00bb, indic\u00f3 Mario Marcel.<\/p>\n<p style=\"text-align: justify;\">Por su parte, el senador David Sandoval indic\u00f3 que \u00ablo que hemos querido hacer es salir de las trincheras y entender que hay que estar en la mesa para dialogar y para construir los acuerdos que tanto necesitamos en nuestra regi\u00f3n, con nuestras riquezas, nuestra calidad humana, para avanzar en un desarrollo distinto\u00bb.<\/p>\n<p style=\"text-align: justify;\">Ximena \u00d3rdenes coincidi\u00f3 en la importancia de aspectos como \u00abpotenciar la alianza p\u00fablico privada; que el desarrollo productivo est\u00e9 en la agenda p\u00fablica regional y nacional; involucrar al mundo acad\u00e9mico y cient\u00edfico, para poner los focos donde corresponde; y dar certezas respecto a las regulaciones y a los tr\u00e1mites que involucran los proyectos de inversi\u00f3n\u00bb.<\/p>\n<p style=\"text-align: justify;\">En representaci\u00f3n de los gremios organizadores, Leonardo Mor\u00e1n, Presidente de IdeAys\u00e9n, valor\u00f3 este primer paso e indic\u00f3 que \u00ablo importante es lo que viene ahora, que es sentarnos a hacer la pega, ponernos de acuerdo, definir qu\u00e9 queremos de la regi\u00f3n, y c\u00f3mo eso se va a concretar en planes, proyectos e iniciativas concretas para lograr\u00a0los objetivos de desarrollo de Ays\u00e9n y su gente\u00a0al 2050\u00bb.<\/p>\n<p style=\"text-align: justify;\"><strong>Gesti\u00f3n institucional local<\/strong><\/p>\n<p style=\"text-align: justify;\">\u00abDesde el Gobierno Regional -agreg\u00f3 el Gobernador (I) Omar Mu\u00f1oz-, tenemos una acci\u00f3n muy importante respecto del documento que resulte de este gran trabajo. Nuestro gobernador electo, Marcelo Santana, ha planteado un trabajo transversal , sobre todo, con los gremios, pero mirando a una reactivaci\u00f3n econ\u00f3mica\u00bb.<\/p>\n<p style=\"text-align: justify;\">\u00abEsto ha servido para que la regi\u00f3n retome la conversaci\u00f3n necesaria respecto\u00a0 de la necesidad de los pactos productivos regionales, por eso se valora la instancia y para transmitir a personeros del nivel central lo que la regi\u00f3n est\u00e1 sintiendo y que muchas veces no tiene eco a nivel nacional\u00bb, mencion\u00f3 en esta misma l\u00ednea el gobernador electo Marcelo Santana.<\/p>\n<p style=\"text-align: justify;\">En tanto, el vicepresidente ejecutivo de Corfo dijo que \u00abel rol que vamos a reforzar como Corfo, se da a trav\u00e9s de distintos instrumentos tradicionales y otros adicionales que hemos puesto sobre la mesa, con una mirada de largo plazo. Presentamos las alternativas de apoyo para las tem\u00e1ticas que autodefine la regi\u00f3n y puedan contar con la Corfo para apoyar ese proceso\u00bb.<\/p>\n<p style=\"text-align: justify;\">El Delegado Presidencial Regional, Jorge D\u00edaz Guzm\u00e1n, reafirm\u00f3 que a nivel regional \u00abnuestro compromiso va a ser articular todos los servicios p\u00fablicos, abrir espacios para todas las voces, porque creemos que este es un trabajo de toda la regi\u00f3n y en este v\u00ednculo p\u00fablico privado, vamos a lograr generar una agenda que permita responder a los anhelos que se ha planteado\u00bb, concluy\u00f3.<\/p>\n<p style=\"text-align: justify;\">En la jornada participaron tambi\u00e9n los alcaldes de Ays\u00e9n, Luis Mart\u00ednez, de Coyhaique, Carlos Gatica, y de Cisnes, Francisco Roncagliolo; consejeras y consejeros regionales, concejales y representantes de diversas entidades p\u00fablicas y privadas de la regi\u00f3n.<\/p>\n<\/div><\/section><\/div><div  style='height:50px' class='hr hr-invisible   avia-builder-el-6  el_after_av_one_full  el_before_av_social_share '><span class='hr-inner ' ><span class='hr-inner-style'><\/span><\/span><\/div><\/p>\n<div  class='av-social-sharing-box  avia-builder-el-7  el_after_av_hr  el_before_av_hr  '><div class='av-share-box'><h5 class='av-share-link-description av-no-toc '>Compartir esta noticia<\/h5><ul class='av-share-box-list noLightbox'><li class='av-share-link av-social-link-facebook' ><a target=\"_blank\" aria-label=\"Compartir en Facebook\" href='https:\/\/www.facebook.com\/sharer.php?u=https:\/\/radiorevelacionfm.cl\/?p=48663&#038;t=Ministro%20de%20Hacienda%20Mario%20Marcel%20valor%C3%B3%20jornada%20Ays%C3%A9n%20al%202050' aria-hidden='false' data-av_icon='\ue8f3' data-av_iconfont='entypo-fontello' title='' data-avia-related-tooltip='Compartir en Facebook' rel=\"noopener\"><span class='avia_hidden_link_text'>Compartir en Facebook<\/span><\/a><\/li><li class='av-share-link av-social-link-twitter' ><a target=\"_blank\" aria-label=\"Compartir en Twitter\" href='https:\/\/twitter.com\/share?text=Ministro%20de%20Hacienda%20Mario%20Marcel%20valor%C3%B3%20jornada%20Ays%C3%A9n%20al%202050&#038;url=https:\/\/radiorevelacionfm.cl\/?p=48663' aria-hidden='false' data-av_icon='\ue8f1' data-av_iconfont='entypo-fontello' title='' data-avia-related-tooltip='Compartir en Twitter' rel=\"noopener\"><span class='avia_hidden_link_text'>Compartir en Twitter<\/span><\/a><\/li><li class='av-share-link av-social-link-whatsapp' ><a target=\"_blank\" aria-label=\"Compartir en Whatsapp\" href='https:\/\/api.whatsapp.com\/send?text=https:\/\/radiorevelacionfm.cl\/?p=48663' aria-hidden='false' data-av_icon='\uf232' data-av_iconfont='entypo-fontello' title='' data-avia-related-tooltip='Compartir en Whatsapp' rel=\"noopener\"><span class='avia_hidden_link_text'>Compartir en Whatsapp<\/span><\/a><\/li><li class='av-share-link av-social-link-linkedin' ><a target=\"_blank\" aria-label=\"Compartir en LinkedIn\" href='https:\/\/linkedin.com\/shareArticle?mini=true&#038;title=Ministro%20de%20Hacienda%20Mario%20Marcel%20valor%C3%B3%20jornada%20Ays%C3%A9n%20al%202050&#038;url=https:\/\/radiorevelacionfm.cl\/?p=48663' aria-hidden='false' data-av_icon='\ue8fc' data-av_iconfont='entypo-fontello' title='' data-avia-related-tooltip='Compartir en LinkedIn' rel=\"noopener\"><span class='avia_hidden_link_text'>Compartir en LinkedIn<\/span><\/a><\/li><li class='av-share-link av-social-link-mail' ><a  aria-label=\"Compartir por correo\" href='mailto:?subject=Ministro%20de%20Hacienda%20Mario%20Marcel%20valor%C3%B3%20jornada%20Ays%C3%A9n%20al%202050&#038;body=https:\/\/radiorevelacionfm.cl\/?p=48663' aria-hidden='false' data-av_icon='\ue805' data-av_iconfont='entypo-fontello' title='' data-avia-related-tooltip='Compartir por correo'><span class='avia_hidden_link_text'>Compartir por correo<\/span><\/a><\/li><\/ul><\/div><\/div>\n<div  style='height:50px' class='hr hr-invisible   avia-builder-el-8  el_after_av_social_share  el_before_av_comments_list '><span class='hr-inner ' ><span class='hr-inner-style'><\/span><\/span><\/div>\n<div  class='av-buildercomment  av-blog-meta-html-info-disabled av-blog-meta-tag-disabled  '><\/div>\n","protected":false},"excerpt":{"rendered":"","protected":false},"author":1,"featured_media":48664,"comment_status":"open","ping_status":"open","sticky":false,"template":"","format":"standard","meta":{"footnotes":""},"categories":[38],"tags":[],"class_list":["post-48663","post","type-post","status-publish","format-standard","has-post-thumbnail","hentry","category-regional"],"jetpack_featured_media_url":"https:\/\/radiorevelacionfm.cl\/wp-content\/uploads\/2024\/12\/468735606_617716740599672_1823310911689752580_n-1-1.jpg","_links":{"self":[{"href":"https:\/\/radiorevelacionfm.cl\/index.php?rest_route=\/wp\/v2\/posts\/48663","targetHints":{"allow":["GET"]}}],"collection":[{"href":"https:\/\/radiorevelacionfm.cl\/index.php?rest_route=\/wp\/v2\/posts"}],"about":[{"href":"https:\/\/radiorevelacionfm.cl\/index.php?rest_route=\/wp\/v2\/types\/post"}],"author":[{"embeddable":true,"href":"https:\/\/radiorevelacionfm.cl\/index.php?rest_route=\/wp\/v2\/users\/1"}],"replies":[{"embeddable":true,"href":"https:\/\/radiorevelacionfm.cl\/index.php?rest_route=%2Fwp%2Fv2%2Fcomments&post=48663"}],"version-history":[{"count":1,"href":"https:\/\/radiorevelacionfm.cl\/index.php?rest_route=\/wp\/v2\/posts\/48663\/revisions"}],"predecessor-version":[{"id":48665,"href":"https:\/\/radiorevelacionfm.cl\/index.php?rest_route=\/wp\/v2\/posts\/48663\/revisions\/48665"}],"wp:featuredmedia":[{"embeddable":true,"href":"https:\/\/radiorevelacionfm.cl\/index.php?rest_route=\/wp\/v2\/media\/48664"}],"wp:attachment":[{"href":"https:\/\/radiorevelacionfm.cl\/index.php?rest_route=%2Fwp%2Fv2%2Fmedia&parent=48663"}],"wp:term":[{"taxonomy":"category","embeddable":true,"href":"https:\/\/radiorevelacionfm.cl\/index.php?rest_route=%2Fwp%2Fv2%2Fcategories&post=48663"},{"taxonomy":"post_tag","embeddable":true,"href":"https:\/\/radiorevelacionfm.cl\/index.php?rest_route=%2Fwp%2Fv2%2Ftags&post=48663"}],"curies":[{"name":"wp","href":"https:\/\/api.w.org\/{rel}","templated":true}]}}