{"id":48660,"date":"2024-12-08T14:48:33","date_gmt":"2024-12-08T17:48:33","guid":{"rendered":"https:\/\/radiorevelacionfm.cl\/?p=48660"},"modified":"2024-12-08T14:48:33","modified_gmt":"2024-12-08T17:48:33","slug":"anuncian-operacion-de-helicoptero-para-combate-de-incendios-forestales-en-aysen","status":"publish","type":"post","link":"https:\/\/radiorevelacionfm.cl\/?p=48660","title":{"rendered":"Anuncian operaci\u00f3n de helic\u00f3ptero para combate de incendios forestales en Ays\u00e9n"},"content":{"rendered":"<div class=\"flex_column av_one_full  flex_column_div av-zero-column-padding first  avia-builder-el-0  el_before_av_one_full  avia-builder-el-first  \" style='border-radius:0px; '><div  class='avia-image-container  av-styling-    avia-builder-el-1  avia-builder-el-no-sibling  avia-align-center '  itemprop=\"image\" itemscope=\"itemscope\" itemtype=\"https:\/\/schema.org\/ImageObject\"  ><div class='avia-image-container-inner'><div class='avia-image-overlay-wrap'><img decoding=\"async\" class='wp-image-48661 avia-img-lazy-loading-not-48661 avia_image' src=\"https:\/\/radiorevelacionfm.cl\/wp-content\/uploads\/2024\/12\/foto-05-1_optimized.jpeg\" alt='' title='foto-05-(1)_optimized' height=\"600\" width=\"800\"  itemprop=\"thumbnailUrl\" srcset=\"https:\/\/radiorevelacionfm.cl\/wp-content\/uploads\/2024\/12\/foto-05-1_optimized.jpeg 800w, https:\/\/radiorevelacionfm.cl\/wp-content\/uploads\/2024\/12\/foto-05-1_optimized-300x225.jpeg 300w, https:\/\/radiorevelacionfm.cl\/wp-content\/uploads\/2024\/12\/foto-05-1_optimized-768x576.jpeg 768w, https:\/\/radiorevelacionfm.cl\/wp-content\/uploads\/2024\/12\/foto-05-1_optimized-705x529.jpeg 705w, https:\/\/radiorevelacionfm.cl\/wp-content\/uploads\/2024\/12\/foto-05-1_optimized-450x338.jpeg 450w, https:\/\/radiorevelacionfm.cl\/wp-content\/uploads\/2024\/12\/foto-05-1_optimized-600x450.jpeg 600w\" sizes=\"(max-width: 800px) 100vw, 800px\" \/><\/div><\/div><\/div><\/div><div class=\"flex_column av_one_full  flex_column_div av-zero-column-padding first  avia-builder-el-2  el_after_av_one_full  el_before_av_one_full  column-top-margin\" style='border-radius:0px; '><section class=\"av_textblock_section \"  itemscope=\"itemscope\" itemtype=\"https:\/\/schema.org\/BlogPosting\" itemprop=\"blogPost\" ><div class='avia_textblock  '   itemprop=\"text\" ><p style=\"text-align: center;\"><strong><span style=\"font-size: 18pt;\">Anuncian operaci\u00f3n de helic\u00f3ptero para combate de incendios forestales en Ays\u00e9n<\/span><\/strong><\/p>\n<div id=\"gtx-trans\" style=\"position: absolute; left: -50px; top: 4.31534px;\">\n<div class=\"gtx-trans-icon\"><\/div>\n<\/div>\n<\/div><\/section><\/div><div class=\"flex_column av_one_full  flex_column_div av-zero-column-padding first  avia-builder-el-4  el_after_av_one_full  el_before_av_hr  column-top-margin\" style='border-radius:0px; '><section class=\"av_textblock_section \"  itemscope=\"itemscope\" itemtype=\"https:\/\/schema.org\/BlogPosting\" itemprop=\"blogPost\" ><div class='avia_textblock  '   itemprop=\"text\" ><p style=\"text-align: justify;\"><em>Tiene capacidad de carga de 900 litros y la posibilidad de transportar a 5 brigadistas. Adem\u00e1s, autoridades destacaron la eficiencia y rapidez de este recurso a\u00e9reo.<\/em><\/p>\n<p style=\"text-align: justify;\">Desde el 1 de diciembre que el primero de dos helic\u00f3pteros para el combate de incendios forestales se encuentra en la regi\u00f3n de Ays\u00e9n. El seremi de Agricultura, Eugenio Ruiz Espinoza, junto al director regional de Conaf, Ronald Valenzuela Campos, anunci\u00f3 este jueves el inicio de operaciones del recurso a\u00e9reo, el cual se mantiene con base en el aer\u00f3dromo teniente Vidal de Coyhaique.<\/p>\n<p style=\"text-align: justify;\">En este marco, el superintendente y el comandante del Cuerpo de Bomberos de Coyhaique, Jorge Vidal Pacheco y Gast\u00f3n Cuevas Almonacid, respectivamente, adem\u00e1s del administrador del Aer\u00f3dromo teniente Vidal, administradora de la Ilustre Municipalidad de Coyhaique, funcionarios Senapred, voluntarios de la Tercera Compa\u00f1\u00eda de Bomberos de Coyhaique y brigadistas Conaf estuvieron presentes en el aer\u00f3dromo del sector El Claro.<\/p>\n<p style=\"text-align: justify;\">Para el seremi de Agricultura, Eugenio Ruiz, \u00abdesde el Gobierno y el Ministerio de Agricultura estamos ocupados de entregar todas las herramientas que permitan hacer frente al combate de incendios forestales en el periodo de mayor ocurrencia de riesgos durante la temporada 2024-2025. Tenemos 16 brigadas activas en la regi\u00f3n de Ays\u00e9n, con todo su equipamiento. Hoy extendemos el llamado a la comunidad a que tomen las medidas preventivas pertinentes para evitar incendios, cuidarnos y proteger nuestros sistemas boscosos\u00bb.<\/p>\n<p style=\"text-align: justify;\">Por su parte, el director regional de Conaf, Ronald Valenzuela, detall\u00f3 que \u00abcon el arribo del helic\u00f3ptero se da por iniciado el proceso de implementaci\u00f3n de las brigadas helitransportadas y el 20 de diciembre llegar\u00eda el segundo helic\u00f3ptero con base en Cochrane. Es importante relevar que el trabajo que desarrolla la Corporaci\u00f3n Nacional Forestal con sus brigadistas e instituciones asociadas es un trabajo que se realiza durante todo el a\u00f1o\u00bb.<\/p>\n<p style=\"text-align: justify;\">El Gobierno de Chile ha dispuesto un presupuesto de $156 mil millones para el Plan de Acci\u00f3n 2024-2025 de Prevenci\u00f3n, Mitigaci\u00f3n y Control de Incendios. Adicionalmente, autoridades regionales destacaron la importante coordinaci\u00f3n y compromiso transversal por parte del Ministerio de Agricultura, a trav\u00e9s de Conaf, Senapred, Ministerio de Obras P\u00fablicas, Bomberos, Fuerzas Armadas, Fiscal\u00eda, Carabineros de Chile, PDI, empresas forestales y el\u00e9ctricas, entre otras, para hacer frente a estas emergencias y optimizar esfuerzos y recursos.<\/p>\n<p style=\"text-align: justify;\">Para esta temporada, se dispone adem\u00e1s de un programa de predicci\u00f3n de incendios forestales denominado \u00abbot\u00f3n rojo\u00bb, el cual permite mostrar las zonas de riesgo por alto \u00edndice de combustible fino muerto al considerar factores de temperatura y humedad. Con las alertas de riesgo para determinadas zonas, se activan diferentes acciones para un pronto ataque en caso de ignici\u00f3n de fuego.<\/p>\n<p style=\"text-align: justify;\">Un total de 99,7% de los incendios forestales en el pa\u00eds son causados por las personas, ya sea por accidente, negligencia o intencionalidad. Es precisamente de cara a ello que en la regi\u00f3n se realiz\u00f3 durante todo el a\u00f1o un trabajo sistem\u00e1tico con la comunidad educativa, capacitando a docentes y alumnado de las comunas m\u00e1s cr\u00edticas, con el objetivo de generar un cambio de conducta en la forma de relacionarse con su entorno y el medio ambiente para el desarrollo de actividades al aire libre.<\/p>\n<p style=\"text-align: justify;\">Autoridades extendieron el llamado a la poblaci\u00f3n para que, en caso de detectar humo o fuego al aire libre, llamar al 130 de Conaf<strong>.<\/strong><\/p>\n<\/div><\/section><\/div><div  style='height:50px' class='hr hr-invisible   avia-builder-el-6  el_after_av_one_full  el_before_av_social_share '><span class='hr-inner ' ><span class='hr-inner-style'><\/span><\/span><\/div><\/p>\n<div  class='av-social-sharing-box  avia-builder-el-7  el_after_av_hr  el_before_av_hr  '><div class='av-share-box'><h5 class='av-share-link-description av-no-toc '>Compartir esta noticia<\/h5><ul class='av-share-box-list noLightbox'><li class='av-share-link av-social-link-facebook' ><a target=\"_blank\" aria-label=\"Compartir en Facebook\" href='https:\/\/www.facebook.com\/sharer.php?u=https:\/\/radiorevelacionfm.cl\/?p=48660&#038;t=Anuncian%20operaci%C3%B3n%20de%20helic%C3%B3ptero%20para%20combate%20de%20incendios%20forestales%20en%20Ays%C3%A9n' aria-hidden='false' data-av_icon='\ue8f3' data-av_iconfont='entypo-fontello' title='' data-avia-related-tooltip='Compartir en Facebook' rel=\"noopener\"><span class='avia_hidden_link_text'>Compartir en Facebook<\/span><\/a><\/li><li class='av-share-link av-social-link-twitter' ><a target=\"_blank\" aria-label=\"Compartir en Twitter\" href='https:\/\/twitter.com\/share?text=Anuncian%20operaci%C3%B3n%20de%20helic%C3%B3ptero%20para%20combate%20de%20incendios%20forestales%20en%20Ays%C3%A9n&#038;url=https:\/\/radiorevelacionfm.cl\/?p=48660' aria-hidden='false' data-av_icon='\ue8f1' data-av_iconfont='entypo-fontello' title='' data-avia-related-tooltip='Compartir en Twitter' rel=\"noopener\"><span class='avia_hidden_link_text'>Compartir en Twitter<\/span><\/a><\/li><li class='av-share-link av-social-link-whatsapp' ><a target=\"_blank\" aria-label=\"Compartir en Whatsapp\" href='https:\/\/api.whatsapp.com\/send?text=https:\/\/radiorevelacionfm.cl\/?p=48660' aria-hidden='false' data-av_icon='\uf232' data-av_iconfont='entypo-fontello' title='' data-avia-related-tooltip='Compartir en Whatsapp' rel=\"noopener\"><span class='avia_hidden_link_text'>Compartir en Whatsapp<\/span><\/a><\/li><li class='av-share-link av-social-link-linkedin' ><a target=\"_blank\" aria-label=\"Compartir en LinkedIn\" href='https:\/\/linkedin.com\/shareArticle?mini=true&#038;title=Anuncian%20operaci%C3%B3n%20de%20helic%C3%B3ptero%20para%20combate%20de%20incendios%20forestales%20en%20Ays%C3%A9n&#038;url=https:\/\/radiorevelacionfm.cl\/?p=48660' aria-hidden='false' data-av_icon='\ue8fc' data-av_iconfont='entypo-fontello' title='' data-avia-related-tooltip='Compartir en LinkedIn' rel=\"noopener\"><span class='avia_hidden_link_text'>Compartir en LinkedIn<\/span><\/a><\/li><li class='av-share-link av-social-link-mail' ><a  aria-label=\"Compartir por correo\" href='mailto:?subject=Anuncian%20operaci%C3%B3n%20de%20helic%C3%B3ptero%20para%20combate%20de%20incendios%20forestales%20en%20Ays%C3%A9n&#038;body=https:\/\/radiorevelacionfm.cl\/?p=48660' aria-hidden='false' data-av_icon='\ue805' data-av_iconfont='entypo-fontello' title='' data-avia-related-tooltip='Compartir por correo'><span class='avia_hidden_link_text'>Compartir por correo<\/span><\/a><\/li><\/ul><\/div><\/div>\n<div  style='height:50px' class='hr hr-invisible   avia-builder-el-8  el_after_av_social_share  el_before_av_comments_list '><span class='hr-inner ' ><span class='hr-inner-style'><\/span><\/span><\/div>\n<div  class='av-buildercomment  av-blog-meta-html-info-disabled av-blog-meta-tag-disabled  '><\/div>\n","protected":false},"excerpt":{"rendered":"","protected":false},"author":1,"featured_media":48661,"comment_status":"open","ping_status":"open","sticky":false,"template":"","format":"standard","meta":{"footnotes":""},"categories":[38],"tags":[],"class_list":["post-48660","post","type-post","status-publish","format-standard","has-post-thumbnail","hentry","category-regional"],"jetpack_featured_media_url":"https:\/\/radiorevelacionfm.cl\/wp-content\/uploads\/2024\/12\/foto-05-1_optimized.jpeg","_links":{"self":[{"href":"https:\/\/radiorevelacionfm.cl\/index.php?rest_route=\/wp\/v2\/posts\/48660","targetHints":{"allow":["GET"]}}],"collection":[{"href":"https:\/\/radiorevelacionfm.cl\/index.php?rest_route=\/wp\/v2\/posts"}],"about":[{"href":"https:\/\/radiorevelacionfm.cl\/index.php?rest_route=\/wp\/v2\/types\/post"}],"author":[{"embeddable":true,"href":"https:\/\/radiorevelacionfm.cl\/index.php?rest_route=\/wp\/v2\/users\/1"}],"replies":[{"embeddable":true,"href":"https:\/\/radiorevelacionfm.cl\/index.php?rest_route=%2Fwp%2Fv2%2Fcomments&post=48660"}],"version-history":[{"count":1,"href":"https:\/\/radiorevelacionfm.cl\/index.php?rest_route=\/wp\/v2\/posts\/48660\/revisions"}],"predecessor-version":[{"id":48662,"href":"https:\/\/radiorevelacionfm.cl\/index.php?rest_route=\/wp\/v2\/posts\/48660\/revisions\/48662"}],"wp:featuredmedia":[{"embeddable":true,"href":"https:\/\/radiorevelacionfm.cl\/index.php?rest_route=\/wp\/v2\/media\/48661"}],"wp:attachment":[{"href":"https:\/\/radiorevelacionfm.cl\/index.php?rest_route=%2Fwp%2Fv2%2Fmedia&parent=48660"}],"wp:term":[{"taxonomy":"category","embeddable":true,"href":"https:\/\/radiorevelacionfm.cl\/index.php?rest_route=%2Fwp%2Fv2%2Fcategories&post=48660"},{"taxonomy":"post_tag","embeddable":true,"href":"https:\/\/radiorevelacionfm.cl\/index.php?rest_route=%2Fwp%2Fv2%2Ftags&post=48660"}],"curies":[{"name":"wp","href":"https:\/\/api.w.org\/{rel}","templated":true}]}}