{"id":48655,"date":"2024-12-08T14:21:56","date_gmt":"2024-12-08T17:21:56","guid":{"rendered":"https:\/\/radiorevelacionfm.cl\/?p=48655"},"modified":"2024-12-08T14:24:13","modified_gmt":"2024-12-08T17:24:13","slug":"anuncian-inedita-reasignacion-de-1182-subsidios-de-calefaccion-para-la-region-de-aysen","status":"publish","type":"post","link":"https:\/\/radiorevelacionfm.cl\/?p=48655","title":{"rendered":"Anuncian in\u00e9dita reasignaci\u00f3n de 1182 subsidios de calefacci\u00f3n para la regi\u00f3n de Ays\u00e9n"},"content":{"rendered":"<div class=\"flex_column av_one_full  flex_column_div av-zero-column-padding first  avia-builder-el-0  el_before_av_one_full  avia-builder-el-first  \" style='border-radius:0px; '><div  class='avia-image-container  av-styling-    avia-builder-el-1  avia-builder-el-no-sibling  avia-align-center '  itemprop=\"image\" itemscope=\"itemscope\" itemtype=\"https:\/\/schema.org\/ImageObject\"  ><div class='avia-image-container-inner'><div class='avia-image-overlay-wrap'><img decoding=\"async\" class='wp-image-29646 avia-img-lazy-loading-not-29646 avia_image' src=\"https:\/\/radiorevelacionfm.cl\/wp-content\/uploads\/2023\/04\/Subsidio-Calefaccion1-1-1.jpg\" alt='' title='Subsidio Calefaccion1 (1) (1)' height=\"600\" width=\"1067\"  itemprop=\"thumbnailUrl\" srcset=\"https:\/\/radiorevelacionfm.cl\/wp-content\/uploads\/2023\/04\/Subsidio-Calefaccion1-1-1.jpg 1067w, https:\/\/radiorevelacionfm.cl\/wp-content\/uploads\/2023\/04\/Subsidio-Calefaccion1-1-1-300x169.jpg 300w, https:\/\/radiorevelacionfm.cl\/wp-content\/uploads\/2023\/04\/Subsidio-Calefaccion1-1-1-1030x579.jpg 1030w, https:\/\/radiorevelacionfm.cl\/wp-content\/uploads\/2023\/04\/Subsidio-Calefaccion1-1-1-768x432.jpg 768w, https:\/\/radiorevelacionfm.cl\/wp-content\/uploads\/2023\/04\/Subsidio-Calefaccion1-1-1-705x396.jpg 705w, https:\/\/radiorevelacionfm.cl\/wp-content\/uploads\/2023\/04\/Subsidio-Calefaccion1-1-1-450x253.jpg 450w, https:\/\/radiorevelacionfm.cl\/wp-content\/uploads\/2023\/04\/Subsidio-Calefaccion1-1-1-600x337.jpg 600w\" sizes=\"(max-width: 1067px) 100vw, 1067px\" \/><\/div><\/div><\/div><\/div><div class=\"flex_column av_one_full  flex_column_div av-zero-column-padding first  avia-builder-el-2  el_after_av_one_full  el_before_av_one_full  column-top-margin\" style='border-radius:0px; '><section class=\"av_textblock_section \"  itemscope=\"itemscope\" itemtype=\"https:\/\/schema.org\/BlogPosting\" itemprop=\"blogPost\" ><div class='avia_textblock  '   itemprop=\"text\" ><p style=\"text-align: center;\"><strong><span style=\"font-size: 18pt;\">Anuncian in\u00e9dita reasignaci\u00f3n de 1182 subsidios de calefacci\u00f3n para la regi\u00f3n de Ays\u00e9n<\/span><\/strong><\/p>\n<div id=\"gtx-trans\" style=\"position: absolute; left: -50px; top: 4.31534px;\">\n<div class=\"gtx-trans-icon\"><\/div>\n<\/div>\n<\/div><\/section><\/div><\/p>\n<div class=\"flex_column av_one_full  flex_column_div av-zero-column-padding first  avia-builder-el-4  el_after_av_one_full  el_before_av_hr  column-top-margin\" style='border-radius:0px; '><section class=\"av_textblock_section \"  itemscope=\"itemscope\" itemtype=\"https:\/\/schema.org\/BlogPosting\" itemprop=\"blogPost\" ><div class='avia_textblock  '   itemprop=\"text\" ><p style=\"text-align: justify;\"><em>Un total de 1182 hogares con beneficio del Subsidio de Calefacci\u00f3n no \u00a0lo cobraron en la modalidad presencial a trav\u00e9s de las distintas sucursales del Banco Estado en el plazo estipulado. Por primera vez este beneficio no fue devuelto al nivel central y pudo ser reasignado a quienes estaban en lista de espera que cumplen con el orden de prelaci\u00f3n establecido por el Ministerio de Desarrollo Social y Familia a trav\u00e9s del Registro Social de Hogares. \u00a0<\/em><\/p>\n<p style=\"text-align: justify;\">La seremi de Desarrollo Social y Familia Karina Acevedo Auad anunci\u00f3 \u00a0que se iniciar\u00e1 esta semana, la entrega de reasignaci\u00f3n de 1182 beneficios correspondientes al Subsidio de Calefacci\u00f3n en la regi\u00f3n de Ays\u00e9n, tras el no cobro presencial durante los seis meses que se estipula como plazo m\u00e1ximo.<\/p>\n<p style=\"text-align: justify;\">Durante el a\u00f1o 2023, aproximadamente unos 700 subsidios debieron ser devueltos porque los beneficiarios no lo cobraron, sin embargo, tras diversas gestiones del equipo regional para este a\u00f1o se logr\u00f3 reasignar a quienes estaban en lista de espera, as\u00ed lo detall\u00f3 la autoridad del sector Karina Acevedo Auad \u00abConcluimos nuestro proceso de pago para este 2024, sin embargo, tuvimos 1182 hogares a los que no pudimos entregar el beneficio. La buena noticia es que realizamos todas las gestiones para que estos subsidios no tuvieran que devolverse como en a\u00f1os anteriores y as\u00ed logramos reasignarlos a quienes estaban en lista de espera por lo que estamos dando cumplimiento a lo que el presidente Boric nos encomend\u00f3 de dar respuesta en nuestros territorios y eso es lo que sucedi\u00f3 con el Subsidio de Calefacci\u00f3n\u00bb.<\/p>\n<p style=\"text-align: justify;\">Para la reasignaci\u00f3n de los nuevos hogares beneficiarios se seleccion\u00f3 nuevamente a los grupos m\u00e1s vulnerables, es decir, seg\u00fan el orden de prelaci\u00f3n que se inicia con quienes pertenecen\u00a0al Subsistema Seguridades y Oportunidades, posteriormente a quienes participan en la Red Local de Apoyos y Cuidados, sucesivamente los hogares que tengan ni\u00f1os, ni\u00f1as o adolescentes en su composici\u00f3n, despu\u00e9s con presencia de alg\u00fan adulto mayor, hogares con personas en situaci\u00f3n de dependencia y hogares con jefatura de hogar femenina.<\/p>\n<p style=\"text-align: justify;\">De los 1182 subsidios reasignados, 577 pagos ser\u00e1n\u00a0<strong>depositados\u00a0<\/strong>autom\u00e1ticamente a las cuentas, mientras que 605 pagos ser\u00e1n v\u00eda\u00a0<strong>presencial\u00a0<\/strong>en dependencias del Banco Estado. De ah\u00ed la importancia de estar chequeando el beneficio, se\u00f1al\u00f3 Karina Acevedo Auad \u00abEsta reasignaci\u00f3n es in\u00e9dita para nuestra regi\u00f3n, por lo que a contar del lunes 9 de diciembre se podr\u00e1 ir revisando en el sitio web oficial si es beneficiario\u00a0<u><a href=\"https:\/\/subsidiocalefaccion.gob.cl\/consulta\">https:\/\/subsidiocalefaccion.gob.cl\/consulta<\/a><\/u><u>\u00a0.\u00a0<\/u>Con esto cumplimos con nuestro compromiso de entregar la totalidad del beneficio incluyendo a personas que hab\u00edan quedado en lista de espera\u00bb.<\/p>\n<p style=\"text-align: justify;\">Este 2024 el Subsidio a la Calefacci\u00f3n que entrega el Ministerio de Desarrollo Social y Familia en la regi\u00f3n de Ays\u00e9n se entrega a total de 34.544 hogares con un bono de $100.000 destinado a atender a las familias que vivan en territorio aysenino, que pertenezcan al 80% m\u00e1s vulnerable seg\u00fan el Registro Social de Hogares y que est\u00e9n priorizados en los criterios de selecci\u00f3n.<\/p>\n<\/div><\/section><\/div>\n<div  style='height:50px' class='hr hr-invisible   avia-builder-el-6  el_after_av_one_full  el_before_av_social_share '><span class='hr-inner ' ><span class='hr-inner-style'><\/span><\/span><\/div>\n<div  class='av-social-sharing-box  avia-builder-el-7  el_after_av_hr  el_before_av_hr  '><div class='av-share-box'><h5 class='av-share-link-description av-no-toc '>Compartir esta noticia<\/h5><ul class='av-share-box-list noLightbox'><li class='av-share-link av-social-link-facebook' ><a target=\"_blank\" aria-label=\"Compartir en Facebook\" href='https:\/\/www.facebook.com\/sharer.php?u=https:\/\/radiorevelacionfm.cl\/?p=48655&#038;t=Anuncian%20in%C3%A9dita%20reasignaci%C3%B3n%20de%201182%20subsidios%20de%20calefacci%C3%B3n%20para%20la%20regi%C3%B3n%20de%20Ays%C3%A9n' aria-hidden='false' data-av_icon='\ue8f3' data-av_iconfont='entypo-fontello' title='' data-avia-related-tooltip='Compartir en Facebook' rel=\"noopener\"><span class='avia_hidden_link_text'>Compartir en Facebook<\/span><\/a><\/li><li class='av-share-link av-social-link-twitter' ><a target=\"_blank\" aria-label=\"Compartir en Twitter\" href='https:\/\/twitter.com\/share?text=Anuncian%20in%C3%A9dita%20reasignaci%C3%B3n%20de%201182%20subsidios%20de%20calefacci%C3%B3n%20para%20la%20regi%C3%B3n%20de%20Ays%C3%A9n&#038;url=https:\/\/radiorevelacionfm.cl\/?p=48655' aria-hidden='false' data-av_icon='\ue8f1' data-av_iconfont='entypo-fontello' title='' data-avia-related-tooltip='Compartir en Twitter' rel=\"noopener\"><span class='avia_hidden_link_text'>Compartir en Twitter<\/span><\/a><\/li><li class='av-share-link av-social-link-whatsapp' ><a target=\"_blank\" aria-label=\"Compartir en Whatsapp\" href='https:\/\/api.whatsapp.com\/send?text=https:\/\/radiorevelacionfm.cl\/?p=48655' aria-hidden='false' data-av_icon='\uf232' data-av_iconfont='entypo-fontello' title='' data-avia-related-tooltip='Compartir en Whatsapp' rel=\"noopener\"><span class='avia_hidden_link_text'>Compartir en Whatsapp<\/span><\/a><\/li><li class='av-share-link av-social-link-linkedin' ><a target=\"_blank\" aria-label=\"Compartir en LinkedIn\" href='https:\/\/linkedin.com\/shareArticle?mini=true&#038;title=Anuncian%20in%C3%A9dita%20reasignaci%C3%B3n%20de%201182%20subsidios%20de%20calefacci%C3%B3n%20para%20la%20regi%C3%B3n%20de%20Ays%C3%A9n&#038;url=https:\/\/radiorevelacionfm.cl\/?p=48655' aria-hidden='false' data-av_icon='\ue8fc' data-av_iconfont='entypo-fontello' title='' data-avia-related-tooltip='Compartir en LinkedIn' rel=\"noopener\"><span class='avia_hidden_link_text'>Compartir en LinkedIn<\/span><\/a><\/li><li class='av-share-link av-social-link-mail' ><a  aria-label=\"Compartir por correo\" href='mailto:?subject=Anuncian%20in%C3%A9dita%20reasignaci%C3%B3n%20de%201182%20subsidios%20de%20calefacci%C3%B3n%20para%20la%20regi%C3%B3n%20de%20Ays%C3%A9n&#038;body=https:\/\/radiorevelacionfm.cl\/?p=48655' aria-hidden='false' data-av_icon='\ue805' data-av_iconfont='entypo-fontello' title='' data-avia-related-tooltip='Compartir por correo'><span class='avia_hidden_link_text'>Compartir por correo<\/span><\/a><\/li><\/ul><\/div><\/div>\n<div  style='height:50px' class='hr hr-invisible   avia-builder-el-8  el_after_av_social_share  el_before_av_comments_list '><span class='hr-inner ' ><span class='hr-inner-style'><\/span><\/span><\/div>\n<div  class='av-buildercomment  av-blog-meta-html-info-disabled av-blog-meta-tag-disabled  '><\/div>\n","protected":false},"excerpt":{"rendered":"","protected":false},"author":1,"featured_media":29646,"comment_status":"open","ping_status":"open","sticky":false,"template":"","format":"standard","meta":{"footnotes":""},"categories":[38],"tags":[],"class_list":["post-48655","post","type-post","status-publish","format-standard","has-post-thumbnail","hentry","category-regional"],"jetpack_featured_media_url":"https:\/\/radiorevelacionfm.cl\/wp-content\/uploads\/2023\/04\/Subsidio-Calefaccion1-1-1.jpg","_links":{"self":[{"href":"https:\/\/radiorevelacionfm.cl\/index.php?rest_route=\/wp\/v2\/posts\/48655","targetHints":{"allow":["GET"]}}],"collection":[{"href":"https:\/\/radiorevelacionfm.cl\/index.php?rest_route=\/wp\/v2\/posts"}],"about":[{"href":"https:\/\/radiorevelacionfm.cl\/index.php?rest_route=\/wp\/v2\/types\/post"}],"author":[{"embeddable":true,"href":"https:\/\/radiorevelacionfm.cl\/index.php?rest_route=\/wp\/v2\/users\/1"}],"replies":[{"embeddable":true,"href":"https:\/\/radiorevelacionfm.cl\/index.php?rest_route=%2Fwp%2Fv2%2Fcomments&post=48655"}],"version-history":[{"count":3,"href":"https:\/\/radiorevelacionfm.cl\/index.php?rest_route=\/wp\/v2\/posts\/48655\/revisions"}],"predecessor-version":[{"id":48659,"href":"https:\/\/radiorevelacionfm.cl\/index.php?rest_route=\/wp\/v2\/posts\/48655\/revisions\/48659"}],"wp:featuredmedia":[{"embeddable":true,"href":"https:\/\/radiorevelacionfm.cl\/index.php?rest_route=\/wp\/v2\/media\/29646"}],"wp:attachment":[{"href":"https:\/\/radiorevelacionfm.cl\/index.php?rest_route=%2Fwp%2Fv2%2Fmedia&parent=48655"}],"wp:term":[{"taxonomy":"category","embeddable":true,"href":"https:\/\/radiorevelacionfm.cl\/index.php?rest_route=%2Fwp%2Fv2%2Fcategories&post=48655"},{"taxonomy":"post_tag","embeddable":true,"href":"https:\/\/radiorevelacionfm.cl\/index.php?rest_route=%2Fwp%2Fv2%2Ftags&post=48655"}],"curies":[{"name":"wp","href":"https:\/\/api.w.org\/{rel}","templated":true}]}}