{"id":48652,"date":"2024-12-08T14:38:28","date_gmt":"2024-12-08T17:38:28","guid":{"rendered":"https:\/\/radiorevelacionfm.cl\/?p=48652"},"modified":"2024-12-08T14:38:28","modified_gmt":"2024-12-08T17:38:28","slug":"vecinos-as-valoran-reposicion-de-mas-de-un-kilometro-de-pasarelas-en-caleta-tortel","status":"publish","type":"post","link":"https:\/\/radiorevelacionfm.cl\/?p=48652","title":{"rendered":"Vecinos\/as valoran reposici\u00f3n de m\u00e1s de un kil\u00f3metro de pasarelas en Caleta Tortel"},"content":{"rendered":"<div class=\"flex_column av_one_full  flex_column_div av-zero-column-padding first  avia-builder-el-0  el_before_av_one_full  avia-builder-el-first  \" style='border-radius:0px; '><div  class='avia-image-container  av-styling-    avia-builder-el-1  avia-builder-el-no-sibling  avia-align-center '  itemprop=\"image\" itemscope=\"itemscope\" itemtype=\"https:\/\/schema.org\/ImageObject\"  ><div class='avia-image-container-inner'><div class='avia-image-overlay-wrap'><img decoding=\"async\" class='wp-image-48653 avia-img-lazy-loading-not-48653 avia_image' src=\"https:\/\/radiorevelacionfm.cl\/wp-content\/uploads\/2024\/12\/corte-de-cinta-obras-de-reposicion-pasarelas-tortel-1_optimized-1.jpeg\" alt='' title='corte-de-cinta-obras-de-reposici\u00f3n-pasarelas-tortel-(1)_optimized (1)' height=\"600\" width=\"1067\"  itemprop=\"thumbnailUrl\" srcset=\"https:\/\/radiorevelacionfm.cl\/wp-content\/uploads\/2024\/12\/corte-de-cinta-obras-de-reposicion-pasarelas-tortel-1_optimized-1.jpeg 1067w, https:\/\/radiorevelacionfm.cl\/wp-content\/uploads\/2024\/12\/corte-de-cinta-obras-de-reposicion-pasarelas-tortel-1_optimized-1-300x169.jpeg 300w, https:\/\/radiorevelacionfm.cl\/wp-content\/uploads\/2024\/12\/corte-de-cinta-obras-de-reposicion-pasarelas-tortel-1_optimized-1-1030x579.jpeg 1030w, https:\/\/radiorevelacionfm.cl\/wp-content\/uploads\/2024\/12\/corte-de-cinta-obras-de-reposicion-pasarelas-tortel-1_optimized-1-768x432.jpeg 768w, https:\/\/radiorevelacionfm.cl\/wp-content\/uploads\/2024\/12\/corte-de-cinta-obras-de-reposicion-pasarelas-tortel-1_optimized-1-705x396.jpeg 705w, https:\/\/radiorevelacionfm.cl\/wp-content\/uploads\/2024\/12\/corte-de-cinta-obras-de-reposicion-pasarelas-tortel-1_optimized-1-450x253.jpeg 450w, https:\/\/radiorevelacionfm.cl\/wp-content\/uploads\/2024\/12\/corte-de-cinta-obras-de-reposicion-pasarelas-tortel-1_optimized-1-600x337.jpeg 600w\" sizes=\"(max-width: 1067px) 100vw, 1067px\" \/><\/div><\/div><\/div><\/div><div class=\"flex_column av_one_full  flex_column_div av-zero-column-padding first  avia-builder-el-2  el_after_av_one_full  el_before_av_one_full  column-top-margin\" style='border-radius:0px; '><section class=\"av_textblock_section \"  itemscope=\"itemscope\" itemtype=\"https:\/\/schema.org\/BlogPosting\" itemprop=\"blogPost\" ><div class='avia_textblock  '   itemprop=\"text\" ><p style=\"text-align: center;\"><span style=\"font-size: 18pt;\"><strong>Vecinos\/as valoran reposici\u00f3n de m\u00e1s de un kil\u00f3metro de pasarelas en Caleta Tortel<\/strong><\/span><\/p>\n<div id=\"gtx-trans\" style=\"position: absolute; left: -50px; top: 4.31534px;\">\n<div class=\"gtx-trans-icon\"><\/div>\n<\/div>\n<\/div><\/section><\/div><div class=\"flex_column av_one_full  flex_column_div av-zero-column-padding first  avia-builder-el-4  el_after_av_one_full  el_before_av_hr  column-top-margin\" style='border-radius:0px; '><section class=\"av_textblock_section \"  itemscope=\"itemscope\" itemtype=\"https:\/\/schema.org\/BlogPosting\" itemprop=\"blogPost\" ><div class='avia_textblock  '   itemprop=\"text\" ><p style=\"text-align: justify;\">Hasta la lejana localidad de Caleta Tortel, ubicada a 460 kil\u00f3metros al sur de Coyhaique, se traslad\u00f3 en los \u00faltimos d\u00edas la Seremi de Vivienda, Paulina Ruz, para inaugurar junto a las autoridades provinciales, locales y comunidad, las obras que permitieron concretar la renovaci\u00f3n y mejoramiento de m\u00e1s de un kil\u00f3metro de pasarelas, las \u00fanicas v\u00edas de conexi\u00f3n y desplazamiento que tienen los vecinos, vecinas y visitantes en el tur\u00edstico poblado, donde hoy residen cerca de 600 familias.<\/p>\n<p style=\"text-align: justify;\">Junto con renovar la imagen de la Caleta, las obras mejoran las condiciones de vida de los pobladores, aportando seguridad y comodidad para los ni\u00f1os, adultos y adultos mayores que debe utilizar diariamente la red vial de pasarelas para sus actividades, como ir a la escuela, a la posta de salud, a los locales comerciales o simplemente transitar hacia la explanada del pueblo, \u00faltimo lugar hasta donde llegan los veh\u00edculos de trasporte p\u00fablico y privado para conectar con el resto de la regi\u00f3n.<\/p>\n<p style=\"text-align: justify;\">Es en ese contexto que la Seremi de Vivienda, Paulina Ruz, destac\u00f3 las obras, que forman parte de una serie de proyectos que se han ido concretando a trav\u00e9s del Programa de Pavimentaci\u00f3n Participativa del Minvu, el cual se aplica de forma especial en la Caleta. \u201cEl programa de pavimentos participativos data del a\u00f1o 94. Gracias a \u00e9l hemos pavimentado m\u00e1s del 90% de la regi\u00f3n y lo importante ac\u00e1 es c\u00f3mo hemos logrado cambiarlo con la perspectiva territorial que requiere y hablar ac\u00e1 por ejemplo de pasarelas participativas. El Ministerio de Vivienda ac\u00e1 ha invertido m\u00e1s de 700 millones de pesos en total en una serie de mejoras, reposiciones y tambi\u00e9n de pasarelas nuevas y eso tambi\u00e9n se traduce en beneficio de la comunidad, no solamente de los vecinos que viven cerca, sino que tambi\u00e9n de los alumnos de la comunidad educativa, de los profesionales municipales, de los turistas que vienen, de la comunidad en general y por eso queremos seguir presentes ac\u00e1, a total disposici\u00f3n de poder seguir trabajando \u201c, se\u00f1al\u00f3.<\/p>\n<p style=\"text-align: justify;\">Josefina Vargas, representante del sub centro de padres y apoderados del colegio, valor\u00f3 tambi\u00e9n las obras y el trabajo que se ha venido desarrollando en los \u00faltimos a\u00f1os. \u201cPara nosotros es un beneficio, nos sentimos enormemente beneficiados porque somos quienes transitamos diariamente desde marzo a diciembre y ahora es una pasarela segura. En la pasarela antigua se accident\u00f3 un apoderado con un ni\u00f1o que tiene discapacidad, lo cual nos llev\u00f3 a conversar con el alcalde y hoy estamos eternamente agradecidos por la gesti\u00f3n y que esta pasarela est\u00e9 determinada\u201d, precis\u00f3.<\/p>\n<p style=\"text-align: justify;\">A d\u00edas de entregar su cargo, el alcalde Abel Becerra, destac\u00f3 los avances logrados en una gesti\u00f3n afectada por la pandemia, donde se hace necesario ir cerrando los procesos, donde las prioridades se definieron en conjunto con las organizaciones y vecinos. \u201cPor eso, aqu\u00ed destaco tambi\u00e9n la articulaci\u00f3n y la disposici\u00f3n de nuestra Seremi, porque nosotros ingresamos un proyecto cuando est\u00e1bamos cerrando el otro. Entonces, administrativamente hay ciertos procesos que tienen que ir quedando cerrados, pero cuando est\u00e1 la disposici\u00f3n de la autoridad y las organizaciones, esto fluye m\u00e1s r\u00e1pido y, en definitiva, los que ganan son nuestra gente, nuestra comunidad. Esto no queda en una foto, que probablemente va a andar por ah\u00ed dando vuelta un tiempo, pero los que van a transitar diariamente van a ser nuestros vecinos y vecinas\u201d, afirm\u00f3.<\/p>\n<p style=\"text-align: justify;\">Tambi\u00e9n la Delegada Presidencial Provincial, Marta Montiel, valor\u00f3 los adelantos, que muestran como una pol\u00edtica p\u00fablica puede y debe ser adaptada a las realidades de los territorios. \u201cY esa es la base del trabajo que hemos venido desarrollando desde el Programa de Gobierno del Presidente Gabriel Boric, para llegar a todos los territorios. No tener dificultades en cuanto a que la inversi\u00f3n puede ser adaptada y adecuada, que contamos con contratistas locales, que los recursos que son invertidos aqu\u00ed est\u00e1n beneficiando a las familias de Tortel, a los visitantes, a nuestra comunidad educativa. Y tambi\u00e9n ver que estos 10 tramos que fueron contratados y ejecutados durante el a\u00f1o, hoy d\u00eda est\u00e1n mostr\u00e1ndonos una Caleta Tortel pensada, amigable para quienes la viven y tambi\u00e9n para quienes la visitan\u201d, manifest\u00f3.<\/p>\n<p style=\"text-align: justify;\">Finalmente, Paulina Rojas, Jefa del Departamento de Obras Urbanas de la Divisi\u00f3n de Desarrollo Urbano del Minvu, expres\u00f3 su satisfacci\u00f3n de comprobar c\u00f3mo los programas ministeriales son aplicados con pertinencia local.\u00a0 \u201cAqu\u00ed en esta localidad, en esta comuna se implementa como pasarelas que resuelven problemas reales de la comunidad, de traslado seguro, de conectividad a los distintos servicios y por tanto, nos sentimos muy gratos y nos vamos con experiencias de c\u00f3mo los programas tienen que ir reconociendo las realidades locales, adapt\u00e1ndose tambi\u00e9n a las distintas realidades y de esa manera poder resolver los problemas que nos interesa a trav\u00e9s de las distintas l\u00edneas program\u00e1ticas que tenemos\u201d, acot\u00f3.<\/p>\n<p style=\"text-align: justify;\">Las obras de mejoramiento de pasarelas en Caleta Tortel fueron ejecutadas por tres empresas locales, las de Atanacio Ruiz, Manuel Ruiz y Ren\u00e9 Vargas, considerando una inversi\u00f3n superior a los 280 millones de pesos. Las obras benefician en forma directa a 31 familias de las juntas de vecinos Rinc\u00f3n Alto y Los Colonos y en forma indirecta a toda la comunidad local y visitantes que llegan a la Caleta durante todo el a\u00f1o.<\/p>\n<\/div><\/section><\/div><div  style='height:50px' class='hr hr-invisible   avia-builder-el-6  el_after_av_one_full  el_before_av_social_share '><span class='hr-inner ' ><span class='hr-inner-style'><\/span><\/span><\/div><\/p>\n<div  class='av-social-sharing-box  avia-builder-el-7  el_after_av_hr  el_before_av_hr  '><div class='av-share-box'><h5 class='av-share-link-description av-no-toc '>Compartir esta noticia<\/h5><ul class='av-share-box-list noLightbox'><li class='av-share-link av-social-link-facebook' ><a target=\"_blank\" aria-label=\"Compartir en Facebook\" href='https:\/\/www.facebook.com\/sharer.php?u=https:\/\/radiorevelacionfm.cl\/?p=48652&#038;t=Vecinos%2Fas%20valoran%20reposici%C3%B3n%20de%20m%C3%A1s%20de%20un%20kil%C3%B3metro%20de%20pasarelas%20en%20Caleta%20Tortel' aria-hidden='false' data-av_icon='\ue8f3' data-av_iconfont='entypo-fontello' title='' data-avia-related-tooltip='Compartir en Facebook' rel=\"noopener\"><span class='avia_hidden_link_text'>Compartir en Facebook<\/span><\/a><\/li><li class='av-share-link av-social-link-twitter' ><a target=\"_blank\" aria-label=\"Compartir en Twitter\" href='https:\/\/twitter.com\/share?text=Vecinos%2Fas%20valoran%20reposici%C3%B3n%20de%20m%C3%A1s%20de%20un%20kil%C3%B3metro%20de%20pasarelas%20en%20Caleta%20Tortel&#038;url=https:\/\/radiorevelacionfm.cl\/?p=48652' aria-hidden='false' data-av_icon='\ue8f1' data-av_iconfont='entypo-fontello' title='' data-avia-related-tooltip='Compartir en Twitter' rel=\"noopener\"><span class='avia_hidden_link_text'>Compartir en Twitter<\/span><\/a><\/li><li class='av-share-link av-social-link-whatsapp' ><a target=\"_blank\" aria-label=\"Compartir en Whatsapp\" href='https:\/\/api.whatsapp.com\/send?text=https:\/\/radiorevelacionfm.cl\/?p=48652' aria-hidden='false' data-av_icon='\uf232' data-av_iconfont='entypo-fontello' title='' data-avia-related-tooltip='Compartir en Whatsapp' rel=\"noopener\"><span class='avia_hidden_link_text'>Compartir en Whatsapp<\/span><\/a><\/li><li class='av-share-link av-social-link-linkedin' ><a target=\"_blank\" aria-label=\"Compartir en LinkedIn\" href='https:\/\/linkedin.com\/shareArticle?mini=true&#038;title=Vecinos%2Fas%20valoran%20reposici%C3%B3n%20de%20m%C3%A1s%20de%20un%20kil%C3%B3metro%20de%20pasarelas%20en%20Caleta%20Tortel&#038;url=https:\/\/radiorevelacionfm.cl\/?p=48652' aria-hidden='false' data-av_icon='\ue8fc' data-av_iconfont='entypo-fontello' title='' data-avia-related-tooltip='Compartir en LinkedIn' rel=\"noopener\"><span class='avia_hidden_link_text'>Compartir en LinkedIn<\/span><\/a><\/li><li class='av-share-link av-social-link-mail' ><a  aria-label=\"Compartir por correo\" href='mailto:?subject=Vecinos%2Fas%20valoran%20reposici%C3%B3n%20de%20m%C3%A1s%20de%20un%20kil%C3%B3metro%20de%20pasarelas%20en%20Caleta%20Tortel&#038;body=https:\/\/radiorevelacionfm.cl\/?p=48652' aria-hidden='false' data-av_icon='\ue805' data-av_iconfont='entypo-fontello' title='' data-avia-related-tooltip='Compartir por correo'><span class='avia_hidden_link_text'>Compartir por correo<\/span><\/a><\/li><\/ul><\/div><\/div>\n<div  style='height:50px' class='hr hr-invisible   avia-builder-el-8  el_after_av_social_share  el_before_av_comments_list '><span class='hr-inner ' ><span class='hr-inner-style'><\/span><\/span><\/div>\n<div  class='av-buildercomment  av-blog-meta-html-info-disabled av-blog-meta-tag-disabled  '><\/div>\n","protected":false},"excerpt":{"rendered":"","protected":false},"author":1,"featured_media":48653,"comment_status":"open","ping_status":"open","sticky":false,"template":"","format":"standard","meta":{"footnotes":""},"categories":[38],"tags":[],"class_list":["post-48652","post","type-post","status-publish","format-standard","has-post-thumbnail","hentry","category-regional"],"jetpack_featured_media_url":"https:\/\/radiorevelacionfm.cl\/wp-content\/uploads\/2024\/12\/corte-de-cinta-obras-de-reposicion-pasarelas-tortel-1_optimized-1.jpeg","_links":{"self":[{"href":"https:\/\/radiorevelacionfm.cl\/index.php?rest_route=\/wp\/v2\/posts\/48652","targetHints":{"allow":["GET"]}}],"collection":[{"href":"https:\/\/radiorevelacionfm.cl\/index.php?rest_route=\/wp\/v2\/posts"}],"about":[{"href":"https:\/\/radiorevelacionfm.cl\/index.php?rest_route=\/wp\/v2\/types\/post"}],"author":[{"embeddable":true,"href":"https:\/\/radiorevelacionfm.cl\/index.php?rest_route=\/wp\/v2\/users\/1"}],"replies":[{"embeddable":true,"href":"https:\/\/radiorevelacionfm.cl\/index.php?rest_route=%2Fwp%2Fv2%2Fcomments&post=48652"}],"version-history":[{"count":1,"href":"https:\/\/radiorevelacionfm.cl\/index.php?rest_route=\/wp\/v2\/posts\/48652\/revisions"}],"predecessor-version":[{"id":48654,"href":"https:\/\/radiorevelacionfm.cl\/index.php?rest_route=\/wp\/v2\/posts\/48652\/revisions\/48654"}],"wp:featuredmedia":[{"embeddable":true,"href":"https:\/\/radiorevelacionfm.cl\/index.php?rest_route=\/wp\/v2\/media\/48653"}],"wp:attachment":[{"href":"https:\/\/radiorevelacionfm.cl\/index.php?rest_route=%2Fwp%2Fv2%2Fmedia&parent=48652"}],"wp:term":[{"taxonomy":"category","embeddable":true,"href":"https:\/\/radiorevelacionfm.cl\/index.php?rest_route=%2Fwp%2Fv2%2Fcategories&post=48652"},{"taxonomy":"post_tag","embeddable":true,"href":"https:\/\/radiorevelacionfm.cl\/index.php?rest_route=%2Fwp%2Fv2%2Ftags&post=48652"}],"curies":[{"name":"wp","href":"https:\/\/api.w.org\/{rel}","templated":true}]}}