{"id":4865,"date":"2021-06-03T17:33:30","date_gmt":"2021-06-03T20:33:30","guid":{"rendered":"https:\/\/radiorevelacionfm.cl\/?p=4865"},"modified":"2021-06-03T17:33:30","modified_gmt":"2021-06-03T20:33:30","slug":"mas-de-un-90-de-avance-presenta-construccion-del-primer-ante-velodromo-del-pais-ubicado-en-coyhaique","status":"publish","type":"post","link":"https:\/\/radiorevelacionfm.cl\/?p=4865","title":{"rendered":"M\u00e1s de un 90% de avance presenta construcci\u00f3n del primer Ante Vel\u00f3dromo del pa\u00eds ubicado en Coyhaique"},"content":{"rendered":"<div class=\"flex_column av_one_full  flex_column_div av-zero-column-padding first  avia-builder-el-0  el_before_av_one_full  avia-builder-el-first  \" style='border-radius:0px; '><div  class='avia-image-container  av-styling-    avia-builder-el-1  avia-builder-el-no-sibling  avia-align-center '  itemprop=\"image\" itemscope=\"itemscope\" itemtype=\"https:\/\/schema.org\/ImageObject\"  ><div class='avia-image-container-inner'><div class='avia-image-overlay-wrap'><img decoding=\"async\" class='wp-image-4866 avia-img-lazy-loading-not-4866 avia_image' src=\"https:\/\/radiorevelacionfm.cl\/wp-content\/uploads\/2021\/06\/foto-ante-velodromo-Coyhaique-1.jpg\" alt='' title='foto ante velodromo Coyhaique 1' height=\"600\" width=\"901\"  itemprop=\"thumbnailUrl\" srcset=\"https:\/\/radiorevelacionfm.cl\/wp-content\/uploads\/2021\/06\/foto-ante-velodromo-Coyhaique-1.jpg 901w, https:\/\/radiorevelacionfm.cl\/wp-content\/uploads\/2021\/06\/foto-ante-velodromo-Coyhaique-1-300x200.jpg 300w, https:\/\/radiorevelacionfm.cl\/wp-content\/uploads\/2021\/06\/foto-ante-velodromo-Coyhaique-1-768x511.jpg 768w, https:\/\/radiorevelacionfm.cl\/wp-content\/uploads\/2021\/06\/foto-ante-velodromo-Coyhaique-1-705x469.jpg 705w, https:\/\/radiorevelacionfm.cl\/wp-content\/uploads\/2021\/06\/foto-ante-velodromo-Coyhaique-1-600x400.jpg 600w\" sizes=\"(max-width: 901px) 100vw, 901px\" \/><\/div><\/div><\/div><\/div><div class=\"flex_column av_one_full  flex_column_div av-zero-column-padding first  avia-builder-el-2  el_after_av_one_full  el_before_av_one_full  column-top-margin\" style='border-radius:0px; '><section class=\"av_textblock_section \"  itemscope=\"itemscope\" itemtype=\"https:\/\/schema.org\/BlogPosting\" itemprop=\"blogPost\" ><div class='avia_textblock  '   itemprop=\"text\" ><p style=\"text-align: center;\"><strong><span style=\"font-size: 18pt;\">M\u00e1s de un 90% de avance presenta construcci\u00f3n del primer Ante Vel\u00f3dromo del pa\u00eds ubicado en Coyhaique<\/span><\/strong><\/p>\n<div id=\"gtx-trans\" style=\"position: absolute; left: -50px; top: 4.31534px;\">\n<div class=\"gtx-trans-icon\"><\/div>\n<\/div>\n<\/div><\/section><\/div><div class=\"flex_column av_one_full  flex_column_div av-zero-column-padding first  avia-builder-el-4  el_after_av_one_full  el_before_av_hr  column-top-margin\" style='border-radius:0px; '><section class=\"av_textblock_section \"  itemscope=\"itemscope\" itemtype=\"https:\/\/schema.org\/BlogPosting\" itemprop=\"blogPost\" ><div class='avia_textblock  '   itemprop=\"text\" ><p style=\"text-align: justify;\">M\u00e1s de un 90% de avance presenta la construcci\u00f3n del primer Ante Vel\u00f3dromo del pa\u00eds, pista de entrenamiento de ciclismo que viene a cumplir un gran sue\u00f1o de los amantes de ese deporte en la regi\u00f3n y que adem\u00e1s permite recuperar espacios urbanos, ya que se emplaza en terrenos eriazos que hasta hace algunos a\u00f1os eran ocupados por el campamento Los Calafates, en el sector sur oriente de Coyhaique.<\/p>\n<p style=\"text-align: justify;\">La obra, que es impulsada por el Ministerio de Vivienda en conjunto con el Municipio, fue visitada este jueves por el Intendente (S) Juan Luis Amen\u00e1bar; el Seremi de Vivienda, Diego Silva; su par de Deportes, Rodrigo Cubilla; el Alcalde (S) de Coyhaique, Julio Villarroel; el Director del Serviu; Nelson Quinteros y el dirigente del ciclismo H\u00e9ctor Luna, quienes confirmaron que la obra ya est\u00e1 en su fase de t\u00e9rmino, aportando una infraestructura de calidad, acorde con lo que requieren nuestros ni\u00f1os, j\u00f3venes y adultos, con pavimentos y muros de hormig\u00f3n, valla peatonal de protecci\u00f3n y moderna iluminaci\u00f3n led.<\/p>\n<p style=\"text-align: justify;\">Tras finalizar la visita el Intendente (S) Juan Luis Amen\u00e1bar destac\u00f3 el positivo impacto que tendr\u00e1 el proyecto para mejorar la salud e incentivar el deporte en nuestra poblaci\u00f3n. \u201cHoy d\u00eda estamos viendo el desarrollo de este sitio eriazo que era antes, donde hoy se transform\u00f3 para algo productivo y necesario para toda la comunidad como es el deporte, y ac\u00e1 en la regi\u00f3n contamos con grandes ciclistas. Adem\u00e1s, con este proyecto esperamos fomentar a la gente con actividad f\u00edsica, generando espacios de calidad como es el mandato del Presidente Sebasti\u00e1n Pi\u00f1era, donde esperamos que esta pista de entrenamiento sea utilizado por toda la comunidad para potenciar el deporte y el espacio sano\u201d, manifest\u00f3.<\/p>\n<p style=\"text-align: justify;\">De igual forma el Seremi de Vivienda, Diego Silva, puso \u00e9nfasis en los esfuerzos conjuntos que dan como resultado un valioso espacio deportivo para nuestra comunidad. \u201cUn trabajo mancomunado con el Municipio, con una inversi\u00f3n de m\u00e1s de 300 millones de pesos para recuperar este espacio que durante a\u00f1os fue una toma, luego esta familias recibieron soluci\u00f3n en diferentes puntos de la ciudad a trav\u00e9s de los programas del Minvu y hoy vemos como ya est\u00e1 por culminar este hermoso proyecto que apunta a varias cosas, como recuperar los espacios perdidos que muchas veces se transforman en focos de delincuencia. En segundo lugar damos un lugar a los deportistas, ya que este proyecto es \u00fanico en Chile, un vel\u00f3dromo urbano, como lo hemos bautizado, as\u00ed que como ha dicho nuestro Ministro Felipe Ward estamos trabajando no solo en la recuperaci\u00f3n econ\u00f3mica sino que tambi\u00e9n en recuperar espacios y llevarlos a grandes obras y proyectos\u201d, afirm\u00f3.<\/p>\n<p style=\"text-align: justify;\">En representaci\u00f3n de los ciclistas de la ciudad, el dirigente Oscar Luna, tambi\u00e9n valor\u00f3 y agradeci\u00f3 por esta obra que era un antiguo sue\u00f1o para los deportistas. \u201cLa necesidad ha existido siempre porque nosotros entrenamos en la calle, en las rutas y ver esto hoy es algo que no lo puedo creer, lo que se ha hecho ac\u00e1 es un trabajo que empez\u00f3 peque\u00f1o y termino en algo grande, un proyecto \u00fanico en Chile que vinimos trabajando con el municipio, con el Minvu, en diferentes reuniones. Es espectacular para los chicos, cualquier padre puede incentivar a sus hijos para entrenar ac\u00e1 sin temor de que los atropellen, por eso estoy feliz, se puede aspirar a otras cosas m\u00e1s adelante, con calma, pero ahora agradecer por el esfuerzo de construirnos este ante vel\u00f3dromo\u201d, se\u00f1al\u00f3.<\/p>\n<p style=\"text-align: justify;\">Finalmente tambi\u00e9n el Alcalde (S) de Coyhaique, Julio Villarroel, destac\u00f3 el trabajo realizado, que es de esperar se siga mejorando y proyectando en el tiempo. \u201cPara nosotros creo que es un primer apronte, se viene otro proyecto en el sector El Mate, que se ha estado trabajando tambi\u00e9n con el Minvu y el Serviu. Esto se materializa hoy, pero la idea es que no qued\u00e9 as\u00ed no m\u00e1s sino que se sigan buscando otras opciones de mejora, la idea es que la nueva administraci\u00f3n tenga una visi\u00f3n de futuro y pueda incorporar nuevos adelantos en este mismo recinto\u201d, indic\u00f3.<\/p>\n<p style=\"text-align: justify;\">El proyecto ante vel\u00f3dromo de Coyhaique es ejecutado por la empresa de Mario Fuentes Barrientos con una inversi\u00f3n que bordea los 300 millones de pesos del Programa de Asentamientos Precarios del Minvu. La nueva pista de entrenamiento de ciclismo implica una intervenci\u00f3n de 1.800 metros cuadrados y se espera que la obra pueda estar terminada dentro de las pr\u00f3ximas semanas.<\/p>\n<\/div><\/section><\/div><div  style='height:50px' class='hr hr-invisible   avia-builder-el-6  el_after_av_one_full  el_before_av_social_share '><span class='hr-inner ' ><span class='hr-inner-style'><\/span><\/span><\/div><\/p>\n<div  class='av-social-sharing-box  avia-builder-el-7  el_after_av_hr  el_before_av_hr  '><div class='av-share-box'><h5 class='av-share-link-description av-no-toc '>Compartir esta noticia<\/h5><ul class='av-share-box-list noLightbox'><li class='av-share-link av-social-link-facebook' ><a target=\"_blank\" aria-label=\"Compartir en Facebook\" href='https:\/\/www.facebook.com\/sharer.php?u=https:\/\/radiorevelacionfm.cl\/?p=4865&#038;t=M%C3%A1s%20de%20un%2090%25%20de%20avance%20presenta%20construcci%C3%B3n%20del%20primer%20Ante%20Vel%C3%B3dromo%20del%20pa%C3%ADs%20ubicado%20en%20Coyhaique' aria-hidden='false' data-av_icon='\ue8f3' data-av_iconfont='entypo-fontello' title='' data-avia-related-tooltip='Compartir en Facebook' rel=\"noopener\"><span class='avia_hidden_link_text'>Compartir en Facebook<\/span><\/a><\/li><li class='av-share-link av-social-link-twitter' ><a target=\"_blank\" aria-label=\"Compartir en Twitter\" href='https:\/\/twitter.com\/share?text=M%C3%A1s%20de%20un%2090%25%20de%20avance%20presenta%20construcci%C3%B3n%20del%20primer%20Ante%20Vel%C3%B3dromo%20del%20pa%C3%ADs%20ubicado%20en%20Coyhaique&#038;url=https:\/\/radiorevelacionfm.cl\/?p=4865' aria-hidden='false' data-av_icon='\ue8f1' data-av_iconfont='entypo-fontello' title='' data-avia-related-tooltip='Compartir en Twitter' rel=\"noopener\"><span class='avia_hidden_link_text'>Compartir en Twitter<\/span><\/a><\/li><li class='av-share-link av-social-link-whatsapp' ><a target=\"_blank\" aria-label=\"Compartir en Whatsapp\" href='https:\/\/api.whatsapp.com\/send?text=https:\/\/radiorevelacionfm.cl\/?p=4865' aria-hidden='false' data-av_icon='\uf232' data-av_iconfont='entypo-fontello' title='' data-avia-related-tooltip='Compartir en Whatsapp' rel=\"noopener\"><span class='avia_hidden_link_text'>Compartir en Whatsapp<\/span><\/a><\/li><li class='av-share-link av-social-link-linkedin' ><a target=\"_blank\" aria-label=\"Compartir en LinkedIn\" href='https:\/\/linkedin.com\/shareArticle?mini=true&#038;title=M%C3%A1s%20de%20un%2090%25%20de%20avance%20presenta%20construcci%C3%B3n%20del%20primer%20Ante%20Vel%C3%B3dromo%20del%20pa%C3%ADs%20ubicado%20en%20Coyhaique&#038;url=https:\/\/radiorevelacionfm.cl\/?p=4865' aria-hidden='false' data-av_icon='\ue8fc' data-av_iconfont='entypo-fontello' title='' data-avia-related-tooltip='Compartir en LinkedIn' rel=\"noopener\"><span class='avia_hidden_link_text'>Compartir en LinkedIn<\/span><\/a><\/li><li class='av-share-link av-social-link-mail' ><a  aria-label=\"Compartir por correo\" href='mailto:?subject=M%C3%A1s%20de%20un%2090%25%20de%20avance%20presenta%20construcci%C3%B3n%20del%20primer%20Ante%20Vel%C3%B3dromo%20del%20pa%C3%ADs%20ubicado%20en%20Coyhaique&#038;body=https:\/\/radiorevelacionfm.cl\/?p=4865' aria-hidden='false' data-av_icon='\ue805' data-av_iconfont='entypo-fontello' title='' data-avia-related-tooltip='Compartir por correo'><span class='avia_hidden_link_text'>Compartir por correo<\/span><\/a><\/li><\/ul><\/div><\/div>\n<div  style='height:50px' class='hr hr-invisible   avia-builder-el-8  el_after_av_social_share  el_before_av_comments_list '><span class='hr-inner ' ><span class='hr-inner-style'><\/span><\/span><\/div>\n<div  class='av-buildercomment  av-blog-meta-html-info-disabled av-blog-meta-tag-disabled  '><\/div>\n","protected":false},"excerpt":{"rendered":"","protected":false},"author":1,"featured_media":4866,"comment_status":"open","ping_status":"open","sticky":false,"template":"","format":"standard","meta":{"footnotes":""},"categories":[40],"tags":[],"class_list":["post-4865","post","type-post","status-publish","format-standard","has-post-thumbnail","hentry","category-deportes"],"jetpack_featured_media_url":"https:\/\/radiorevelacionfm.cl\/wp-content\/uploads\/2021\/06\/foto-ante-velodromo-Coyhaique-1.jpg","_links":{"self":[{"href":"https:\/\/radiorevelacionfm.cl\/index.php?rest_route=\/wp\/v2\/posts\/4865","targetHints":{"allow":["GET"]}}],"collection":[{"href":"https:\/\/radiorevelacionfm.cl\/index.php?rest_route=\/wp\/v2\/posts"}],"about":[{"href":"https:\/\/radiorevelacionfm.cl\/index.php?rest_route=\/wp\/v2\/types\/post"}],"author":[{"embeddable":true,"href":"https:\/\/radiorevelacionfm.cl\/index.php?rest_route=\/wp\/v2\/users\/1"}],"replies":[{"embeddable":true,"href":"https:\/\/radiorevelacionfm.cl\/index.php?rest_route=%2Fwp%2Fv2%2Fcomments&post=4865"}],"version-history":[{"count":1,"href":"https:\/\/radiorevelacionfm.cl\/index.php?rest_route=\/wp\/v2\/posts\/4865\/revisions"}],"predecessor-version":[{"id":4867,"href":"https:\/\/radiorevelacionfm.cl\/index.php?rest_route=\/wp\/v2\/posts\/4865\/revisions\/4867"}],"wp:featuredmedia":[{"embeddable":true,"href":"https:\/\/radiorevelacionfm.cl\/index.php?rest_route=\/wp\/v2\/media\/4866"}],"wp:attachment":[{"href":"https:\/\/radiorevelacionfm.cl\/index.php?rest_route=%2Fwp%2Fv2%2Fmedia&parent=4865"}],"wp:term":[{"taxonomy":"category","embeddable":true,"href":"https:\/\/radiorevelacionfm.cl\/index.php?rest_route=%2Fwp%2Fv2%2Fcategories&post=4865"},{"taxonomy":"post_tag","embeddable":true,"href":"https:\/\/radiorevelacionfm.cl\/index.php?rest_route=%2Fwp%2Fv2%2Ftags&post=4865"}],"curies":[{"name":"wp","href":"https:\/\/api.w.org\/{rel}","templated":true}]}}