{"id":48646,"date":"2024-12-08T22:35:54","date_gmt":"2024-12-09T01:35:54","guid":{"rendered":"https:\/\/radiorevelacionfm.cl\/?p=48646"},"modified":"2024-12-08T22:35:54","modified_gmt":"2024-12-09T01:35:54","slug":"invitan-a-informarse-sobre-normativa-laboral-vigente","status":"publish","type":"post","link":"https:\/\/radiorevelacionfm.cl\/?p=48646","title":{"rendered":"Invitan a informarse sobre normativa laboral vigente"},"content":{"rendered":"<div class=\"flex_column av_one_full  flex_column_div av-zero-column-padding first  avia-builder-el-0  el_before_av_one_full  avia-builder-el-first  \" style='border-radius:0px; '><div  class='avia-image-container  av-styling-    avia-builder-el-1  avia-builder-el-no-sibling  avia-align-center '  itemprop=\"image\" itemscope=\"itemscope\" itemtype=\"https:\/\/schema.org\/ImageObject\"  ><div class='avia-image-container-inner'><div class='avia-image-overlay-wrap'><img decoding=\"async\" class='wp-image-48647 avia-img-lazy-loading-not-48647 avia_image' src=\"https:\/\/radiorevelacionfm.cl\/wp-content\/uploads\/2024\/12\/conversatorio_normativalaboral_10122024-1-1_optimized-1.jpg\" alt='' title='conversatorio_normativalaboral_10122024-(1)-(1)_optimized (1)' height=\"1120\" width=\"798\"  itemprop=\"thumbnailUrl\" srcset=\"https:\/\/radiorevelacionfm.cl\/wp-content\/uploads\/2024\/12\/conversatorio_normativalaboral_10122024-1-1_optimized-1.jpg 798w, https:\/\/radiorevelacionfm.cl\/wp-content\/uploads\/2024\/12\/conversatorio_normativalaboral_10122024-1-1_optimized-1-214x300.jpg 214w, https:\/\/radiorevelacionfm.cl\/wp-content\/uploads\/2024\/12\/conversatorio_normativalaboral_10122024-1-1_optimized-1-734x1030.jpg 734w, https:\/\/radiorevelacionfm.cl\/wp-content\/uploads\/2024\/12\/conversatorio_normativalaboral_10122024-1-1_optimized-1-768x1078.jpg 768w, https:\/\/radiorevelacionfm.cl\/wp-content\/uploads\/2024\/12\/conversatorio_normativalaboral_10122024-1-1_optimized-1-502x705.jpg 502w, https:\/\/radiorevelacionfm.cl\/wp-content\/uploads\/2024\/12\/conversatorio_normativalaboral_10122024-1-1_optimized-1-450x632.jpg 450w, https:\/\/radiorevelacionfm.cl\/wp-content\/uploads\/2024\/12\/conversatorio_normativalaboral_10122024-1-1_optimized-1-600x842.jpg 600w\" sizes=\"(max-width: 798px) 100vw, 798px\" \/><\/div><\/div><\/div><\/div><div class=\"flex_column av_one_full  flex_column_div av-zero-column-padding first  avia-builder-el-2  el_after_av_one_full  el_before_av_one_full  column-top-margin\" style='border-radius:0px; '><section class=\"av_textblock_section \"  itemscope=\"itemscope\" itemtype=\"https:\/\/schema.org\/BlogPosting\" itemprop=\"blogPost\" ><div class='avia_textblock  '   itemprop=\"text\" ><p style=\"text-align: center;\"><span style=\"font-size: 18pt;\"><b>Invitan a informarse sobre normativa laboral vigente<\/b><\/span><\/p>\n<div id=\"gtx-trans\" style=\"position: absolute; left: -50px; top: 4.31534px;\">\n<div class=\"gtx-trans-icon\"><\/div>\n<\/div>\n<\/div><\/section><\/div><div class=\"flex_column av_one_full  flex_column_div av-zero-column-padding first  avia-builder-el-4  el_after_av_one_full  el_before_av_hr  column-top-margin\" style='border-radius:0px; '><section class=\"av_textblock_section \"  itemscope=\"itemscope\" itemtype=\"https:\/\/schema.org\/BlogPosting\" itemprop=\"blogPost\" ><div class='avia_textblock  '   itemprop=\"text\" ><p class=\"v1MsoNormal\" style=\"text-align: justify;\">Para este martes 10 de diciembre se est\u00e1 convocando a empleadores\/as y trabajadores\/ a informarse sobre normativa laboral, en un seminario organizado por la Seremi de Trabajo y Previsi\u00f3n Social, Direcci\u00f3n del Trabajo y Servicio de Migraciones.<\/p>\n<p class=\"v1MsoNormal\" style=\"text-align: justify;\">Al respecto, la Seremi Camila Covarrubias Retamal, de Trabajo y Previsi\u00f3n Social Ays\u00e9n, mencion\u00f3, \u00abA petici\u00f3n de empleadores y empleadoras, junto con la Direcci\u00f3n del Trabajo y el Servicio de Migraciones, hemos organizado un seminario para poder abordar la normativa laboral, en espec\u00edfico, los tipos de contrato, contrataci\u00f3n de poblaci\u00f3n migrante, entre otros. En vista tambi\u00e9n de esta \u00e9poca en que se realizan m\u00e1s contratos part-time, invitamos tambi\u00e9n a los trabajadores y las trabajadoras a sumarse a esta iniciativa para conocer sobre sus derechos laborales\u00bb.<\/p>\n<p class=\"v1MsoNormal\" style=\"text-align: justify;\">En tanto, el director regional Christian Aros Troncoso de la Direcci\u00f3n del Trabajo, entreg\u00f3 detalles de algunas de las materias que se revisar\u00e1n, \u00abComo Direcci\u00f3n del Trabajo uno de nuestros prop\u00f3sitos es orientar en materias laborales, es por ello que este martes 10 de diciembre, los invitamos a un conversatorio de materia laboral, donde estaremos informando sobre contrataci\u00f3n, cu\u00e1les son las normas para contratar part- time, en \u00e9poca de Navidad, de verano, entre otros, adem\u00e1s, les daremos a conocer algunas de las nuevas leyes en este \u00e1mbito, como la Ley de 40 Horas, Ley Karin, Ley de Conciliaci\u00f3n de la vida personal, familiar y laboral, entre otras\u00bb.<\/p>\n<p class=\"v1MsoNormal\" style=\"text-align: justify;\">\u00abLes invito a participar del conversatorio de normativa laboral, en donde nosotros como Servicio Nacional de migraciones, expondremos de la contrataci\u00f3n de extranjeros, explicando qu\u00e9 documentos, habilita a las personas extranjeras para trabajar en nuestro pa\u00eds, como tambi\u00e9n abordaremos temas como el acuerdo de reciprocidad firmado entre Chile y Bolivia\u00bb, afirm\u00f3 a su vez la directora regional del Servicio de Migraciones, Maritza Fern\u00e1ndez Briones.<\/p>\n<p class=\"v1MsoNormal\" style=\"text-align: justify;\">La actividad se realizar\u00e1 en La Plaza Cowork de Coyhaique y es abierta a la comunidad, como anuncia la Seremi Camila Covarrubias, \u00abEl conversatorio ser\u00e1 este martes 10 de diciembre, a las 10:00 en la Plaza Cowork, ubicado en el 1er piso del Patio Condell, en calle Condell, Coyhaique. Esta es una invitaci\u00f3n abierta, a empleadores, a trabajadores y trabajadoras y a la comunidad en general, ya que haremos un repaso a la normativa laboral vigente, incluyendo nuevas leyes que hemos impulsado como Gobierno. Los esperamos!\u00bb<\/p>\n<\/div><\/section><\/div><div  style='height:50px' class='hr hr-invisible   avia-builder-el-6  el_after_av_one_full  el_before_av_social_share '><span class='hr-inner ' ><span class='hr-inner-style'><\/span><\/span><\/div><\/p>\n<div  class='av-social-sharing-box  avia-builder-el-7  el_after_av_hr  el_before_av_hr  '><div class='av-share-box'><h5 class='av-share-link-description av-no-toc '>Compartir esta noticia<\/h5><ul class='av-share-box-list noLightbox'><li class='av-share-link av-social-link-facebook' ><a target=\"_blank\" aria-label=\"Compartir en Facebook\" href='https:\/\/www.facebook.com\/sharer.php?u=https:\/\/radiorevelacionfm.cl\/?p=48646&#038;t=Invitan%20a%20informarse%20sobre%20normativa%20laboral%20vigente' aria-hidden='false' data-av_icon='\ue8f3' data-av_iconfont='entypo-fontello' title='' data-avia-related-tooltip='Compartir en Facebook' rel=\"noopener\"><span class='avia_hidden_link_text'>Compartir en Facebook<\/span><\/a><\/li><li class='av-share-link av-social-link-twitter' ><a target=\"_blank\" aria-label=\"Compartir en Twitter\" href='https:\/\/twitter.com\/share?text=Invitan%20a%20informarse%20sobre%20normativa%20laboral%20vigente&#038;url=https:\/\/radiorevelacionfm.cl\/?p=48646' aria-hidden='false' data-av_icon='\ue8f1' data-av_iconfont='entypo-fontello' title='' data-avia-related-tooltip='Compartir en Twitter' rel=\"noopener\"><span class='avia_hidden_link_text'>Compartir en Twitter<\/span><\/a><\/li><li class='av-share-link av-social-link-whatsapp' ><a target=\"_blank\" aria-label=\"Compartir en Whatsapp\" href='https:\/\/api.whatsapp.com\/send?text=https:\/\/radiorevelacionfm.cl\/?p=48646' aria-hidden='false' data-av_icon='\uf232' data-av_iconfont='entypo-fontello' title='' data-avia-related-tooltip='Compartir en Whatsapp' rel=\"noopener\"><span class='avia_hidden_link_text'>Compartir en Whatsapp<\/span><\/a><\/li><li class='av-share-link av-social-link-linkedin' ><a target=\"_blank\" aria-label=\"Compartir en LinkedIn\" href='https:\/\/linkedin.com\/shareArticle?mini=true&#038;title=Invitan%20a%20informarse%20sobre%20normativa%20laboral%20vigente&#038;url=https:\/\/radiorevelacionfm.cl\/?p=48646' aria-hidden='false' data-av_icon='\ue8fc' data-av_iconfont='entypo-fontello' title='' data-avia-related-tooltip='Compartir en LinkedIn' rel=\"noopener\"><span class='avia_hidden_link_text'>Compartir en LinkedIn<\/span><\/a><\/li><li class='av-share-link av-social-link-mail' ><a  aria-label=\"Compartir por correo\" href='mailto:?subject=Invitan%20a%20informarse%20sobre%20normativa%20laboral%20vigente&#038;body=https:\/\/radiorevelacionfm.cl\/?p=48646' aria-hidden='false' data-av_icon='\ue805' data-av_iconfont='entypo-fontello' title='' data-avia-related-tooltip='Compartir por correo'><span class='avia_hidden_link_text'>Compartir por correo<\/span><\/a><\/li><\/ul><\/div><\/div>\n<div  style='height:50px' class='hr hr-invisible   avia-builder-el-8  el_after_av_social_share  el_before_av_comments_list '><span class='hr-inner ' ><span class='hr-inner-style'><\/span><\/span><\/div>\n<div  class='av-buildercomment  av-blog-meta-html-info-disabled av-blog-meta-tag-disabled  '><\/div>\n","protected":false},"excerpt":{"rendered":"","protected":false},"author":1,"featured_media":48647,"comment_status":"open","ping_status":"open","sticky":false,"template":"","format":"standard","meta":{"footnotes":""},"categories":[56],"tags":[],"class_list":["post-48646","post","type-post","status-publish","format-standard","has-post-thumbnail","hentry","category-trabajo"],"jetpack_featured_media_url":"https:\/\/radiorevelacionfm.cl\/wp-content\/uploads\/2024\/12\/conversatorio_normativalaboral_10122024-1-1_optimized-1.jpg","_links":{"self":[{"href":"https:\/\/radiorevelacionfm.cl\/index.php?rest_route=\/wp\/v2\/posts\/48646","targetHints":{"allow":["GET"]}}],"collection":[{"href":"https:\/\/radiorevelacionfm.cl\/index.php?rest_route=\/wp\/v2\/posts"}],"about":[{"href":"https:\/\/radiorevelacionfm.cl\/index.php?rest_route=\/wp\/v2\/types\/post"}],"author":[{"embeddable":true,"href":"https:\/\/radiorevelacionfm.cl\/index.php?rest_route=\/wp\/v2\/users\/1"}],"replies":[{"embeddable":true,"href":"https:\/\/radiorevelacionfm.cl\/index.php?rest_route=%2Fwp%2Fv2%2Fcomments&post=48646"}],"version-history":[{"count":1,"href":"https:\/\/radiorevelacionfm.cl\/index.php?rest_route=\/wp\/v2\/posts\/48646\/revisions"}],"predecessor-version":[{"id":48648,"href":"https:\/\/radiorevelacionfm.cl\/index.php?rest_route=\/wp\/v2\/posts\/48646\/revisions\/48648"}],"wp:featuredmedia":[{"embeddable":true,"href":"https:\/\/radiorevelacionfm.cl\/index.php?rest_route=\/wp\/v2\/media\/48647"}],"wp:attachment":[{"href":"https:\/\/radiorevelacionfm.cl\/index.php?rest_route=%2Fwp%2Fv2%2Fmedia&parent=48646"}],"wp:term":[{"taxonomy":"category","embeddable":true,"href":"https:\/\/radiorevelacionfm.cl\/index.php?rest_route=%2Fwp%2Fv2%2Fcategories&post=48646"},{"taxonomy":"post_tag","embeddable":true,"href":"https:\/\/radiorevelacionfm.cl\/index.php?rest_route=%2Fwp%2Fv2%2Ftags&post=48646"}],"curies":[{"name":"wp","href":"https:\/\/api.w.org\/{rel}","templated":true}]}}