{"id":48641,"date":"2024-12-07T12:49:22","date_gmt":"2024-12-07T15:49:22","guid":{"rendered":"https:\/\/radiorevelacionfm.cl\/?p=48641"},"modified":"2024-12-07T12:49:22","modified_gmt":"2024-12-07T15:49:22","slug":"diversos-servicios-publicos-generan-jornada-de-orientacion-y-acompanamiento-en-el-proceso-de-retiro-laboral","status":"publish","type":"post","link":"https:\/\/radiorevelacionfm.cl\/?p=48641","title":{"rendered":"Diversos servicios p\u00fablicos generan jornada de orientaci\u00f3n y acompa\u00f1amiento en el proceso de retiro laboral"},"content":{"rendered":"<div class=\"flex_column av_one_full  flex_column_div av-zero-column-padding first  avia-builder-el-0  el_before_av_one_full  avia-builder-el-first  \" style='border-radius:0px; '><div  class='avia-image-container  av-styling-    avia-builder-el-1  avia-builder-el-no-sibling  avia-align-center '  itemprop=\"image\" itemscope=\"itemscope\" itemtype=\"https:\/\/schema.org\/ImageObject\"  ><div class='avia-image-container-inner'><div class='avia-image-overlay-wrap'><img decoding=\"async\" class='wp-image-48642 avia-img-lazy-loading-not-48642 avia_image' src=\"https:\/\/radiorevelacionfm.cl\/wp-content\/uploads\/2024\/12\/seremi-jubilacion-1-1_optimized.jpg\" alt='' title='seremi-jubilacion-(1)-(1)_optimized' height=\"600\" width=\"963\"  itemprop=\"thumbnailUrl\" srcset=\"https:\/\/radiorevelacionfm.cl\/wp-content\/uploads\/2024\/12\/seremi-jubilacion-1-1_optimized.jpg 963w, https:\/\/radiorevelacionfm.cl\/wp-content\/uploads\/2024\/12\/seremi-jubilacion-1-1_optimized-300x187.jpg 300w, https:\/\/radiorevelacionfm.cl\/wp-content\/uploads\/2024\/12\/seremi-jubilacion-1-1_optimized-768x479.jpg 768w, https:\/\/radiorevelacionfm.cl\/wp-content\/uploads\/2024\/12\/seremi-jubilacion-1-1_optimized-705x439.jpg 705w, https:\/\/radiorevelacionfm.cl\/wp-content\/uploads\/2024\/12\/seremi-jubilacion-1-1_optimized-450x280.jpg 450w, https:\/\/radiorevelacionfm.cl\/wp-content\/uploads\/2024\/12\/seremi-jubilacion-1-1_optimized-600x374.jpg 600w\" sizes=\"(max-width: 963px) 100vw, 963px\" \/><\/div><\/div><\/div><\/div><div class=\"flex_column av_one_full  flex_column_div av-zero-column-padding first  avia-builder-el-2  el_after_av_one_full  el_before_av_one_full  column-top-margin\" style='border-radius:0px; '><section class=\"av_textblock_section \"  itemscope=\"itemscope\" itemtype=\"https:\/\/schema.org\/BlogPosting\" itemprop=\"blogPost\" ><div class='avia_textblock  '   itemprop=\"text\" ><p style=\"text-align: center;\"><strong><span style=\"font-size: 18pt;\">Diversos servicios p\u00fablicos generan jornada de orientaci\u00f3n y acompa\u00f1amiento en el proceso de retiro laboral<\/span><\/strong><\/p>\n<div id=\"gtx-trans\" style=\"position: absolute; left: -50px; top: 4.31534px;\">\n<div class=\"gtx-trans-icon\"><\/div>\n<\/div>\n<\/div><\/section><\/div><div class=\"flex_column av_one_full  flex_column_div av-zero-column-padding first  avia-builder-el-4  el_after_av_one_full  el_before_av_hr  column-top-margin\" style='border-radius:0px; '><section class=\"av_textblock_section \"  itemscope=\"itemscope\" itemtype=\"https:\/\/schema.org\/BlogPosting\" itemprop=\"blogPost\" ><div class='avia_textblock  '   itemprop=\"text\" ><p style=\"text-align: justify;\">La Secretaria Regional Ministerial de Obras P\u00fablicas Paloma Jara Vald\u00e9s y la Jefa del Servicio de Bienestar del Ministerio de Obras P\u00fablicas Regi\u00f3n de Ays\u00e9n Doris Guichapani, lideraron jornada de orientaci\u00f3n y acompa\u00f1amiento en el proceso de retiro laboral y\/o jubilaci\u00f3n para los y las trabajadores de Obras P\u00fablicas, junto al Jefe del Centro de Gesti\u00f3n Regional de Fonasa Regi\u00f3n de Ays\u00e9n Jorge P\u00e9rez Urra, la Secretaria Regional Ministerial del Trabajo y Previsi\u00f3n Social Camila Covarrubias Retamal, el Director Regional del Instituto Previsi\u00f3n Social (IPS) Chile Atiende Rodrigo D\u00edaz Cordaro, representantes de la Universidad Ays\u00e9n, del COSAM, el Liceo Josefina Aguirre y la Superintendencia de Pensiones, logrando con ello una visi\u00f3n global e integradora para abordar con m\u00e1s de 40 funcionarios y funcionarias esta tem\u00e1tica.<\/p>\n<p style=\"text-align: justify;\">\u201cComo Ministerio queremos acompa\u00f1ar desde el inicio y hasta el final la vida laboral de nuestros trabajadores y trabajadoras, porque pasamos una importante cantidad de horas conviviendo en el \u00e1mbito laboral, por lo tanto esta jornada es muy importante para el bienestar integral de las y los funcionarios que se van a retiro o a jubilar, para comenzar una nueva etapa en sus vidas y que esa transici\u00f3n, ese paso que est\u00e1n dando, lo puedan hacer bien informados, as\u00ed como tambi\u00e9n tengan acceso a todas las herramientas necesarias para que est\u00e9n bien preparados para enfrentar su promisorio futuro. Agradezco que todas estas instituciones y la Academia se integraran y coordinaran para lograr esta importante jornada de capacitaci\u00f3n, y felicitamos a nuestro Servicio de Bienestar regional por impulsar en nuestro Ministerio esta iniciativa, que sin lugar a dudas beneficia a todas y todos los y las trabajadores\u201d, destac\u00f3 la SEREMI del MOP.<\/p>\n<p style=\"text-align: justify;\">Por su parte, la Jefa del Servicio de Bienestar MOP Regi\u00f3n de Ays\u00e9n, Doris Guichapani relev\u00f3 que \u201cnuestro centro de gesti\u00f3n son las personas, por eso como Servicio estamos empe\u00f1ados en poder contribuir a mejorar la calidad de vida de las trabajadoras y los trabajadores -en este caso- en quienes se encuentran prontos a iniciar su proceso de jubilaci\u00f3n con diversas acciones, entre ellas esta capacitaci\u00f3n la que se abord\u00f3 con un equipo multidisciplinario los principales temas que una persona enfrenta cuando inicia el proceso de jubilaci\u00f3n, as\u00ed que estamos muy contentos con el resultado, hubo una muy buena participaci\u00f3n y los y las funcionarias recibieron muy bien toda la informaci\u00f3n que se les entreg\u00f3\u201d.<\/p>\n<p style=\"text-align: justify;\">\u201cEl objetivo de esta iniciativa es abordar en forma integral la preparaci\u00f3n de las personas para el retiro laboral, o jubilaci\u00f3n. Esta es la segunda jornada de este tipo que hacemos en la regi\u00f3n y esperamos replicarla el pr\u00f3ximo a\u00f1o, porque naci\u00f3 desde las propias necesidades de las personas las que ten\u00edan muchas inquietudes y de diverso tipo relacionadas con esta etapa de la vida, as\u00ed que generamos estas jornadas con una mirada integral desde los distintos Servicios P\u00fablicos y desde la Academia, pensando en c\u00f3mo las personas se preparan para finalizar su etapa laboral y comenzar una nueva vida. Hoy dimos respuesta en el momento a todas las necesidades e inquietudes y en forma presencial, y logramos una enriquecedora retroalimentaci\u00f3n de parte de ellos y de ellas lo que es muy necesario e importante para poder ayudarlos. Agradecemos a las autoridades asistentes y a todos los y las participantes para que esta jornada se pudiera llevara a cabo con una muy buena concurrencia\u201d, agreg\u00f3 Jorge P\u00e9rez Urra, Jefe de Centro de Gesti\u00f3n Regional de Fonasa Regi\u00f3n de Ays\u00e9n.<\/p>\n<p style=\"text-align: justify;\">Entre las materias tratadas destaca \u00abLa innovaci\u00f3n p\u00fablica al servicio de las personas en el proceso de jubilaci\u00f3n\u00bb, impartida por C\u00e9sar Mari\u00f1ez de la Universidad Ays\u00e9n; Carlos Vel\u00e1squez Barr\u00eda Analista de Gesti\u00f3n de Personas de la Subsecretar\u00eda de Obras P\u00fablicas con la exposici\u00f3n \u201cIncentivo al Retiro, Estatuto Administrativo y Docente\u201d; la Asesora de Salud\u00a0 Lucerina Nanco Tavie inform\u00f3 acerca del \u201cSistema de Salud y Beneficios de Personas Adultas y Personas Mayores\u201d; desde la Superintendencia de Pensiones expuso la Analista Ver\u00f3nica Araneda Godoy respecto al \u201cDecreto Ley 3.500 Sistema Previsional Chileno, Modalidades de Pensiones y el Sistema de Consultas y Ofertas de Montos y Pensiones (Scomp) con Enfoque de G\u00e9nero\u201d; tambi\u00e9n particip\u00f3 el Instituto de Previsi\u00f3n Social con la exposici\u00f3n de la Jefa de Sucursal Daniela Catal\u00e1n Celis sobre la \u201cLey 21.419 Pensi\u00f3n Garantizada Universal Bono por hijo. Sucursal virtual\u201d; por el COSAM expuso la Psic\u00f3loga Guadalupe Vidal sobre la \u00abSalud Mental en Personas Mayores, Orientaciones para el Manejo\u00bb; y tambi\u00e9n de la Universidad\u00a0 Ays\u00e9n de la carrera de Psicolog\u00eda Expuso Karim Slako acerca de \u00abEl bienestar Psicofisiol\u00f3gico en el Proceso de Retiro Laboral: Buenas Pr\u00e1cticas desde la Psicolog\u00eda\u00bb.<\/p>\n<p style=\"text-align: justify;\">Sobre las exposiciones y la actividad, Elvis Godoy, Secretario Regional de ANFAVIAL, destac\u00f3: \u201cEn general la jornada de capacitaci\u00f3n ha sido s\u00faper interesante y nos hemos dado cuenta que es una capacitaci\u00f3n transversal, y por lo tanto tiene distintas miradas. Las personas que est\u00e1n adportas de la jubilaci\u00f3n, as\u00ed como nosotros tambi\u00e9n, podemos darnos cuenta de c\u00f3mo es la preparaci\u00f3n, de c\u00f3mo deber\u00eda ser la forma de enfrentar esta nueva vida, porque termina la etapa laboral pero nacemos de nuevo. En general todo lo que nos han mostrado ha sido\u00a0 importante e interesante\u201d.<\/p>\n<p style=\"text-align: justify;\">En tanto, Mirna Chavarr\u00eda, funcionaria de Vialidad en la provincia Capit\u00e1n Prat, quien tambi\u00e9n asisti\u00f3 a la jornada expres\u00f3: \u201cEn mi caso por un lado tengo a mi mam\u00e1 que est\u00e1 en proceso de pensionarse y por otro lado, vengo para ayudar a muchos colegas que ya est\u00e1n en proceso de retiro. El que yo pueda tener la posibilidad despu\u00e9s de compartir con ellos esta instancia es s\u00faper bueno. Fue una experiencia s\u00faper enriquecedora para aprender, porque hay muchas cosas que desconocemos y aqu\u00ed uno pudo sacar todas las dudas que se ten\u00edan. Entonces para m\u00ed, fue una experiencia s\u00faper enriquecedora\u201d.<\/p>\n<p style=\"text-align: justify;\">Finalmente, la Seremi del Trabajo y Previsi\u00f3n Social, Camila Covarrubias resalt\u00f3 que \u201cesta es una respuesta integral interinstitucional en donde hay un acompa\u00f1amiento en el proceso de retiro laboral para conocer los incentivos al retiro y de una manera concreta algunos temas como las pensiones, PGU, y otros beneficios de Fonasa entre otros, visualizando la nueva etapa y nuevas oportunidades que implican y en donde tambi\u00e9n puede haber una reinversi\u00f3n laboral. Puntualmente quiero decirles que tanto desde la Seremi del Trabajo y Previsi\u00f3n Social, como desde la Direcci\u00f3n del Trabajo y la red Chile Atiende, el IPS y la Superintendencia de Pensiones estamos aqu\u00ed, para acompa\u00f1arlos en este proceso\u201d.<\/p>\n<p style=\"text-align: justify;\"><strong><em>\u00a0<\/em><\/strong><\/p>\n<\/div><\/section><\/div><div  style='height:50px' class='hr hr-invisible   avia-builder-el-6  el_after_av_one_full  el_before_av_social_share '><span class='hr-inner ' ><span class='hr-inner-style'><\/span><\/span><\/div><\/p>\n<div  class='av-social-sharing-box  avia-builder-el-7  el_after_av_hr  el_before_av_hr  '><div class='av-share-box'><h5 class='av-share-link-description av-no-toc '>Compartir esta noticia<\/h5><ul class='av-share-box-list noLightbox'><li class='av-share-link av-social-link-facebook' ><a target=\"_blank\" aria-label=\"Compartir en Facebook\" href='https:\/\/www.facebook.com\/sharer.php?u=https:\/\/radiorevelacionfm.cl\/?p=48641&#038;t=Diversos%20servicios%20p%C3%BAblicos%20generan%20jornada%20de%20orientaci%C3%B3n%20y%20acompa%C3%B1amiento%20en%20el%20proceso%20de%20retiro%20laboral' aria-hidden='false' data-av_icon='\ue8f3' data-av_iconfont='entypo-fontello' title='' data-avia-related-tooltip='Compartir en Facebook' rel=\"noopener\"><span class='avia_hidden_link_text'>Compartir en Facebook<\/span><\/a><\/li><li class='av-share-link av-social-link-twitter' ><a target=\"_blank\" aria-label=\"Compartir en Twitter\" href='https:\/\/twitter.com\/share?text=Diversos%20servicios%20p%C3%BAblicos%20generan%20jornada%20de%20orientaci%C3%B3n%20y%20acompa%C3%B1amiento%20en%20el%20proceso%20de%20retiro%20laboral&#038;url=https:\/\/radiorevelacionfm.cl\/?p=48641' aria-hidden='false' data-av_icon='\ue8f1' data-av_iconfont='entypo-fontello' title='' data-avia-related-tooltip='Compartir en Twitter' rel=\"noopener\"><span class='avia_hidden_link_text'>Compartir en Twitter<\/span><\/a><\/li><li class='av-share-link av-social-link-whatsapp' ><a target=\"_blank\" aria-label=\"Compartir en Whatsapp\" href='https:\/\/api.whatsapp.com\/send?text=https:\/\/radiorevelacionfm.cl\/?p=48641' aria-hidden='false' data-av_icon='\uf232' data-av_iconfont='entypo-fontello' title='' data-avia-related-tooltip='Compartir en Whatsapp' rel=\"noopener\"><span class='avia_hidden_link_text'>Compartir en Whatsapp<\/span><\/a><\/li><li class='av-share-link av-social-link-linkedin' ><a target=\"_blank\" aria-label=\"Compartir en LinkedIn\" href='https:\/\/linkedin.com\/shareArticle?mini=true&#038;title=Diversos%20servicios%20p%C3%BAblicos%20generan%20jornada%20de%20orientaci%C3%B3n%20y%20acompa%C3%B1amiento%20en%20el%20proceso%20de%20retiro%20laboral&#038;url=https:\/\/radiorevelacionfm.cl\/?p=48641' aria-hidden='false' data-av_icon='\ue8fc' data-av_iconfont='entypo-fontello' title='' data-avia-related-tooltip='Compartir en LinkedIn' rel=\"noopener\"><span class='avia_hidden_link_text'>Compartir en LinkedIn<\/span><\/a><\/li><li class='av-share-link av-social-link-mail' ><a  aria-label=\"Compartir por correo\" href='mailto:?subject=Diversos%20servicios%20p%C3%BAblicos%20generan%20jornada%20de%20orientaci%C3%B3n%20y%20acompa%C3%B1amiento%20en%20el%20proceso%20de%20retiro%20laboral&#038;body=https:\/\/radiorevelacionfm.cl\/?p=48641' aria-hidden='false' data-av_icon='\ue805' data-av_iconfont='entypo-fontello' title='' data-avia-related-tooltip='Compartir por correo'><span class='avia_hidden_link_text'>Compartir por correo<\/span><\/a><\/li><\/ul><\/div><\/div>\n<div  style='height:50px' class='hr hr-invisible   avia-builder-el-8  el_after_av_social_share  el_before_av_comments_list '><span class='hr-inner ' ><span class='hr-inner-style'><\/span><\/span><\/div>\n<div  class='av-buildercomment  av-blog-meta-html-info-disabled av-blog-meta-tag-disabled  '><\/div>\n","protected":false},"excerpt":{"rendered":"","protected":false},"author":1,"featured_media":48642,"comment_status":"open","ping_status":"open","sticky":false,"template":"","format":"standard","meta":{"footnotes":""},"categories":[38],"tags":[],"class_list":["post-48641","post","type-post","status-publish","format-standard","has-post-thumbnail","hentry","category-regional"],"jetpack_featured_media_url":"https:\/\/radiorevelacionfm.cl\/wp-content\/uploads\/2024\/12\/seremi-jubilacion-1-1_optimized.jpg","_links":{"self":[{"href":"https:\/\/radiorevelacionfm.cl\/index.php?rest_route=\/wp\/v2\/posts\/48641","targetHints":{"allow":["GET"]}}],"collection":[{"href":"https:\/\/radiorevelacionfm.cl\/index.php?rest_route=\/wp\/v2\/posts"}],"about":[{"href":"https:\/\/radiorevelacionfm.cl\/index.php?rest_route=\/wp\/v2\/types\/post"}],"author":[{"embeddable":true,"href":"https:\/\/radiorevelacionfm.cl\/index.php?rest_route=\/wp\/v2\/users\/1"}],"replies":[{"embeddable":true,"href":"https:\/\/radiorevelacionfm.cl\/index.php?rest_route=%2Fwp%2Fv2%2Fcomments&post=48641"}],"version-history":[{"count":1,"href":"https:\/\/radiorevelacionfm.cl\/index.php?rest_route=\/wp\/v2\/posts\/48641\/revisions"}],"predecessor-version":[{"id":48643,"href":"https:\/\/radiorevelacionfm.cl\/index.php?rest_route=\/wp\/v2\/posts\/48641\/revisions\/48643"}],"wp:featuredmedia":[{"embeddable":true,"href":"https:\/\/radiorevelacionfm.cl\/index.php?rest_route=\/wp\/v2\/media\/48642"}],"wp:attachment":[{"href":"https:\/\/radiorevelacionfm.cl\/index.php?rest_route=%2Fwp%2Fv2%2Fmedia&parent=48641"}],"wp:term":[{"taxonomy":"category","embeddable":true,"href":"https:\/\/radiorevelacionfm.cl\/index.php?rest_route=%2Fwp%2Fv2%2Fcategories&post=48641"},{"taxonomy":"post_tag","embeddable":true,"href":"https:\/\/radiorevelacionfm.cl\/index.php?rest_route=%2Fwp%2Fv2%2Ftags&post=48641"}],"curies":[{"name":"wp","href":"https:\/\/api.w.org\/{rel}","templated":true}]}}