{"id":48637,"date":"2024-12-07T11:39:28","date_gmt":"2024-12-07T14:39:28","guid":{"rendered":"https:\/\/radiorevelacionfm.cl\/?p=48637"},"modified":"2024-12-07T11:39:28","modified_gmt":"2024-12-07T14:39:28","slug":"puerto-aysen-fiscalia-obtiene-condena-de-10-anos-para-imputado-por-homicidio-de-un-menor-de-edad","status":"publish","type":"post","link":"https:\/\/radiorevelacionfm.cl\/?p=48637","title":{"rendered":"Puerto Ays\u00e9n: Fiscal\u00eda obtiene condena de 10 a\u00f1os para imputado por homicidio de un menor de edad"},"content":{"rendered":"<div class=\"flex_column av_one_full  flex_column_div av-zero-column-padding first  avia-builder-el-0  el_before_av_one_full  avia-builder-el-first  \" style='border-radius:0px; '><div  class='avia-image-container  av-styling-    avia-builder-el-1  avia-builder-el-no-sibling  avia-align-center '  itemprop=\"image\" itemscope=\"itemscope\" itemtype=\"https:\/\/schema.org\/ImageObject\"  ><div class='avia-image-container-inner'><div class='avia-image-overlay-wrap'><img decoding=\"async\" class='wp-image-48638 avia-img-lazy-loading-not-48638 avia_image' src=\"https:\/\/radiorevelacionfm.cl\/wp-content\/uploads\/2024\/12\/Fiscal-Alex_Olivero_diciembre-1.jpg\" alt='' title='Fiscal Alex_Olivero_diciembre (1)' height=\"599\" width=\"973\"  itemprop=\"thumbnailUrl\" srcset=\"https:\/\/radiorevelacionfm.cl\/wp-content\/uploads\/2024\/12\/Fiscal-Alex_Olivero_diciembre-1.jpg 973w, https:\/\/radiorevelacionfm.cl\/wp-content\/uploads\/2024\/12\/Fiscal-Alex_Olivero_diciembre-1-300x185.jpg 300w, https:\/\/radiorevelacionfm.cl\/wp-content\/uploads\/2024\/12\/Fiscal-Alex_Olivero_diciembre-1-768x473.jpg 768w, https:\/\/radiorevelacionfm.cl\/wp-content\/uploads\/2024\/12\/Fiscal-Alex_Olivero_diciembre-1-705x434.jpg 705w, https:\/\/radiorevelacionfm.cl\/wp-content\/uploads\/2024\/12\/Fiscal-Alex_Olivero_diciembre-1-450x277.jpg 450w, https:\/\/radiorevelacionfm.cl\/wp-content\/uploads\/2024\/12\/Fiscal-Alex_Olivero_diciembre-1-600x369.jpg 600w\" sizes=\"(max-width: 973px) 100vw, 973px\" \/><\/div><\/div><\/div><\/div><div class=\"flex_column av_one_full  flex_column_div av-zero-column-padding first  avia-builder-el-2  el_after_av_one_full  el_before_av_one_full  column-top-margin\" style='border-radius:0px; '><section class=\"av_textblock_section \"  itemscope=\"itemscope\" itemtype=\"https:\/\/schema.org\/BlogPosting\" itemprop=\"blogPost\" ><div class='avia_textblock  '   itemprop=\"text\" ><p style=\"text-align: center;\"><span style=\"font-size: 18pt;\"><b>Puerto Ays\u00e9n: Fiscal\u00eda obtiene condena de 10 a\u00f1os para imputado por homicidio de un menor de edad<\/b><\/span><\/p>\n<div id=\"gtx-trans\" style=\"position: absolute; left: -50px; top: 4.31534px;\">\n<div class=\"gtx-trans-icon\"><\/div>\n<\/div>\n<\/div><\/section><\/div><div class=\"flex_column av_one_full  flex_column_div av-zero-column-padding first  avia-builder-el-4  el_after_av_one_full  el_before_av_hr  column-top-margin\" style='border-radius:0px; '><section class=\"av_textblock_section \"  itemscope=\"itemscope\" itemtype=\"https:\/\/schema.org\/BlogPosting\" itemprop=\"blogPost\" ><div class='avia_textblock  '   itemprop=\"text\" ><p style=\"font-weight: 400; text-align: justify;\">Tras una acusaci\u00f3n de la Fiscal\u00eda Local de Puerto Ays\u00e9n, fue condenado a 10 a\u00f1os de presidio un imputado de 19 a\u00f1os, extranjero, como autor del delito de un homicidio simple ocurrido en la madrugada del 23 de marzo de 2024 en Puerto Ays\u00e9n, en perjuicio de una v\u00edctima de 17 a\u00f1os.<\/p>\n<p style=\"font-weight: 400; text-align: justify;\">Las diligencias y pericias de este caso fueron solicitadas por el Ministerio P\u00fablico a la Brigada de Homicidios, el Lacrim de la PDI y al Servicio M\u00e9dico Legal.<\/p>\n<p style=\"font-weight: 400; text-align: justify;\">En base a las pruebas presentadas en el juicio oral por el fiscal Alex Olivero, el Tribunal dio por acreditado que el 23 de marzo de este a\u00f1o, alrededor de las 00:30 horas, en el sector de las calles de R\u00edo Los Palos con R\u00edo C\u00f3ndor, comuna de Puerto Ays\u00e9n, el acusado premunido de un arma cortopunzante apu\u00f1al\u00f3 a la v\u00edctima en el sector del t\u00f3rax.<\/p>\n<p style=\"font-weight: 400; text-align: justify;\">A ra\u00edz de lo anterior, la v\u00edctima result\u00f3 con una herida penetrante cardiaca que le provoc\u00f3 la muerte.<\/p>\n<p style=\"font-weight: 400; text-align: justify;\">La sentencia fue dictada por el Tribunal de Juicio Oral en lo Penal de Coyhaique, integrada por los jueces, M\u00f3nica Coloma, Patricio Z\u00fa\u00f1iga y Pablo Freire.<\/p>\n<\/div><\/section><\/div><div  style='height:50px' class='hr hr-invisible   avia-builder-el-6  el_after_av_one_full  el_before_av_social_share '><span class='hr-inner ' ><span class='hr-inner-style'><\/span><\/span><\/div><\/p>\n<div  class='av-social-sharing-box  avia-builder-el-7  el_after_av_hr  el_before_av_hr  '><div class='av-share-box'><h5 class='av-share-link-description av-no-toc '>Compartir esta noticia<\/h5><ul class='av-share-box-list noLightbox'><li class='av-share-link av-social-link-facebook' ><a target=\"_blank\" aria-label=\"Compartir en Facebook\" href='https:\/\/www.facebook.com\/sharer.php?u=https:\/\/radiorevelacionfm.cl\/?p=48637&#038;t=Puerto%20Ays%C3%A9n%3A%20Fiscal%C3%ADa%20obtiene%20condena%20de%2010%20a%C3%B1os%20para%20imputado%20por%20homicidio%20de%20un%20menor%20de%20edad' aria-hidden='false' data-av_icon='\ue8f3' data-av_iconfont='entypo-fontello' title='' data-avia-related-tooltip='Compartir en Facebook' rel=\"noopener\"><span class='avia_hidden_link_text'>Compartir en Facebook<\/span><\/a><\/li><li class='av-share-link av-social-link-twitter' ><a target=\"_blank\" aria-label=\"Compartir en Twitter\" href='https:\/\/twitter.com\/share?text=Puerto%20Ays%C3%A9n%3A%20Fiscal%C3%ADa%20obtiene%20condena%20de%2010%20a%C3%B1os%20para%20imputado%20por%20homicidio%20de%20un%20menor%20de%20edad&#038;url=https:\/\/radiorevelacionfm.cl\/?p=48637' aria-hidden='false' data-av_icon='\ue8f1' data-av_iconfont='entypo-fontello' title='' data-avia-related-tooltip='Compartir en Twitter' rel=\"noopener\"><span class='avia_hidden_link_text'>Compartir en Twitter<\/span><\/a><\/li><li class='av-share-link av-social-link-whatsapp' ><a target=\"_blank\" aria-label=\"Compartir en Whatsapp\" href='https:\/\/api.whatsapp.com\/send?text=https:\/\/radiorevelacionfm.cl\/?p=48637' aria-hidden='false' data-av_icon='\uf232' data-av_iconfont='entypo-fontello' title='' data-avia-related-tooltip='Compartir en Whatsapp' rel=\"noopener\"><span class='avia_hidden_link_text'>Compartir en Whatsapp<\/span><\/a><\/li><li class='av-share-link av-social-link-linkedin' ><a target=\"_blank\" aria-label=\"Compartir en LinkedIn\" href='https:\/\/linkedin.com\/shareArticle?mini=true&#038;title=Puerto%20Ays%C3%A9n%3A%20Fiscal%C3%ADa%20obtiene%20condena%20de%2010%20a%C3%B1os%20para%20imputado%20por%20homicidio%20de%20un%20menor%20de%20edad&#038;url=https:\/\/radiorevelacionfm.cl\/?p=48637' aria-hidden='false' data-av_icon='\ue8fc' data-av_iconfont='entypo-fontello' title='' data-avia-related-tooltip='Compartir en LinkedIn' rel=\"noopener\"><span class='avia_hidden_link_text'>Compartir en LinkedIn<\/span><\/a><\/li><li class='av-share-link av-social-link-mail' ><a  aria-label=\"Compartir por correo\" href='mailto:?subject=Puerto%20Ays%C3%A9n%3A%20Fiscal%C3%ADa%20obtiene%20condena%20de%2010%20a%C3%B1os%20para%20imputado%20por%20homicidio%20de%20un%20menor%20de%20edad&#038;body=https:\/\/radiorevelacionfm.cl\/?p=48637' aria-hidden='false' data-av_icon='\ue805' data-av_iconfont='entypo-fontello' title='' data-avia-related-tooltip='Compartir por correo'><span class='avia_hidden_link_text'>Compartir por correo<\/span><\/a><\/li><\/ul><\/div><\/div>\n<div  style='height:50px' class='hr hr-invisible   avia-builder-el-8  el_after_av_social_share  el_before_av_comments_list '><span class='hr-inner ' ><span class='hr-inner-style'><\/span><\/span><\/div>\n<div  class='av-buildercomment  av-blog-meta-html-info-disabled av-blog-meta-tag-disabled  '><\/div>\n","protected":false},"excerpt":{"rendered":"","protected":false},"author":1,"featured_media":48638,"comment_status":"open","ping_status":"open","sticky":false,"template":"","format":"standard","meta":{"footnotes":""},"categories":[55],"tags":[],"class_list":["post-48637","post","type-post","status-publish","format-standard","has-post-thumbnail","hentry","category-justicia"],"jetpack_featured_media_url":"https:\/\/radiorevelacionfm.cl\/wp-content\/uploads\/2024\/12\/Fiscal-Alex_Olivero_diciembre-1.jpg","_links":{"self":[{"href":"https:\/\/radiorevelacionfm.cl\/index.php?rest_route=\/wp\/v2\/posts\/48637","targetHints":{"allow":["GET"]}}],"collection":[{"href":"https:\/\/radiorevelacionfm.cl\/index.php?rest_route=\/wp\/v2\/posts"}],"about":[{"href":"https:\/\/radiorevelacionfm.cl\/index.php?rest_route=\/wp\/v2\/types\/post"}],"author":[{"embeddable":true,"href":"https:\/\/radiorevelacionfm.cl\/index.php?rest_route=\/wp\/v2\/users\/1"}],"replies":[{"embeddable":true,"href":"https:\/\/radiorevelacionfm.cl\/index.php?rest_route=%2Fwp%2Fv2%2Fcomments&post=48637"}],"version-history":[{"count":1,"href":"https:\/\/radiorevelacionfm.cl\/index.php?rest_route=\/wp\/v2\/posts\/48637\/revisions"}],"predecessor-version":[{"id":48639,"href":"https:\/\/radiorevelacionfm.cl\/index.php?rest_route=\/wp\/v2\/posts\/48637\/revisions\/48639"}],"wp:featuredmedia":[{"embeddable":true,"href":"https:\/\/radiorevelacionfm.cl\/index.php?rest_route=\/wp\/v2\/media\/48638"}],"wp:attachment":[{"href":"https:\/\/radiorevelacionfm.cl\/index.php?rest_route=%2Fwp%2Fv2%2Fmedia&parent=48637"}],"wp:term":[{"taxonomy":"category","embeddable":true,"href":"https:\/\/radiorevelacionfm.cl\/index.php?rest_route=%2Fwp%2Fv2%2Fcategories&post=48637"},{"taxonomy":"post_tag","embeddable":true,"href":"https:\/\/radiorevelacionfm.cl\/index.php?rest_route=%2Fwp%2Fv2%2Ftags&post=48637"}],"curies":[{"name":"wp","href":"https:\/\/api.w.org\/{rel}","templated":true}]}}