{"id":48635,"date":"2024-12-06T16:54:38","date_gmt":"2024-12-06T19:54:38","guid":{"rendered":"https:\/\/radiorevelacionfm.cl\/?p=48635"},"modified":"2024-12-06T16:54:38","modified_gmt":"2024-12-06T19:54:38","slug":"en-prision-preventiva-imputado-por-robo-con-violencia-ocurrido-al-interior-de-un-restobar-de-coyhaique","status":"publish","type":"post","link":"https:\/\/radiorevelacionfm.cl\/?p=48635","title":{"rendered":"En prisi\u00f3n preventiva imputado por robo con violencia ocurrido al interior de un restobar de Coyhaique"},"content":{"rendered":"<div class=\"flex_column av_one_full  flex_column_div av-zero-column-padding first  avia-builder-el-0  el_before_av_one_full  avia-builder-el-first  \" style='border-radius:0px; '><div  class='avia-image-container  av-styling-    avia-builder-el-1  avia-builder-el-no-sibling  avia-align-center '  itemprop=\"image\" itemscope=\"itemscope\" itemtype=\"https:\/\/schema.org\/ImageObject\"  ><div class='avia-image-container-inner'><div class='avia-image-overlay-wrap'><img decoding=\"async\" class='wp-image-41534 avia-img-lazy-loading-not-41534 avia_image' src=\"https:\/\/radiorevelacionfm.cl\/wp-content\/uploads\/2024\/04\/Fiscalia_2024-2-1-1.jpg\" alt='' title='Fiscalia_2024 (2) (1) (1)' height=\"600\" width=\"900\"  itemprop=\"thumbnailUrl\" srcset=\"https:\/\/radiorevelacionfm.cl\/wp-content\/uploads\/2024\/04\/Fiscalia_2024-2-1-1.jpg 900w, https:\/\/radiorevelacionfm.cl\/wp-content\/uploads\/2024\/04\/Fiscalia_2024-2-1-1-300x200.jpg 300w, https:\/\/radiorevelacionfm.cl\/wp-content\/uploads\/2024\/04\/Fiscalia_2024-2-1-1-768x512.jpg 768w, https:\/\/radiorevelacionfm.cl\/wp-content\/uploads\/2024\/04\/Fiscalia_2024-2-1-1-705x470.jpg 705w, https:\/\/radiorevelacionfm.cl\/wp-content\/uploads\/2024\/04\/Fiscalia_2024-2-1-1-450x300.jpg 450w, https:\/\/radiorevelacionfm.cl\/wp-content\/uploads\/2024\/04\/Fiscalia_2024-2-1-1-600x400.jpg 600w\" sizes=\"(max-width: 900px) 100vw, 900px\" \/><\/div><\/div><\/div><\/div><div class=\"flex_column av_one_full  flex_column_div av-zero-column-padding first  avia-builder-el-2  el_after_av_one_full  el_before_av_one_full  column-top-margin\" style='border-radius:0px; '><section class=\"av_textblock_section \"  itemscope=\"itemscope\" itemtype=\"https:\/\/schema.org\/BlogPosting\" itemprop=\"blogPost\" ><div class='avia_textblock  '   itemprop=\"text\" ><p style=\"text-align: center;\"><span style=\"font-size: 18pt;\"><b>En prisi\u00f3n preventiva imputado por robo con violencia ocurrido al interior de un restobar de Coyhaique<\/b><\/span><\/p>\n<div id=\"gtx-trans\" style=\"position: absolute; left: -50px; top: 4.31534px;\">\n<div class=\"gtx-trans-icon\"><\/div>\n<\/div>\n<\/div><\/section><\/div><div class=\"flex_column av_one_full  flex_column_div av-zero-column-padding first  avia-builder-el-4  el_after_av_one_full  el_before_av_hr  column-top-margin\" style='border-radius:0px; '><section class=\"av_textblock_section \"  itemscope=\"itemscope\" itemtype=\"https:\/\/schema.org\/BlogPosting\" itemprop=\"blogPost\" ><div class='avia_textblock  '   itemprop=\"text\" ><p class=\"v1MsoNormal\" style=\"text-align: justify;\">La Fiscal\u00eda Local de Coyhaique formaliz\u00f3 a un imputado por el delito de robo con violencia ocurrido al interior de un local comercial de la ciudad, la madrugada del martes reci\u00e9n pasado, el cual fue detenido por personal de Carabineros de la Primera Comisar\u00eda. En este caso, tanto el imputado como la v\u00edctima compart\u00edan previamente a esa hora en un restobar de la ciudad.<\/p>\n<p class=\"v1MsoNormal\" style=\"text-align: justify;\">Seg\u00fan explic\u00f3 el abogado asistente, Sebasti\u00e1n Vild\u00f3sola, \u201cse control\u00f3 la detenci\u00f3n y se formaliz\u00f3 a un imputado de 23 a\u00f1os de edad, chileno, como autor de un robo con violencia perpetrado en la madrugada del martes en el sector c\u00e9ntrico de Coyhaique\u201d.<\/p>\n<p class=\"v1MsoNormal\" style=\"text-align: justify;\">Los hechos, a\u00f1adi\u00f3 el abogado, \u201cocurrieron al interior de un local comercial en horas de la madrugada donde el imputado le sustrae un tel\u00e9fono celular, una billetera y dinero en efectivo a la v\u00edctima, lo golpea, lo amenaza\u201d. La v\u00edctima huy\u00f3 del lugar, \u201cpide auxilio a Carabineros y el imputado es detenido en las inmediaciones del lugar en un tiempo bastante cercano a los hechos\u201d.<\/p>\n<p class=\"v1MsoNormal\" style=\"text-align: justify;\">Sebasti\u00e1n Vild\u00f3sola a\u00f1adi\u00f3 que \u201cse formaliz\u00f3 a este imputado como autor de robo con violencia consumado, se expusieron los antecedentes ante el Juzgado de Garant\u00eda de Coyhaique y el tribunal, acogiendo nuestra solicitud determin\u00f3, atendido que la libertad del imputado constituye un peligro para la seguridad de la sociedad, en especial consideraci\u00f3n de la pena asignada por ley a este delito, adem\u00e1s de que el imputado tiene condenas anteriores, impuso la prisi\u00f3n preventiva de \u00e9ste\u201d.<\/p>\n<p class=\"v1MsoNormal\" style=\"text-align: justify;\">En este caso, se \u201cfij\u00f3 un plazo de investigaci\u00f3n de 90 d\u00edas y actualmente existen diligencias a cargo de la Secci\u00f3n de Investigaci\u00f3n Policial de Carabineros de esta jurisdicci\u00f3n\u201d, finaliz\u00f3 el abogado de la Fiscal\u00eda.<\/p>\n<\/div><\/section><\/div><div  style='height:50px' class='hr hr-invisible   avia-builder-el-6  el_after_av_one_full  el_before_av_social_share '><span class='hr-inner ' ><span class='hr-inner-style'><\/span><\/span><\/div><\/p>\n<div  class='av-social-sharing-box  avia-builder-el-7  el_after_av_hr  el_before_av_hr  '><div class='av-share-box'><h5 class='av-share-link-description av-no-toc '>Compartir esta noticia<\/h5><ul class='av-share-box-list noLightbox'><li class='av-share-link av-social-link-facebook' ><a target=\"_blank\" aria-label=\"Compartir en Facebook\" href='https:\/\/www.facebook.com\/sharer.php?u=https:\/\/radiorevelacionfm.cl\/?p=48635&#038;t=En%20prisi%C3%B3n%20preventiva%20imputado%20por%20robo%20con%20violencia%20ocurrido%20al%20interior%20de%20un%20restobar%20de%20Coyhaique' aria-hidden='false' data-av_icon='\ue8f3' data-av_iconfont='entypo-fontello' title='' data-avia-related-tooltip='Compartir en Facebook' rel=\"noopener\"><span class='avia_hidden_link_text'>Compartir en Facebook<\/span><\/a><\/li><li class='av-share-link av-social-link-twitter' ><a target=\"_blank\" aria-label=\"Compartir en Twitter\" href='https:\/\/twitter.com\/share?text=En%20prisi%C3%B3n%20preventiva%20imputado%20por%20robo%20con%20violencia%20ocurrido%20al%20interior%20de%20un%20restobar%20de%20Coyhaique&#038;url=https:\/\/radiorevelacionfm.cl\/?p=48635' aria-hidden='false' data-av_icon='\ue8f1' data-av_iconfont='entypo-fontello' title='' data-avia-related-tooltip='Compartir en Twitter' rel=\"noopener\"><span class='avia_hidden_link_text'>Compartir en Twitter<\/span><\/a><\/li><li class='av-share-link av-social-link-whatsapp' ><a target=\"_blank\" aria-label=\"Compartir en Whatsapp\" href='https:\/\/api.whatsapp.com\/send?text=https:\/\/radiorevelacionfm.cl\/?p=48635' aria-hidden='false' data-av_icon='\uf232' data-av_iconfont='entypo-fontello' title='' data-avia-related-tooltip='Compartir en Whatsapp' rel=\"noopener\"><span class='avia_hidden_link_text'>Compartir en Whatsapp<\/span><\/a><\/li><li class='av-share-link av-social-link-linkedin' ><a target=\"_blank\" aria-label=\"Compartir en LinkedIn\" href='https:\/\/linkedin.com\/shareArticle?mini=true&#038;title=En%20prisi%C3%B3n%20preventiva%20imputado%20por%20robo%20con%20violencia%20ocurrido%20al%20interior%20de%20un%20restobar%20de%20Coyhaique&#038;url=https:\/\/radiorevelacionfm.cl\/?p=48635' aria-hidden='false' data-av_icon='\ue8fc' data-av_iconfont='entypo-fontello' title='' data-avia-related-tooltip='Compartir en LinkedIn' rel=\"noopener\"><span class='avia_hidden_link_text'>Compartir en LinkedIn<\/span><\/a><\/li><li class='av-share-link av-social-link-mail' ><a  aria-label=\"Compartir por correo\" href='mailto:?subject=En%20prisi%C3%B3n%20preventiva%20imputado%20por%20robo%20con%20violencia%20ocurrido%20al%20interior%20de%20un%20restobar%20de%20Coyhaique&#038;body=https:\/\/radiorevelacionfm.cl\/?p=48635' aria-hidden='false' data-av_icon='\ue805' data-av_iconfont='entypo-fontello' title='' data-avia-related-tooltip='Compartir por correo'><span class='avia_hidden_link_text'>Compartir por correo<\/span><\/a><\/li><\/ul><\/div><\/div>\n<div  style='height:50px' class='hr hr-invisible   avia-builder-el-8  el_after_av_social_share  el_before_av_comments_list '><span class='hr-inner ' ><span class='hr-inner-style'><\/span><\/span><\/div>\n<div  class='av-buildercomment  av-blog-meta-html-info-disabled av-blog-meta-tag-disabled  '><\/div>\n","protected":false},"excerpt":{"rendered":"","protected":false},"author":1,"featured_media":41534,"comment_status":"open","ping_status":"open","sticky":false,"template":"","format":"standard","meta":{"footnotes":""},"categories":[55],"tags":[],"class_list":["post-48635","post","type-post","status-publish","format-standard","has-post-thumbnail","hentry","category-justicia"],"jetpack_featured_media_url":"https:\/\/radiorevelacionfm.cl\/wp-content\/uploads\/2024\/04\/Fiscalia_2024-2-1-1.jpg","_links":{"self":[{"href":"https:\/\/radiorevelacionfm.cl\/index.php?rest_route=\/wp\/v2\/posts\/48635","targetHints":{"allow":["GET"]}}],"collection":[{"href":"https:\/\/radiorevelacionfm.cl\/index.php?rest_route=\/wp\/v2\/posts"}],"about":[{"href":"https:\/\/radiorevelacionfm.cl\/index.php?rest_route=\/wp\/v2\/types\/post"}],"author":[{"embeddable":true,"href":"https:\/\/radiorevelacionfm.cl\/index.php?rest_route=\/wp\/v2\/users\/1"}],"replies":[{"embeddable":true,"href":"https:\/\/radiorevelacionfm.cl\/index.php?rest_route=%2Fwp%2Fv2%2Fcomments&post=48635"}],"version-history":[{"count":1,"href":"https:\/\/radiorevelacionfm.cl\/index.php?rest_route=\/wp\/v2\/posts\/48635\/revisions"}],"predecessor-version":[{"id":48636,"href":"https:\/\/radiorevelacionfm.cl\/index.php?rest_route=\/wp\/v2\/posts\/48635\/revisions\/48636"}],"wp:featuredmedia":[{"embeddable":true,"href":"https:\/\/radiorevelacionfm.cl\/index.php?rest_route=\/wp\/v2\/media\/41534"}],"wp:attachment":[{"href":"https:\/\/radiorevelacionfm.cl\/index.php?rest_route=%2Fwp%2Fv2%2Fmedia&parent=48635"}],"wp:term":[{"taxonomy":"category","embeddable":true,"href":"https:\/\/radiorevelacionfm.cl\/index.php?rest_route=%2Fwp%2Fv2%2Fcategories&post=48635"},{"taxonomy":"post_tag","embeddable":true,"href":"https:\/\/radiorevelacionfm.cl\/index.php?rest_route=%2Fwp%2Fv2%2Ftags&post=48635"}],"curies":[{"name":"wp","href":"https:\/\/api.w.org\/{rel}","templated":true}]}}