{"id":48632,"date":"2024-12-06T16:25:10","date_gmt":"2024-12-06T19:25:10","guid":{"rendered":"https:\/\/radiorevelacionfm.cl\/?p=48632"},"modified":"2024-12-06T16:25:10","modified_gmt":"2024-12-06T19:25:10","slug":"realizan-reconocimiento-a-medallistas-de-los-juegos-de-la-araucania-aysen-2024","status":"publish","type":"post","link":"https:\/\/radiorevelacionfm.cl\/?p=48632","title":{"rendered":"Realizan reconocimiento a medallistas de los Juegos de la Araucan\u00eda Ays\u00e9n 2024"},"content":{"rendered":"<div class=\"flex_column av_one_full  flex_column_div av-zero-column-padding first  avia-builder-el-0  el_before_av_one_full  avia-builder-el-first  \" style='border-radius:0px; '><div  class='avia-image-container  av-styling-    avia-builder-el-1  avia-builder-el-no-sibling  avia-align-center '  itemprop=\"image\" itemscope=\"itemscope\" itemtype=\"https:\/\/schema.org\/ImageObject\"  ><div class='avia-image-container-inner'><div class='avia-image-overlay-wrap'><img decoding=\"async\" class='wp-image-48633 avia-img-lazy-loading-not-48633 avia_image' src=\"https:\/\/radiorevelacionfm.cl\/wp-content\/uploads\/2024\/12\/whatsapp-image-2024-12-06-at-12_optimized.36.42-pm-2-1-1.jpeg\" alt='' title='whatsapp-image-2024-12-06-at-12_optimized.36.42-pm-(2)-(1) (1)' height=\"600\" width=\"800\"  itemprop=\"thumbnailUrl\" srcset=\"https:\/\/radiorevelacionfm.cl\/wp-content\/uploads\/2024\/12\/whatsapp-image-2024-12-06-at-12_optimized.36.42-pm-2-1-1.jpeg 800w, https:\/\/radiorevelacionfm.cl\/wp-content\/uploads\/2024\/12\/whatsapp-image-2024-12-06-at-12_optimized.36.42-pm-2-1-1-300x225.jpeg 300w, https:\/\/radiorevelacionfm.cl\/wp-content\/uploads\/2024\/12\/whatsapp-image-2024-12-06-at-12_optimized.36.42-pm-2-1-1-768x576.jpeg 768w, https:\/\/radiorevelacionfm.cl\/wp-content\/uploads\/2024\/12\/whatsapp-image-2024-12-06-at-12_optimized.36.42-pm-2-1-1-705x529.jpeg 705w, https:\/\/radiorevelacionfm.cl\/wp-content\/uploads\/2024\/12\/whatsapp-image-2024-12-06-at-12_optimized.36.42-pm-2-1-1-450x338.jpeg 450w, https:\/\/radiorevelacionfm.cl\/wp-content\/uploads\/2024\/12\/whatsapp-image-2024-12-06-at-12_optimized.36.42-pm-2-1-1-600x450.jpeg 600w\" sizes=\"(max-width: 800px) 100vw, 800px\" \/><\/div><\/div><\/div><\/div><div class=\"flex_column av_one_full  flex_column_div av-zero-column-padding first  avia-builder-el-2  el_after_av_one_full  el_before_av_one_full  column-top-margin\" style='border-radius:0px; '><section class=\"av_textblock_section \"  itemscope=\"itemscope\" itemtype=\"https:\/\/schema.org\/BlogPosting\" itemprop=\"blogPost\" ><div class='avia_textblock  '   itemprop=\"text\" ><p style=\"text-align: center;\"><strong><span style=\"font-size: 18pt;\">Realizan reconocimiento a medallistas de los Juegos de la Araucan\u00eda Ays\u00e9n 2024 <\/span><\/strong><\/p>\n<div id=\"gtx-trans\" style=\"position: absolute; left: -50px; top: 4.31534px;\">\n<div class=\"gtx-trans-icon\"><\/div>\n<\/div>\n<\/div><\/section><\/div><div class=\"flex_column av_one_full  flex_column_div av-zero-column-padding first  avia-builder-el-4  el_after_av_one_full  el_before_av_hr  column-top-margin\" style='border-radius:0px; '><section class=\"av_textblock_section \"  itemscope=\"itemscope\" itemtype=\"https:\/\/schema.org\/BlogPosting\" itemprop=\"blogPost\" ><div class='avia_textblock  '   itemprop=\"text\" ><p style=\"text-align: justify;\">Un reconocimiento a las y los medallistas de los Juegos de la Araucan\u00eda Ays\u00e9n 2024, realiz\u00f3 este viernes el Delegado Presidencial Regional, Jorge D\u00edaz Guzm\u00e1n, junto a la seremi del Deporte, Eugenia Dur\u00e1n Jara, y al director del Instituto Nacional de Deportes (IND), Javier Medina Mella.<\/p>\n<p style=\"text-align: justify;\">Se trata de Valentina Altamirano Lemus, Antonella Rondanelli G\u00f3mez, Nicole Mera Sobarzo y Catalina Leal \u00c1lvarez, en Judo Damas; mientras en Judo Varones, participaron Lucas Rojas Luarte, Lucas Figueroa G\u00f3mez, Felipe Guajardo Cruces, Mat\u00edas S\u00e1nchez V\u00e1squez y Mat\u00edas Tranamil Zurita, acompa\u00f1ados por los t\u00e9cnicos de judo Reinaldo Figueroa y Sebasti\u00e1n P\u00e9rez.<\/p>\n<p style=\"text-align: justify;\">En Nataci\u00f3n Damas, se trata de Joaqu\u00edn G\u00e1lvez Rudolff, Benjam\u00edn Pe\u00f1a Hurtado, Diego Aguirre Pardo, Sebasti\u00e1n Mondaca Espa\u00f1a y Felipe Rudolphi Sol\u00eds, acompa\u00f1ados por la t\u00e9cnico Claudia Navarrete.<\/p>\n<p style=\"text-align: justify;\">En el di\u00e1logo, Jorge D\u00edaz destac\u00f3 la perseverancia de las y los deportistas, as\u00ed como tambi\u00e9n la contribuci\u00f3n de cada persona, familia, instituci\u00f3n p\u00fablica y privada para los Juegos de la Araucan\u00eda Ays\u00e9n 2024.<\/p>\n<p style=\"text-align: justify;\">\u201cEstamos orgullosos de los logros deportivos de nuestros j\u00f3venes de Ays\u00e9n, generamos una mejora en infraestructura deportiva a prop\u00f3sito de estos juegos, como un aporte que va a quedar para que ellos sigan desarroll\u00e1ndose en sus disciplinas y tenemos proyectos que van a generar mejores condiciones, para que nuestros j\u00f3venes en el futuro tambi\u00e9n puedan participar en otras disciplinas y tener todos los dispositivos que se requiere para estos juegos. Estamos muy contentos de lo que logramos y agradecemos a todos quienes hicieron un aporte para que estos juegos fueran un \u00e9xito\u201d, destac\u00f3 Jorge D\u00edaz Guzm\u00e1n.<\/p>\n<p style=\"text-align: justify;\">Entre las deportistas, Valentina Zambrano destac\u00f3 la realizaci\u00f3n de los juegos en Ays\u00e9n y reafirm\u00f3 su compromiso con el deporte. \u201cEsta es mi segunda vez en sacar logros en los Juegos de la Araucan\u00eda y estoy muy feliz de haber sacado este logro aqu\u00ed en la regi\u00f3n, ac\u00e1 en casa. Ahora viene el pr\u00f3ximo a\u00f1o, mi \u00faltima participaci\u00f3n en los Juegos de\u00a0 la Araucan\u00eda en Tierra del Fuego, y espero sacar otro de nuevo\u201d, mencion\u00f3.<\/p>\n<p style=\"text-align: justify;\">Del mismo modo, Felipe Rudolphi, valor\u00f3 el trabajo en equipo y el apoyo de toda la comunidad. \u201cEste es mi \u00faltimo a\u00f1o de Araucan\u00eda, lo cerramos con una copa como equipo de varones, que es algo hist\u00f3rico para la regi\u00f3n y que logramos junto a todo el equipo, as\u00ed es que agradecido con la oportunidad que me dio formar parte de este equipo y el relevo con que ganamos el primer lugar. En nataci\u00f3n, estamos empezando, el pr\u00f3ximo a\u00f1o se viene fuerte el equipo de nataci\u00f3n y estoy seguro de que van a sacar el primer lugar. En temas de infraestructura, si no hubiera sido con apoyo del sector privado este logro no hubiera sido posible, igual con apoyo del Gobierno Regional, a trav\u00e9s del 8 por ciento\u201d, se\u00f1al\u00f3.<\/p>\n<p style=\"text-align: justify;\">La seremi Eugenia Dur\u00e1n y el director Javier Medina recordaron que por primera vez la regi\u00f3n qued\u00f3 d\u00e9cima en el medallero de los juegos y destacaron la capacidad que tiene el deporte, para promover valores como la excelencia, perseverancia, empat\u00eda, cooperaci\u00f3n y comunicaci\u00f3n, en un legado sostenible para generaciones actuales y futuras.<\/p>\n<\/div><\/section><\/div><div  style='height:50px' class='hr hr-invisible   avia-builder-el-6  el_after_av_one_full  el_before_av_social_share '><span class='hr-inner ' ><span class='hr-inner-style'><\/span><\/span><\/div><\/p>\n<div  class='av-social-sharing-box  avia-builder-el-7  el_after_av_hr  el_before_av_hr  '><div class='av-share-box'><h5 class='av-share-link-description av-no-toc '>Compartir esta noticia<\/h5><ul class='av-share-box-list noLightbox'><li class='av-share-link av-social-link-facebook' ><a target=\"_blank\" aria-label=\"Compartir en Facebook\" href='https:\/\/www.facebook.com\/sharer.php?u=https:\/\/radiorevelacionfm.cl\/?p=48632&#038;t=Realizan%20reconocimiento%20a%20medallistas%20de%20los%20Juegos%20de%20la%20Araucan%C3%ADa%20Ays%C3%A9n%202024' aria-hidden='false' data-av_icon='\ue8f3' data-av_iconfont='entypo-fontello' title='' data-avia-related-tooltip='Compartir en Facebook' rel=\"noopener\"><span class='avia_hidden_link_text'>Compartir en Facebook<\/span><\/a><\/li><li class='av-share-link av-social-link-twitter' ><a target=\"_blank\" aria-label=\"Compartir en Twitter\" href='https:\/\/twitter.com\/share?text=Realizan%20reconocimiento%20a%20medallistas%20de%20los%20Juegos%20de%20la%20Araucan%C3%ADa%20Ays%C3%A9n%202024&#038;url=https:\/\/radiorevelacionfm.cl\/?p=48632' aria-hidden='false' data-av_icon='\ue8f1' data-av_iconfont='entypo-fontello' title='' data-avia-related-tooltip='Compartir en Twitter' rel=\"noopener\"><span class='avia_hidden_link_text'>Compartir en Twitter<\/span><\/a><\/li><li class='av-share-link av-social-link-whatsapp' ><a target=\"_blank\" aria-label=\"Compartir en Whatsapp\" href='https:\/\/api.whatsapp.com\/send?text=https:\/\/radiorevelacionfm.cl\/?p=48632' aria-hidden='false' data-av_icon='\uf232' data-av_iconfont='entypo-fontello' title='' data-avia-related-tooltip='Compartir en Whatsapp' rel=\"noopener\"><span class='avia_hidden_link_text'>Compartir en Whatsapp<\/span><\/a><\/li><li class='av-share-link av-social-link-linkedin' ><a target=\"_blank\" aria-label=\"Compartir en LinkedIn\" href='https:\/\/linkedin.com\/shareArticle?mini=true&#038;title=Realizan%20reconocimiento%20a%20medallistas%20de%20los%20Juegos%20de%20la%20Araucan%C3%ADa%20Ays%C3%A9n%202024&#038;url=https:\/\/radiorevelacionfm.cl\/?p=48632' aria-hidden='false' data-av_icon='\ue8fc' data-av_iconfont='entypo-fontello' title='' data-avia-related-tooltip='Compartir en LinkedIn' rel=\"noopener\"><span class='avia_hidden_link_text'>Compartir en LinkedIn<\/span><\/a><\/li><li class='av-share-link av-social-link-mail' ><a  aria-label=\"Compartir por correo\" href='mailto:?subject=Realizan%20reconocimiento%20a%20medallistas%20de%20los%20Juegos%20de%20la%20Araucan%C3%ADa%20Ays%C3%A9n%202024&#038;body=https:\/\/radiorevelacionfm.cl\/?p=48632' aria-hidden='false' data-av_icon='\ue805' data-av_iconfont='entypo-fontello' title='' data-avia-related-tooltip='Compartir por correo'><span class='avia_hidden_link_text'>Compartir por correo<\/span><\/a><\/li><\/ul><\/div><\/div>\n<div  style='height:50px' class='hr hr-invisible   avia-builder-el-8  el_after_av_social_share  el_before_av_comments_list '><span class='hr-inner ' ><span class='hr-inner-style'><\/span><\/span><\/div>\n<div  class='av-buildercomment  av-blog-meta-html-info-disabled av-blog-meta-tag-disabled  '><\/div>\n","protected":false},"excerpt":{"rendered":"","protected":false},"author":1,"featured_media":48633,"comment_status":"open","ping_status":"open","sticky":false,"template":"","format":"standard","meta":{"footnotes":""},"categories":[40],"tags":[],"class_list":["post-48632","post","type-post","status-publish","format-standard","has-post-thumbnail","hentry","category-deportes"],"jetpack_featured_media_url":"https:\/\/radiorevelacionfm.cl\/wp-content\/uploads\/2024\/12\/whatsapp-image-2024-12-06-at-12_optimized.36.42-pm-2-1-1.jpeg","_links":{"self":[{"href":"https:\/\/radiorevelacionfm.cl\/index.php?rest_route=\/wp\/v2\/posts\/48632","targetHints":{"allow":["GET"]}}],"collection":[{"href":"https:\/\/radiorevelacionfm.cl\/index.php?rest_route=\/wp\/v2\/posts"}],"about":[{"href":"https:\/\/radiorevelacionfm.cl\/index.php?rest_route=\/wp\/v2\/types\/post"}],"author":[{"embeddable":true,"href":"https:\/\/radiorevelacionfm.cl\/index.php?rest_route=\/wp\/v2\/users\/1"}],"replies":[{"embeddable":true,"href":"https:\/\/radiorevelacionfm.cl\/index.php?rest_route=%2Fwp%2Fv2%2Fcomments&post=48632"}],"version-history":[{"count":1,"href":"https:\/\/radiorevelacionfm.cl\/index.php?rest_route=\/wp\/v2\/posts\/48632\/revisions"}],"predecessor-version":[{"id":48634,"href":"https:\/\/radiorevelacionfm.cl\/index.php?rest_route=\/wp\/v2\/posts\/48632\/revisions\/48634"}],"wp:featuredmedia":[{"embeddable":true,"href":"https:\/\/radiorevelacionfm.cl\/index.php?rest_route=\/wp\/v2\/media\/48633"}],"wp:attachment":[{"href":"https:\/\/radiorevelacionfm.cl\/index.php?rest_route=%2Fwp%2Fv2%2Fmedia&parent=48632"}],"wp:term":[{"taxonomy":"category","embeddable":true,"href":"https:\/\/radiorevelacionfm.cl\/index.php?rest_route=%2Fwp%2Fv2%2Fcategories&post=48632"},{"taxonomy":"post_tag","embeddable":true,"href":"https:\/\/radiorevelacionfm.cl\/index.php?rest_route=%2Fwp%2Fv2%2Ftags&post=48632"}],"curies":[{"name":"wp","href":"https:\/\/api.w.org\/{rel}","templated":true}]}}