{"id":48629,"date":"2024-12-06T21:08:59","date_gmt":"2024-12-07T00:08:59","guid":{"rendered":"https:\/\/radiorevelacionfm.cl\/?p=48629"},"modified":"2024-12-06T21:08:59","modified_gmt":"2024-12-07T00:08:59","slug":"calisto-critica-demora-de-proyecto-habitacional-en-chacra-weber-la-gente-ya-no-puede-seguir-pagando-altos-arriendos-y-viviendo-hacinada","status":"publish","type":"post","link":"https:\/\/radiorevelacionfm.cl\/?p=48629","title":{"rendered":"Calisto critica demora de proyecto habitacional en chacra Weber: \u201cLa gente ya no puede seguir pagando altos arriendos y viviendo hacinada\u201d"},"content":{"rendered":"<div class=\"flex_column av_one_full  flex_column_div av-zero-column-padding first  avia-builder-el-0  el_before_av_one_full  avia-builder-el-first  \" style='border-radius:0px; '><div  class='avia-image-container  av-styling-    avia-builder-el-1  avia-builder-el-no-sibling  avia-align-center '  itemprop=\"image\" itemscope=\"itemscope\" itemtype=\"https:\/\/schema.org\/ImageObject\"  ><div class='avia-image-container-inner'><div class='avia-image-overlay-wrap'><img decoding=\"async\" class='wp-image-48630 avia-img-lazy-loading-not-48630 avia_image' src=\"https:\/\/radiorevelacionfm.cl\/wp-content\/uploads\/2024\/12\/foto-comitEs-chacra-weber-zenchutu-mawun-1_optimized.jpg\" alt='' title='foto-comit\u00c9s-chacra-weber-zenchutu-mawun-(1)_optimized' height=\"600\" width=\"800\"  itemprop=\"thumbnailUrl\" srcset=\"https:\/\/radiorevelacionfm.cl\/wp-content\/uploads\/2024\/12\/foto-comitEs-chacra-weber-zenchutu-mawun-1_optimized.jpg 800w, https:\/\/radiorevelacionfm.cl\/wp-content\/uploads\/2024\/12\/foto-comitEs-chacra-weber-zenchutu-mawun-1_optimized-300x225.jpg 300w, https:\/\/radiorevelacionfm.cl\/wp-content\/uploads\/2024\/12\/foto-comitEs-chacra-weber-zenchutu-mawun-1_optimized-768x576.jpg 768w, https:\/\/radiorevelacionfm.cl\/wp-content\/uploads\/2024\/12\/foto-comitEs-chacra-weber-zenchutu-mawun-1_optimized-705x529.jpg 705w, https:\/\/radiorevelacionfm.cl\/wp-content\/uploads\/2024\/12\/foto-comitEs-chacra-weber-zenchutu-mawun-1_optimized-450x338.jpg 450w, https:\/\/radiorevelacionfm.cl\/wp-content\/uploads\/2024\/12\/foto-comitEs-chacra-weber-zenchutu-mawun-1_optimized-600x450.jpg 600w\" sizes=\"(max-width: 800px) 100vw, 800px\" \/><\/div><\/div><\/div><\/div><div class=\"flex_column av_one_full  flex_column_div av-zero-column-padding first  avia-builder-el-2  el_after_av_one_full  el_before_av_one_full  column-top-margin\" style='border-radius:0px; '><section class=\"av_textblock_section \"  itemscope=\"itemscope\" itemtype=\"https:\/\/schema.org\/BlogPosting\" itemprop=\"blogPost\" ><div class='avia_textblock  '   itemprop=\"text\" ><p style=\"text-align: center;\"><strong><span style=\"font-size: 18pt;\"><span lang=\"ES-CL\">Calisto critica demora de proyecto habitacional en chacra Weber: \u201cLa gente ya no puede seguir pagando altos arriendos y viviendo hacinada\u201d<\/span><\/span><\/strong><\/p>\n<div id=\"gtx-trans\" style=\"position: absolute; left: -50px; top: 4.31534px;\">\n<div class=\"gtx-trans-icon\"><\/div>\n<\/div>\n<\/div><\/section><\/div><div class=\"flex_column av_one_full  flex_column_div av-zero-column-padding first  avia-builder-el-4  el_after_av_one_full  el_before_av_hr  column-top-margin\" style='border-radius:0px; '><section class=\"av_textblock_section \"  itemscope=\"itemscope\" itemtype=\"https:\/\/schema.org\/BlogPosting\" itemprop=\"blogPost\" ><div class='avia_textblock  '   itemprop=\"text\" ><p style=\"font-weight: 400; text-align: justify;\"><em>El legislador se reuni\u00f3 con los comit\u00e9s de Puerto Ays\u00e9n Zenchutu Maw\u00fan, Techo Digno, Madres de la Patagonia y Tesoro Austral 1. \u00a0<\/em><\/p>\n<p style=\"font-weight: 400; text-align: justify;\">El diputado Miguel \u00c1ngel Calisto y los dirigentes de cuatro comit\u00e9s que proyectan sus viviendas en la denominada chacra Weber de Puerto Ays\u00e9n, llegaron hasta las dependencias de Municipalidad para participar en una reuni\u00f3n, instancia donde manifestaron su preocupaci\u00f3n por las demoras que ha sufrido este proyecto debido a las observaciones que le ha puesto la Direcci\u00f3n de Obras Municipales que a\u00fan no han sido respondidas por la entidad patrocinante.<\/p>\n<p style=\"font-weight: 400; text-align: justify;\">Se trata de los comit\u00e9s Zenchutu Mawun, Techo Digno, Madres de la Patagonia y Tesoro Austral 1, quienes llevan bastantes a\u00f1os esperando por concretar el sue\u00f1o de la casa propia en una parte de la chacra Weber.<\/p>\n<p style=\"font-weight: 400; text-align: justify;\">Seg\u00fan el diputado Calisto, \u201ceste terreno tiene compromiso de compraventa, tiene un proyecto que ya est\u00e1 presentado en la municipalidad, pero se han levantado algunas observaciones que nosotros esperamos que la entidad patrocinante pueda levantar para que estas familias puedan postular a sus subsidios y de esa manera se les puedan construir sus viviendas\u201d.<\/p>\n<p style=\"font-weight: 400; text-align: justify;\">\u201cLamentamos que la entidad patrocinante no est\u00e9 lo suficientemente comprometida en levantar estas observaciones con la rapidez que la gente espera. El compromiso era noviembre de este a\u00f1o que iba a estar el proyecto listo para postular a los subsidios. Entonces lo que nosotros esperamos hoy d\u00eda es que r\u00e1pidamente la entidad patrocinante pueda levantar las observaciones y luego de eso vienen 30 d\u00edas h\u00e1biles que tiene la DOM para revisarlas\u201d, se\u00f1al\u00f3.<\/p>\n<p style=\"font-weight: 400; text-align: justify;\">Calisto agreg\u00f3 que \u201cac\u00e1 la gente ya no puede seguir pagando altos costos de arriendo, con hacinamiento, de allegados, con todos los problemas que eso significa teniendo sus terrenos, porque ellos ya han luchado mucho y hoy d\u00eda ya no hay motivos para que no se pueda postular a los subsidios\u201d.<\/p>\n<p style=\"font-weight: 400; text-align: justify;\">Por su parte, la presidenta del Comit\u00e9 Tesoro Austral 1, asegur\u00f3 que \u201csostuvimos esta reuni\u00f3n en la DOM porque ten\u00edamos varias dudas en realidad. La molestia es que nosotros como comit\u00e9 se supone que \u00edbamos a postular en noviembre, no pudimos porque hay observaciones a nuestro proyecto. Vinimos a hacer las consultas ac\u00e1 a la municipalidad y esperamos soluciones para poder postular ya en el pr\u00f3ximo llamado del 2025\u201d.<\/p>\n<p style=\"font-weight: 400; text-align: justify;\">Finalmente, la dirigenta se\u00f1al\u00f3 que \u201cqueremos agradecer en nombre de todos los representantes de cada comit\u00e9, la compa\u00f1\u00eda de don Miguel \u00c1ngel Calisto, agradecer que ellos nos vayan orientando, porque nosotros no podemos de repente acceder a toda informaci\u00f3n, para poder d\u00e1rsela a conocer a nuestros socios\u201d.<\/p>\n<\/div><\/section><\/div><div  style='height:50px' class='hr hr-invisible   avia-builder-el-6  el_after_av_one_full  el_before_av_social_share '><span class='hr-inner ' ><span class='hr-inner-style'><\/span><\/span><\/div><\/p>\n<div  class='av-social-sharing-box  avia-builder-el-7  el_after_av_hr  el_before_av_hr  '><div class='av-share-box'><h5 class='av-share-link-description av-no-toc '>Compartir esta noticia<\/h5><ul class='av-share-box-list noLightbox'><li class='av-share-link av-social-link-facebook' ><a target=\"_blank\" aria-label=\"Compartir en Facebook\" href='https:\/\/www.facebook.com\/sharer.php?u=https:\/\/radiorevelacionfm.cl\/?p=48629&#038;t=Calisto%20critica%20demora%20de%20proyecto%20habitacional%20en%20chacra%20Weber%3A%20%E2%80%9CLa%20gente%20ya%20no%20puede%20seguir%20pagando%20altos%20arriendos%20y%20viviendo%20hacinada%E2%80%9D' aria-hidden='false' data-av_icon='\ue8f3' data-av_iconfont='entypo-fontello' title='' data-avia-related-tooltip='Compartir en Facebook' rel=\"noopener\"><span class='avia_hidden_link_text'>Compartir en Facebook<\/span><\/a><\/li><li class='av-share-link av-social-link-twitter' ><a target=\"_blank\" aria-label=\"Compartir en Twitter\" href='https:\/\/twitter.com\/share?text=Calisto%20critica%20demora%20de%20proyecto%20habitacional%20en%20chacra%20Weber%3A%20%E2%80%9CLa%20gente%20ya%20no%20puede%20seguir%20pagando%20altos%20arriendos%20y%20viviendo%20hacinada%E2%80%9D&#038;url=https:\/\/radiorevelacionfm.cl\/?p=48629' aria-hidden='false' data-av_icon='\ue8f1' data-av_iconfont='entypo-fontello' title='' data-avia-related-tooltip='Compartir en Twitter' rel=\"noopener\"><span class='avia_hidden_link_text'>Compartir en Twitter<\/span><\/a><\/li><li class='av-share-link av-social-link-whatsapp' ><a target=\"_blank\" aria-label=\"Compartir en Whatsapp\" href='https:\/\/api.whatsapp.com\/send?text=https:\/\/radiorevelacionfm.cl\/?p=48629' aria-hidden='false' data-av_icon='\uf232' data-av_iconfont='entypo-fontello' title='' data-avia-related-tooltip='Compartir en Whatsapp' rel=\"noopener\"><span class='avia_hidden_link_text'>Compartir en Whatsapp<\/span><\/a><\/li><li class='av-share-link av-social-link-linkedin' ><a target=\"_blank\" aria-label=\"Compartir en LinkedIn\" href='https:\/\/linkedin.com\/shareArticle?mini=true&#038;title=Calisto%20critica%20demora%20de%20proyecto%20habitacional%20en%20chacra%20Weber%3A%20%E2%80%9CLa%20gente%20ya%20no%20puede%20seguir%20pagando%20altos%20arriendos%20y%20viviendo%20hacinada%E2%80%9D&#038;url=https:\/\/radiorevelacionfm.cl\/?p=48629' aria-hidden='false' data-av_icon='\ue8fc' data-av_iconfont='entypo-fontello' title='' data-avia-related-tooltip='Compartir en LinkedIn' rel=\"noopener\"><span class='avia_hidden_link_text'>Compartir en LinkedIn<\/span><\/a><\/li><li class='av-share-link av-social-link-mail' ><a  aria-label=\"Compartir por correo\" href='mailto:?subject=Calisto%20critica%20demora%20de%20proyecto%20habitacional%20en%20chacra%20Weber%3A%20%E2%80%9CLa%20gente%20ya%20no%20puede%20seguir%20pagando%20altos%20arriendos%20y%20viviendo%20hacinada%E2%80%9D&#038;body=https:\/\/radiorevelacionfm.cl\/?p=48629' aria-hidden='false' data-av_icon='\ue805' data-av_iconfont='entypo-fontello' title='' data-avia-related-tooltip='Compartir por correo'><span class='avia_hidden_link_text'>Compartir por correo<\/span><\/a><\/li><\/ul><\/div><\/div>\n<div  style='height:50px' class='hr hr-invisible   avia-builder-el-8  el_after_av_social_share  el_before_av_comments_list '><span class='hr-inner ' ><span class='hr-inner-style'><\/span><\/span><\/div>\n<div  class='av-buildercomment  av-blog-meta-html-info-disabled av-blog-meta-tag-disabled  '><\/div>\n","protected":false},"excerpt":{"rendered":"","protected":false},"author":1,"featured_media":48630,"comment_status":"open","ping_status":"open","sticky":false,"template":"","format":"standard","meta":{"footnotes":""},"categories":[38],"tags":[],"class_list":["post-48629","post","type-post","status-publish","format-standard","has-post-thumbnail","hentry","category-regional"],"jetpack_featured_media_url":"https:\/\/radiorevelacionfm.cl\/wp-content\/uploads\/2024\/12\/foto-comitEs-chacra-weber-zenchutu-mawun-1_optimized.jpg","_links":{"self":[{"href":"https:\/\/radiorevelacionfm.cl\/index.php?rest_route=\/wp\/v2\/posts\/48629","targetHints":{"allow":["GET"]}}],"collection":[{"href":"https:\/\/radiorevelacionfm.cl\/index.php?rest_route=\/wp\/v2\/posts"}],"about":[{"href":"https:\/\/radiorevelacionfm.cl\/index.php?rest_route=\/wp\/v2\/types\/post"}],"author":[{"embeddable":true,"href":"https:\/\/radiorevelacionfm.cl\/index.php?rest_route=\/wp\/v2\/users\/1"}],"replies":[{"embeddable":true,"href":"https:\/\/radiorevelacionfm.cl\/index.php?rest_route=%2Fwp%2Fv2%2Fcomments&post=48629"}],"version-history":[{"count":1,"href":"https:\/\/radiorevelacionfm.cl\/index.php?rest_route=\/wp\/v2\/posts\/48629\/revisions"}],"predecessor-version":[{"id":48631,"href":"https:\/\/radiorevelacionfm.cl\/index.php?rest_route=\/wp\/v2\/posts\/48629\/revisions\/48631"}],"wp:featuredmedia":[{"embeddable":true,"href":"https:\/\/radiorevelacionfm.cl\/index.php?rest_route=\/wp\/v2\/media\/48630"}],"wp:attachment":[{"href":"https:\/\/radiorevelacionfm.cl\/index.php?rest_route=%2Fwp%2Fv2%2Fmedia&parent=48629"}],"wp:term":[{"taxonomy":"category","embeddable":true,"href":"https:\/\/radiorevelacionfm.cl\/index.php?rest_route=%2Fwp%2Fv2%2Fcategories&post=48629"},{"taxonomy":"post_tag","embeddable":true,"href":"https:\/\/radiorevelacionfm.cl\/index.php?rest_route=%2Fwp%2Fv2%2Ftags&post=48629"}],"curies":[{"name":"wp","href":"https:\/\/api.w.org\/{rel}","templated":true}]}}