{"id":48626,"date":"2024-12-06T15:45:24","date_gmt":"2024-12-06T18:45:24","guid":{"rendered":"https:\/\/radiorevelacionfm.cl\/?p=48626"},"modified":"2024-12-06T15:45:24","modified_gmt":"2024-12-06T18:45:24","slug":"familias-de-rio-ibanez-mejoran-sus-viviendas-gracias-a-programa-de-habitabilidad","status":"publish","type":"post","link":"https:\/\/radiorevelacionfm.cl\/?p=48626","title":{"rendered":"Familias de R\u00edo Ib\u00e1\u00f1ez mejoran sus viviendas gracias a programa de Habitabilidad"},"content":{"rendered":"<div class=\"flex_column av_one_full  flex_column_div av-zero-column-padding first  avia-builder-el-0  el_before_av_one_full  avia-builder-el-first  \" style='border-radius:0px; '><div  class='avia-image-container  av-styling-    avia-builder-el-1  avia-builder-el-no-sibling  avia-align-center '  itemprop=\"image\" itemscope=\"itemscope\" itemtype=\"https:\/\/schema.org\/ImageObject\"  ><div class='avia-image-container-inner'><div class='avia-image-overlay-wrap'><img decoding=\"async\" class='wp-image-48627 avia-img-lazy-loading-not-48627 avia_image' src=\"https:\/\/radiorevelacionfm.cl\/wp-content\/uploads\/2024\/12\/habitabilidad-rio-ibanez-2-1_optimized-1.jpeg\" alt='' title='habitabilidad-r\u00edo-ib\u00e1\u00f1ez-(2)-(1)_optimized (1)' height=\"600\" width=\"925\"  itemprop=\"thumbnailUrl\" srcset=\"https:\/\/radiorevelacionfm.cl\/wp-content\/uploads\/2024\/12\/habitabilidad-rio-ibanez-2-1_optimized-1.jpeg 925w, https:\/\/radiorevelacionfm.cl\/wp-content\/uploads\/2024\/12\/habitabilidad-rio-ibanez-2-1_optimized-1-300x195.jpeg 300w, https:\/\/radiorevelacionfm.cl\/wp-content\/uploads\/2024\/12\/habitabilidad-rio-ibanez-2-1_optimized-1-768x498.jpeg 768w, https:\/\/radiorevelacionfm.cl\/wp-content\/uploads\/2024\/12\/habitabilidad-rio-ibanez-2-1_optimized-1-705x457.jpeg 705w, https:\/\/radiorevelacionfm.cl\/wp-content\/uploads\/2024\/12\/habitabilidad-rio-ibanez-2-1_optimized-1-450x292.jpeg 450w, https:\/\/radiorevelacionfm.cl\/wp-content\/uploads\/2024\/12\/habitabilidad-rio-ibanez-2-1_optimized-1-600x389.jpeg 600w\" sizes=\"(max-width: 925px) 100vw, 925px\" \/><\/div><\/div><\/div><\/div><div class=\"flex_column av_one_full  flex_column_div av-zero-column-padding first  avia-builder-el-2  el_after_av_one_full  el_before_av_one_full  column-top-margin\" style='border-radius:0px; '><section class=\"av_textblock_section \"  itemscope=\"itemscope\" itemtype=\"https:\/\/schema.org\/BlogPosting\" itemprop=\"blogPost\" ><div class='avia_textblock  '   itemprop=\"text\" ><p style=\"text-align: center;\"><strong><span style=\"font-size: 18pt;\">Familias de R\u00edo Ib\u00e1\u00f1ez mejoran sus viviendas gracias a programa de Habitabilidad<\/span><\/strong><\/p>\n<div id=\"gtx-trans\" style=\"position: absolute; left: -50px; top: 4.31534px;\">\n<div class=\"gtx-trans-icon\"><\/div>\n<\/div>\n<\/div><\/section><\/div><div class=\"flex_column av_one_full  flex_column_div av-zero-column-padding first  avia-builder-el-4  el_after_av_one_full  el_before_av_hr  column-top-margin\" style='border-radius:0px; '><section class=\"av_textblock_section \"  itemscope=\"itemscope\" itemtype=\"https:\/\/schema.org\/BlogPosting\" itemprop=\"blogPost\" ><div class='avia_textblock  '   itemprop=\"text\" ><p style=\"text-align: justify;\"><em>Esta instancia financiada por el Ministerio de Desarrollo Social y Familia, supervisada por el FOSIS y ejecutada por la Municipalidad de R\u00edo Ib\u00e1\u00f1ez; permiti\u00f3 mejorar la calidad de vida de cinco familias de la comuna.<\/em><\/p>\n<p style=\"text-align: justify;\">Hasta Villa Cerro Castillo lleg\u00f3 la directora regional del FOSIS, Fernanda Leiva, para compartir con las cinco familias de la comuna de R\u00edo Ib\u00e1\u00f1ez que recibieron soluciones constructivas, equipamiento y talleres; gracias al programa de Habitabilidad, financiado por el Ministerio de Desarrollo Social y Familia, ejecutado por la Municipalidad de R\u00edo Ib\u00e1\u00f1ez y asistido t\u00e9cnicamente por el FOSIS.<\/p>\n<p style=\"text-align: justify;\">Flor V\u00e1squez, usuarias del programa de Habitabilidad en Villa Cerro Castillo, valor\u00f3 positivamente la intervenci\u00f3n del programa y agradeci\u00f3 \u201ca todos los que hicieron posible este proyecto, no hay c\u00f3mo agradecerle al FOSIS que nos ha ayudado a arreglar nuestro hogar todos estos a\u00f1os. Este arreglo fue m\u00e1s amplio, se arreglaron los cercos de adelante, se cambi\u00f3 el techo del comedor, la concina y el ba\u00f1o. Nos colocaron puertas, nos trajeron muebles, me cambiaron el lavaplatos y nos trajeron un juego de comedor\u201d.<\/p>\n<p style=\"text-align: justify;\">La directora regional del FOSIS, Fernanda Leiva, asegur\u00f3 que \u201cestamos contentos porque se est\u00e1 dando cierre al proceso donde se trabaj\u00f3 en las soluciones constructivas y el apoyo social que este programa brida a las familias usuarias del Subsistema de Seguridades y Oportunidades. Cuando uno visita a las familias se da cuenta de todo el trabajo que se hace conjuntamente entre FOSIS, el Ministerio y la Municipalidad. Tenemos el desaf\u00edo y compromiso de seguir trabajando por mejorar las condiciones de habitabilidad de las familias de la regi\u00f3n\u201d.<\/p>\n<p style=\"text-align: justify;\">Juan Saldivia, alcalde de R\u00edo Ib\u00e1\u00f1ez, agreg\u00f3 que \u201cestamos muy agradecidos del Ministerio de Desarrollo Social, del FOSIS y de todo nuestro equipo del programa de Habitabilidad que se ejecut\u00f3 en R\u00edo Ib\u00e1\u00f1ez. Vemos como se va mejorando la calidad de vida de personas, sobre todo personas mayores que se han visto beneficiadas y c\u00f3mo le generamos seguridad al interior de su vivienda. Ha sido un acierto poder ejecutar este proyecto en nuestra comuna, estamos agradecidos de esta alianza y esperamos que esto se pueda prolongar en el tiempo y sea una instancia a para beneficiar a otras familias de la comuna\u201d.<\/p>\n<p style=\"text-align: justify;\">El programa de Habitabilidad est\u00e1 dirigido para familias y personas del Subsistema de Seguridades y Oportunidades y permite mejorar servicios b\u00e1sicos, infraestructura de la vivienda, entorno residencial y equipamiento dom\u00e9stico; junto con sesiones de asesor\u00edas familiares en h\u00e1bitos de vida saludable y de uso y autocuidado de la vivienda.<\/p>\n<\/div><\/section><\/div><div  style='height:50px' class='hr hr-invisible   avia-builder-el-6  el_after_av_one_full  el_before_av_social_share '><span class='hr-inner ' ><span class='hr-inner-style'><\/span><\/span><\/div><\/p>\n<div  class='av-social-sharing-box  avia-builder-el-7  el_after_av_hr  el_before_av_hr  '><div class='av-share-box'><h5 class='av-share-link-description av-no-toc '>Compartir esta noticia<\/h5><ul class='av-share-box-list noLightbox'><li class='av-share-link av-social-link-facebook' ><a target=\"_blank\" aria-label=\"Compartir en Facebook\" href='https:\/\/www.facebook.com\/sharer.php?u=https:\/\/radiorevelacionfm.cl\/?p=48626&#038;t=Familias%20de%20R%C3%ADo%20Ib%C3%A1%C3%B1ez%20mejoran%20sus%20viviendas%20gracias%20a%20programa%20de%20Habitabilidad' aria-hidden='false' data-av_icon='\ue8f3' data-av_iconfont='entypo-fontello' title='' data-avia-related-tooltip='Compartir en Facebook' rel=\"noopener\"><span class='avia_hidden_link_text'>Compartir en Facebook<\/span><\/a><\/li><li class='av-share-link av-social-link-twitter' ><a target=\"_blank\" aria-label=\"Compartir en Twitter\" href='https:\/\/twitter.com\/share?text=Familias%20de%20R%C3%ADo%20Ib%C3%A1%C3%B1ez%20mejoran%20sus%20viviendas%20gracias%20a%20programa%20de%20Habitabilidad&#038;url=https:\/\/radiorevelacionfm.cl\/?p=48626' aria-hidden='false' data-av_icon='\ue8f1' data-av_iconfont='entypo-fontello' title='' data-avia-related-tooltip='Compartir en Twitter' rel=\"noopener\"><span class='avia_hidden_link_text'>Compartir en Twitter<\/span><\/a><\/li><li class='av-share-link av-social-link-whatsapp' ><a target=\"_blank\" aria-label=\"Compartir en Whatsapp\" href='https:\/\/api.whatsapp.com\/send?text=https:\/\/radiorevelacionfm.cl\/?p=48626' aria-hidden='false' data-av_icon='\uf232' data-av_iconfont='entypo-fontello' title='' data-avia-related-tooltip='Compartir en Whatsapp' rel=\"noopener\"><span class='avia_hidden_link_text'>Compartir en Whatsapp<\/span><\/a><\/li><li class='av-share-link av-social-link-linkedin' ><a target=\"_blank\" aria-label=\"Compartir en LinkedIn\" href='https:\/\/linkedin.com\/shareArticle?mini=true&#038;title=Familias%20de%20R%C3%ADo%20Ib%C3%A1%C3%B1ez%20mejoran%20sus%20viviendas%20gracias%20a%20programa%20de%20Habitabilidad&#038;url=https:\/\/radiorevelacionfm.cl\/?p=48626' aria-hidden='false' data-av_icon='\ue8fc' data-av_iconfont='entypo-fontello' title='' data-avia-related-tooltip='Compartir en LinkedIn' rel=\"noopener\"><span class='avia_hidden_link_text'>Compartir en LinkedIn<\/span><\/a><\/li><li class='av-share-link av-social-link-mail' ><a  aria-label=\"Compartir por correo\" href='mailto:?subject=Familias%20de%20R%C3%ADo%20Ib%C3%A1%C3%B1ez%20mejoran%20sus%20viviendas%20gracias%20a%20programa%20de%20Habitabilidad&#038;body=https:\/\/radiorevelacionfm.cl\/?p=48626' aria-hidden='false' data-av_icon='\ue805' data-av_iconfont='entypo-fontello' title='' data-avia-related-tooltip='Compartir por correo'><span class='avia_hidden_link_text'>Compartir por correo<\/span><\/a><\/li><\/ul><\/div><\/div>\n<div  style='height:50px' class='hr hr-invisible   avia-builder-el-8  el_after_av_social_share  el_before_av_comments_list '><span class='hr-inner ' ><span class='hr-inner-style'><\/span><\/span><\/div>\n<div  class='av-buildercomment  av-blog-meta-html-info-disabled av-blog-meta-tag-disabled  '><\/div>\n","protected":false},"excerpt":{"rendered":"","protected":false},"author":1,"featured_media":48627,"comment_status":"open","ping_status":"open","sticky":false,"template":"","format":"standard","meta":{"footnotes":""},"categories":[38],"tags":[],"class_list":["post-48626","post","type-post","status-publish","format-standard","has-post-thumbnail","hentry","category-regional"],"jetpack_featured_media_url":"https:\/\/radiorevelacionfm.cl\/wp-content\/uploads\/2024\/12\/habitabilidad-rio-ibanez-2-1_optimized-1.jpeg","_links":{"self":[{"href":"https:\/\/radiorevelacionfm.cl\/index.php?rest_route=\/wp\/v2\/posts\/48626","targetHints":{"allow":["GET"]}}],"collection":[{"href":"https:\/\/radiorevelacionfm.cl\/index.php?rest_route=\/wp\/v2\/posts"}],"about":[{"href":"https:\/\/radiorevelacionfm.cl\/index.php?rest_route=\/wp\/v2\/types\/post"}],"author":[{"embeddable":true,"href":"https:\/\/radiorevelacionfm.cl\/index.php?rest_route=\/wp\/v2\/users\/1"}],"replies":[{"embeddable":true,"href":"https:\/\/radiorevelacionfm.cl\/index.php?rest_route=%2Fwp%2Fv2%2Fcomments&post=48626"}],"version-history":[{"count":1,"href":"https:\/\/radiorevelacionfm.cl\/index.php?rest_route=\/wp\/v2\/posts\/48626\/revisions"}],"predecessor-version":[{"id":48628,"href":"https:\/\/radiorevelacionfm.cl\/index.php?rest_route=\/wp\/v2\/posts\/48626\/revisions\/48628"}],"wp:featuredmedia":[{"embeddable":true,"href":"https:\/\/radiorevelacionfm.cl\/index.php?rest_route=\/wp\/v2\/media\/48627"}],"wp:attachment":[{"href":"https:\/\/radiorevelacionfm.cl\/index.php?rest_route=%2Fwp%2Fv2%2Fmedia&parent=48626"}],"wp:term":[{"taxonomy":"category","embeddable":true,"href":"https:\/\/radiorevelacionfm.cl\/index.php?rest_route=%2Fwp%2Fv2%2Fcategories&post=48626"},{"taxonomy":"post_tag","embeddable":true,"href":"https:\/\/radiorevelacionfm.cl\/index.php?rest_route=%2Fwp%2Fv2%2Ftags&post=48626"}],"curies":[{"name":"wp","href":"https:\/\/api.w.org\/{rel}","templated":true}]}}