{"id":48623,"date":"2024-12-06T20:23:57","date_gmt":"2024-12-06T23:23:57","guid":{"rendered":"https:\/\/radiorevelacionfm.cl\/?p=48623"},"modified":"2024-12-06T20:23:57","modified_gmt":"2024-12-06T23:23:57","slug":"emotivo-ultimo-concejo-municipal-de-aysen-despide-a-su-gestion-2021-24","status":"publish","type":"post","link":"https:\/\/radiorevelacionfm.cl\/?p=48623","title":{"rendered":"Emotivo \u00faltimo Concejo Municipal de Ays\u00e9n despide a su gesti\u00f3n 2021-24"},"content":{"rendered":"<div class=\"flex_column av_one_full  flex_column_div av-zero-column-padding first  avia-builder-el-0  el_before_av_one_full  avia-builder-el-first  \" style='border-radius:0px; '><div  class='avia-image-container  av-styling-    avia-builder-el-1  avia-builder-el-no-sibling  avia-align-center '  itemprop=\"image\" itemscope=\"itemscope\" itemtype=\"https:\/\/schema.org\/ImageObject\"  ><div class='avia-image-container-inner'><div class='avia-image-overlay-wrap'><img decoding=\"async\" class='wp-image-48624 avia-img-lazy-loading-not-48624 avia_image' src=\"https:\/\/radiorevelacionfm.cl\/wp-content\/uploads\/2024\/12\/img-20241205-wa0024-1_optimized.jpg\" alt='' title='img-20241205-wa0024-(1)_optimized' height=\"600\" width=\"800\"  itemprop=\"thumbnailUrl\" srcset=\"https:\/\/radiorevelacionfm.cl\/wp-content\/uploads\/2024\/12\/img-20241205-wa0024-1_optimized.jpg 800w, https:\/\/radiorevelacionfm.cl\/wp-content\/uploads\/2024\/12\/img-20241205-wa0024-1_optimized-300x225.jpg 300w, https:\/\/radiorevelacionfm.cl\/wp-content\/uploads\/2024\/12\/img-20241205-wa0024-1_optimized-768x576.jpg 768w, https:\/\/radiorevelacionfm.cl\/wp-content\/uploads\/2024\/12\/img-20241205-wa0024-1_optimized-705x529.jpg 705w, https:\/\/radiorevelacionfm.cl\/wp-content\/uploads\/2024\/12\/img-20241205-wa0024-1_optimized-450x338.jpg 450w, https:\/\/radiorevelacionfm.cl\/wp-content\/uploads\/2024\/12\/img-20241205-wa0024-1_optimized-600x450.jpg 600w\" sizes=\"(max-width: 800px) 100vw, 800px\" \/><\/div><\/div><\/div><\/div><div class=\"flex_column av_one_full  flex_column_div av-zero-column-padding first  avia-builder-el-2  el_after_av_one_full  el_before_av_one_full  column-top-margin\" style='border-radius:0px; '><section class=\"av_textblock_section \"  itemscope=\"itemscope\" itemtype=\"https:\/\/schema.org\/BlogPosting\" itemprop=\"blogPost\" ><div class='avia_textblock  '   itemprop=\"text\" ><p style=\"text-align: center;\"><strong><span style=\"font-size: 18pt;\">Emotivo \u00faltimo Concejo Municipal de Ays\u00e9n despide a su gesti\u00f3n 2021-24<\/span><\/strong><\/p>\n<div id=\"gtx-trans\" style=\"position: absolute; left: -50px; top: 4.31534px;\">\n<div class=\"gtx-trans-icon\"><\/div>\n<\/div>\n<\/div><\/section><\/div><div class=\"flex_column av_one_full  flex_column_div av-zero-column-padding first  avia-builder-el-4  el_after_av_one_full  el_before_av_hr  column-top-margin\" style='border-radius:0px; '><section class=\"av_textblock_section \"  itemscope=\"itemscope\" itemtype=\"https:\/\/schema.org\/BlogPosting\" itemprop=\"blogPost\" ><div class='avia_textblock  '   itemprop=\"text\" ><p style=\"text-align: justify;\"><em>En sesi\u00f3n ordinaria del Concejo de Ays\u00e9n, se reconocieron al alcalde Uribe y los concejales que fueron los representantes de la comuna durante tres a\u00f1os y medio.<\/em><\/p>\n<p style=\"text-align: justify;\">El d\u00eda 5 de diciembre el cuerpo colegiado de la gesti\u00f3n municipal 2021-2024 realiz\u00f3 su \u00faltima sesi\u00f3n y su \u00faltimo acto protocolar como autoridades comunales. En el sal\u00f3n auditorio del tercer piso del edificio municipal se reconoci\u00f3 al edil y a los concejales por las labores desarrolladas.<\/p>\n<p style=\"text-align: justify;\">Las autoridades en sus discursos de despedida destacaron lo dif\u00edcil que fue el inicio de sus funciones en el a\u00f1o 2021, debido a estar en plena pandemia del Coronavirus, adem\u00e1s que para todos los electos de aquella ocasi\u00f3n era su primera vez en el cargo como autoridades comunales.<\/p>\n<p style=\"text-align: justify;\">Alejandro Soto, concejal reelecto, hizo menci\u00f3n a lo anterior, comentando que \u201cnos encontramos con muchas tareas, muchas cosas que no manej\u00e1bamos, pero con el correr de los a\u00f1os y el tiempo nos fuimos dando cuenta de la importancia y la relevancia que tiene este Concejo Comunal de Ays\u00e9n\u201d.<\/p>\n<p style=\"text-align: justify;\">Por su parte, la concejala Tatiana Villarroel, al finalizar la ceremonia coment\u00f3 que \u201cse termina una etapa, pero ya ma\u00f1ana comenzamos otra, as\u00ed que, sin duda, fueron tres a\u00f1os y medio de mucho aprendizaje, de conocer muy buenas personas. Tambi\u00e9n con sentimientos encontrados, porque hay colegas que no contin\u00faan en la gesti\u00f3n con nosotros y ellos han sido un pilar fundamental dentro de este periodo\u201d.<\/p>\n<p style=\"text-align: justify;\">\u201cAgradecer -y lo se\u00f1alaba en mi discurso-, a Julio Uribe Alvarado, m\u00e1s que alcalde o presidente del Concejo, a la persona que fue quien confi\u00f3 en m\u00ed para poder estar en este primer periodo y finalizarlo de buena manera\u201d, expres\u00f3 la autoridad reelecta.<\/p>\n<p style=\"text-align: justify;\">Por su lado, Silvia Klagges coment\u00f3, que a pesar de que no ser\u00e1 parte del pr\u00f3ximo periodo, seguir\u00e1 esforz\u00e1ndose desde su posici\u00f3n para apoyar a los vecinos que los necesiten.<\/p>\n<p style=\"text-align: justify;\">\u201cNo me voy a apartar de mi comuna, voy a seguir trabajando ac\u00e1, voy a seguir apoyando a mis vecinos, como lo dije; y s\u00f3lo deseo -y de coraz\u00f3n lo digo-, s\u00f3lo deseo que la nueva administraci\u00f3n le vaya muy bien, porque eso significa que nos va a ir bien a todos\u201d, a\u00f1adi\u00f3 Silvia Klagges.<\/p>\n<p style=\"text-align: justify;\">La ceremonia del cambio de mando est\u00e1 planificada para el d\u00eda viernes 6 de diciembre a las 19:00 horas. En \u00e9sta se traspasar\u00e1 el cargo de alcalde del se\u00f1or Julio Uribe, al electo Luis Mart\u00ednez, al igual que comenzar\u00e1 el nuevo mandato de los concejales reelectos, Alejandro Soto, Tatiana Villarroel y Jorge Figueroa; junto a los nombramientos de Luis Mu\u00f1oz, Luis Otth y Basilio Becerra.<\/p>\n<\/div><\/section><\/div><div  style='height:50px' class='hr hr-invisible   avia-builder-el-6  el_after_av_one_full  el_before_av_social_share '><span class='hr-inner ' ><span class='hr-inner-style'><\/span><\/span><\/div><\/p>\n<div  class='av-social-sharing-box  avia-builder-el-7  el_after_av_hr  el_before_av_hr  '><div class='av-share-box'><h5 class='av-share-link-description av-no-toc '>Compartir esta noticia<\/h5><ul class='av-share-box-list noLightbox'><li class='av-share-link av-social-link-facebook' ><a target=\"_blank\" aria-label=\"Compartir en Facebook\" href='https:\/\/www.facebook.com\/sharer.php?u=https:\/\/radiorevelacionfm.cl\/?p=48623&#038;t=Emotivo%20%C3%BAltimo%20Concejo%20Municipal%20de%20Ays%C3%A9n%20despide%20a%20su%20gesti%C3%B3n%202021-24' aria-hidden='false' data-av_icon='\ue8f3' data-av_iconfont='entypo-fontello' title='' data-avia-related-tooltip='Compartir en Facebook' rel=\"noopener\"><span class='avia_hidden_link_text'>Compartir en Facebook<\/span><\/a><\/li><li class='av-share-link av-social-link-twitter' ><a target=\"_blank\" aria-label=\"Compartir en Twitter\" href='https:\/\/twitter.com\/share?text=Emotivo%20%C3%BAltimo%20Concejo%20Municipal%20de%20Ays%C3%A9n%20despide%20a%20su%20gesti%C3%B3n%202021-24&#038;url=https:\/\/radiorevelacionfm.cl\/?p=48623' aria-hidden='false' data-av_icon='\ue8f1' data-av_iconfont='entypo-fontello' title='' data-avia-related-tooltip='Compartir en Twitter' rel=\"noopener\"><span class='avia_hidden_link_text'>Compartir en Twitter<\/span><\/a><\/li><li class='av-share-link av-social-link-whatsapp' ><a target=\"_blank\" aria-label=\"Compartir en Whatsapp\" href='https:\/\/api.whatsapp.com\/send?text=https:\/\/radiorevelacionfm.cl\/?p=48623' aria-hidden='false' data-av_icon='\uf232' data-av_iconfont='entypo-fontello' title='' data-avia-related-tooltip='Compartir en Whatsapp' rel=\"noopener\"><span class='avia_hidden_link_text'>Compartir en Whatsapp<\/span><\/a><\/li><li class='av-share-link av-social-link-linkedin' ><a target=\"_blank\" aria-label=\"Compartir en LinkedIn\" href='https:\/\/linkedin.com\/shareArticle?mini=true&#038;title=Emotivo%20%C3%BAltimo%20Concejo%20Municipal%20de%20Ays%C3%A9n%20despide%20a%20su%20gesti%C3%B3n%202021-24&#038;url=https:\/\/radiorevelacionfm.cl\/?p=48623' aria-hidden='false' data-av_icon='\ue8fc' data-av_iconfont='entypo-fontello' title='' data-avia-related-tooltip='Compartir en LinkedIn' rel=\"noopener\"><span class='avia_hidden_link_text'>Compartir en LinkedIn<\/span><\/a><\/li><li class='av-share-link av-social-link-mail' ><a  aria-label=\"Compartir por correo\" href='mailto:?subject=Emotivo%20%C3%BAltimo%20Concejo%20Municipal%20de%20Ays%C3%A9n%20despide%20a%20su%20gesti%C3%B3n%202021-24&#038;body=https:\/\/radiorevelacionfm.cl\/?p=48623' aria-hidden='false' data-av_icon='\ue805' data-av_iconfont='entypo-fontello' title='' data-avia-related-tooltip='Compartir por correo'><span class='avia_hidden_link_text'>Compartir por correo<\/span><\/a><\/li><\/ul><\/div><\/div>\n<div  style='height:50px' class='hr hr-invisible   avia-builder-el-8  el_after_av_social_share  el_before_av_comments_list '><span class='hr-inner ' ><span class='hr-inner-style'><\/span><\/span><\/div>\n<div  class='av-buildercomment  av-blog-meta-html-info-disabled av-blog-meta-tag-disabled  '><\/div>\n","protected":false},"excerpt":{"rendered":"","protected":false},"author":1,"featured_media":48624,"comment_status":"open","ping_status":"open","sticky":false,"template":"","format":"standard","meta":{"footnotes":""},"categories":[38],"tags":[],"class_list":["post-48623","post","type-post","status-publish","format-standard","has-post-thumbnail","hentry","category-regional"],"jetpack_featured_media_url":"https:\/\/radiorevelacionfm.cl\/wp-content\/uploads\/2024\/12\/img-20241205-wa0024-1_optimized.jpg","_links":{"self":[{"href":"https:\/\/radiorevelacionfm.cl\/index.php?rest_route=\/wp\/v2\/posts\/48623","targetHints":{"allow":["GET"]}}],"collection":[{"href":"https:\/\/radiorevelacionfm.cl\/index.php?rest_route=\/wp\/v2\/posts"}],"about":[{"href":"https:\/\/radiorevelacionfm.cl\/index.php?rest_route=\/wp\/v2\/types\/post"}],"author":[{"embeddable":true,"href":"https:\/\/radiorevelacionfm.cl\/index.php?rest_route=\/wp\/v2\/users\/1"}],"replies":[{"embeddable":true,"href":"https:\/\/radiorevelacionfm.cl\/index.php?rest_route=%2Fwp%2Fv2%2Fcomments&post=48623"}],"version-history":[{"count":1,"href":"https:\/\/radiorevelacionfm.cl\/index.php?rest_route=\/wp\/v2\/posts\/48623\/revisions"}],"predecessor-version":[{"id":48625,"href":"https:\/\/radiorevelacionfm.cl\/index.php?rest_route=\/wp\/v2\/posts\/48623\/revisions\/48625"}],"wp:featuredmedia":[{"embeddable":true,"href":"https:\/\/radiorevelacionfm.cl\/index.php?rest_route=\/wp\/v2\/media\/48624"}],"wp:attachment":[{"href":"https:\/\/radiorevelacionfm.cl\/index.php?rest_route=%2Fwp%2Fv2%2Fmedia&parent=48623"}],"wp:term":[{"taxonomy":"category","embeddable":true,"href":"https:\/\/radiorevelacionfm.cl\/index.php?rest_route=%2Fwp%2Fv2%2Fcategories&post=48623"},{"taxonomy":"post_tag","embeddable":true,"href":"https:\/\/radiorevelacionfm.cl\/index.php?rest_route=%2Fwp%2Fv2%2Ftags&post=48623"}],"curies":[{"name":"wp","href":"https:\/\/api.w.org\/{rel}","templated":true}]}}