{"id":48621,"date":"2024-12-06T15:19:32","date_gmt":"2024-12-06T18:19:32","guid":{"rendered":"https:\/\/radiorevelacionfm.cl\/?p=48621"},"modified":"2024-12-06T15:19:32","modified_gmt":"2024-12-06T18:19:32","slug":"corte-de-apelaciones-de-coyhaique-confirma-condena-por-trafico-de-drogas-en-aysen","status":"publish","type":"post","link":"https:\/\/radiorevelacionfm.cl\/?p=48621","title":{"rendered":"Corte de apelaciones de Coyhaique confirma condena por tr\u00e1fico de drogas en Ays\u00e9n"},"content":{"rendered":"<div class=\"flex_column av_one_full  flex_column_div av-zero-column-padding first  avia-builder-el-0  el_before_av_one_full  avia-builder-el-first  \" style='border-radius:0px; '><div  class='avia-image-container  av-styling-    avia-builder-el-1  avia-builder-el-no-sibling  avia-align-center '  itemprop=\"image\" itemscope=\"itemscope\" itemtype=\"https:\/\/schema.org\/ImageObject\"  ><div class='avia-image-container-inner'><div class='avia-image-overlay-wrap'><img decoding=\"async\" class='wp-image-44317 avia-img-lazy-loading-not-44317 avia_image' src=\"https:\/\/radiorevelacionfm.cl\/wp-content\/uploads\/2024\/07\/Esposado-delito-1-1.jpeg\" alt='' title='Esposado-delito (1) (1)' height=\"597\" width=\"900\"  itemprop=\"thumbnailUrl\" srcset=\"https:\/\/radiorevelacionfm.cl\/wp-content\/uploads\/2024\/07\/Esposado-delito-1-1.jpeg 900w, https:\/\/radiorevelacionfm.cl\/wp-content\/uploads\/2024\/07\/Esposado-delito-1-1-300x199.jpeg 300w, https:\/\/radiorevelacionfm.cl\/wp-content\/uploads\/2024\/07\/Esposado-delito-1-1-768x509.jpeg 768w, https:\/\/radiorevelacionfm.cl\/wp-content\/uploads\/2024\/07\/Esposado-delito-1-1-705x468.jpeg 705w, https:\/\/radiorevelacionfm.cl\/wp-content\/uploads\/2024\/07\/Esposado-delito-1-1-450x299.jpeg 450w, https:\/\/radiorevelacionfm.cl\/wp-content\/uploads\/2024\/07\/Esposado-delito-1-1-600x398.jpeg 600w\" sizes=\"(max-width: 900px) 100vw, 900px\" \/><\/div><\/div><\/div><\/div><div class=\"flex_column av_one_full  flex_column_div av-zero-column-padding first  avia-builder-el-2  el_after_av_one_full  el_before_av_one_full  column-top-margin\" style='border-radius:0px; '><section class=\"av_textblock_section \"  itemscope=\"itemscope\" itemtype=\"https:\/\/schema.org\/BlogPosting\" itemprop=\"blogPost\" ><div class='avia_textblock  '   itemprop=\"text\" ><p style=\"text-align: center;\"><span style=\"font-size: 18pt;\"><b>Corte de apelaciones de Coyhaique confirma condena por tr\u00e1fico de drogas en Ays\u00e9n<\/b><\/span><\/p>\n<div id=\"gtx-trans\" style=\"position: absolute; left: -50px; top: 4.31534px;\">\n<div class=\"gtx-trans-icon\"><\/div>\n<\/div>\n<\/div><\/section><\/div><div class=\"flex_column av_one_full  flex_column_div av-zero-column-padding first  avia-builder-el-4  el_after_av_one_full  el_before_av_hr  column-top-margin\" style='border-radius:0px; '><section class=\"av_textblock_section \"  itemscope=\"itemscope\" itemtype=\"https:\/\/schema.org\/BlogPosting\" itemprop=\"blogPost\" ><div class='avia_textblock  '   itemprop=\"text\" ><p class=\"v1MsoNormal\" style=\"text-align: justify;\">La Corte de Apelaciones de Coyhaique rechaz\u00f3 el recurso de nulidad deducido en contra de la sentencia que conden\u00f3 a\u00a0Cristhian\u00a0Andr\u00e9s Sandoval Vidal a la pena de 5 a\u00f1os y un d\u00eda de presidio efectivo,\u00a0en calidad de autor del delito consumado de tr\u00e1fico de drogas. Il\u00edcito perpetrado en diciembre del a\u00f1o pasado, en la comuna de Ays\u00e9n.<\/p>\n<p class=\"v1MsoNormal\" style=\"text-align: justify;\">En fallo un\u00e1nime (causa rol 386-2024), la Primera Sala del tribunal de alzada \u2013integrada por los ministros Luis Aedo Mora, Pedro Castro Espinoza y el abogado (i) Enrique Vel\u00e1squez Trujillo\u2013 descart\u00f3 infracci\u00f3n de ley en la sentencia impugnada, dictada por el Tribunal de Juicio Oral en lo Penal de Coyhaique.<\/p>\n<p class=\"v1MsoNormal\" style=\"text-align: justify;\">\u00ab<span lang=\"ES-MX\">Que conforme a todo lo manifestado, estima esta Corte que no concurren los elementos necesarios para hacer lugar a la pretensi\u00f3n de la defensa del condenado, ya que si bien, existe un reproche en relaci\u00f3n con los criterios expresados en el fallo, en lo tocante a las circunstancias modificatorias de responsabilidad penal, contempladas en el art\u00edculo 11 numerales 6 y 9 del C\u00f3digo Penal, y a\u00fan m\u00e1s, consintiendo estos sentenciadores, en que ambas disposiciones legales, no constituyen al d\u00eda de hoy instituciones pac\u00edficas en sede judicial, existiendo posiciones encontradas, dependiendo del tribunal de donde emane la decisi\u00f3n; ello per se, no habilita a alzarse con un recurso de nulidad ya que, no existiendo una posici\u00f3n un\u00edvoca respecto de las circunstancias modificatorias de responsabilidad antes dichas, no puede entonces atacarse a aquellas que no satisfacen a la parte, por el simple hecho de no compartir la tesis en cuesti\u00f3n, mediante un recurso de esta naturaleza<\/span>\u00ab, sostiene el fallo.<\/p>\n<p class=\"v1MsoNormal\" style=\"text-align: justify;\">Por tanto, se resuelve\u00a0que: \u00ab<b><span lang=\"ES-MX\">SE RECHAZA<\/span><\/b><span lang=\"ES-MX\">, sin costas, el recurso de nulidad deducido por el Defensor Privado, don Lorenzo Avil\u00e9s Rubilar, en contra de la sentencia dictada con fecha 23 de septiembre de 2024, por el Tribunal de Juicio Oral en lo Penal de Coyhaique, en cuanto por ella se conden\u00f3 al acusado\u00a0<\/span>Cristhian Andr\u00e9s Sandoval Vidal<span lang=\"ES-MX\">, a la pena de cinco a\u00f1os y un d\u00eda de presidio mayor en su grado m\u00ednimo, accesorias de inhabilitaci\u00f3n absoluta perpetua para cargos y oficios p\u00fablicos y derechos pol\u00edticos y la de inhabilitaci\u00f3n absoluta para profesiones titulares mientras dure la condena, y multa de 12 Unidades Tributarias Mensuales, en su calidad de autor de un delito de Tr\u00e1fico il\u00edcito de drogas, previsto en el art\u00edculo 3 en relaci\u00f3n al art\u00edculo 1 de la Ley 20.000, cometido el d\u00eda 14 de diciembre de 2023, en la comuna de Ays\u00e9n; y en consecuencia, dicha sentencia\u00a0<b>no es nula<\/b><\/span>\u00ab.<\/p>\n<p class=\"v1MsoNormal\" style=\"text-align: justify;\"><b>Resoluci\u00f3n previa<\/b><\/p>\n<p class=\"v1MsoNormal\" style=\"text-align: justify;\"><b><span style=\"font-size: large;\">TOP de Coyhaique condena a 5 a\u00f1os y un d\u00eda de presidio a autor de tr\u00e1fico de drogas v\u00eda encomienda<\/span><\/b><\/p>\n<p style=\"text-align: justify;\">El Tribunal de Juicio Oral en lo Penal de Coyhaique conden\u00f3 a\u00a0Cristhian\u00a0Andr\u00e9s Sandoval Vidal a la pena de 5 a\u00f1os y un d\u00eda de presidio efectivo,\u00a0en calidad de autor del delito consumado de tr\u00e1fico de drogas. Il\u00edcito perpetrado en diciembre del a\u00f1o pasado, en la comuna de Ays\u00e9n.<\/p>\n<p style=\"text-align: justify;\">En fallo un\u00e1nime (causa rol 102-2024), el tribunal \u2013integrado por los magistrados M\u00f3nica Coloma Pulgar (presidenta), Pablo Freire Gavil\u00e1n, Rosal\u00eda Mansilla Quiroz (redactora)\u2013aplic\u00f3, adem\u00e1s, a\u00a0Sandoval Vidal\u00a0las accesorias legales de inhabilitaci\u00f3n absoluta perpetua para cargos y oficios p\u00fablicos y derechos pol\u00edticos\u00a0y la\u00a0inhabilitaci\u00f3n absoluta para profesiones titulares mientras dure la condena; m\u00e1s el pago de una multa de 12 UTM.<\/p>\n<p style=\"text-align: justify;\">Una vez que el fallo quede ejecutoriado, el tribunal dispuso que se proceda a la toma de muestras biol\u00f3gicas\u00a0del sentenciado para determinar huella gen\u00e9tica\u00a0e incorporaci\u00f3n en el registro nacional de ADN de condenados. Adem\u00e1s, se decret\u00f3 el comiso del tel\u00e9fono celular incautado.<\/p>\n<p style=\"text-align: justify;\"><b>El tribunal dio por acreditado<\/b>, m\u00e1s all\u00e1 de toda duda razonable, que el acusado Sandoval Vidal coordin\u00f3 con un tercero el traslado de droga (marihuana) hasta la regi\u00f3n, con destino final en Puerto Ays\u00e9n, mediante el env\u00edo de encomienda por la empresa Starken. En dicho contexto, el 11 de diciembre de 2023, personal de la PDI junto a un ejemplar canino, concurrieron hasta la bodega de Starken en la ciudad de Coyhaique, donde identificaron la encomienda, la que fue abierta con la autorizaci\u00f3n respectiva, constatando que en su interior hab\u00edan tres bolsas de nylon transparente que conten\u00edan marihuana o\u00a0cannabis sativa, con pesos netos de 397,94 gramos, 508,73 gramos y 53,27 gramos, respectivamente.<\/p>\n<p style=\"text-align: justify;\">Posteriormente, el 14 de diciembre de 2023, Sandoval Vidal concurri\u00f3 hasta la oficina de la empresa Starken de Puerto Ays\u00e9n, ubicada en calle Michimalonco N\u00b0502 y procedi\u00f3 a retirar la encomienda sujeta a entrega controlada. Al salir a la v\u00eda p\u00fablica, fue detenido por los efectivos policiales.<\/p>\n<\/div><\/section><\/div><div  style='height:50px' class='hr hr-invisible   avia-builder-el-6  el_after_av_one_full  el_before_av_social_share '><span class='hr-inner ' ><span class='hr-inner-style'><\/span><\/span><\/div><\/p>\n<div  class='av-social-sharing-box  avia-builder-el-7  el_after_av_hr  el_before_av_hr  '><div class='av-share-box'><h5 class='av-share-link-description av-no-toc '>Compartir esta noticia<\/h5><ul class='av-share-box-list noLightbox'><li class='av-share-link av-social-link-facebook' ><a target=\"_blank\" aria-label=\"Compartir en Facebook\" href='https:\/\/www.facebook.com\/sharer.php?u=https:\/\/radiorevelacionfm.cl\/?p=48621&#038;t=Corte%20de%20apelaciones%20de%20Coyhaique%20confirma%20condena%20por%20tr%C3%A1fico%20de%20drogas%20en%20Ays%C3%A9n' aria-hidden='false' data-av_icon='\ue8f3' data-av_iconfont='entypo-fontello' title='' data-avia-related-tooltip='Compartir en Facebook' rel=\"noopener\"><span class='avia_hidden_link_text'>Compartir en Facebook<\/span><\/a><\/li><li class='av-share-link av-social-link-twitter' ><a target=\"_blank\" aria-label=\"Compartir en Twitter\" href='https:\/\/twitter.com\/share?text=Corte%20de%20apelaciones%20de%20Coyhaique%20confirma%20condena%20por%20tr%C3%A1fico%20de%20drogas%20en%20Ays%C3%A9n&#038;url=https:\/\/radiorevelacionfm.cl\/?p=48621' aria-hidden='false' data-av_icon='\ue8f1' data-av_iconfont='entypo-fontello' title='' data-avia-related-tooltip='Compartir en Twitter' rel=\"noopener\"><span class='avia_hidden_link_text'>Compartir en Twitter<\/span><\/a><\/li><li class='av-share-link av-social-link-whatsapp' ><a target=\"_blank\" aria-label=\"Compartir en Whatsapp\" href='https:\/\/api.whatsapp.com\/send?text=https:\/\/radiorevelacionfm.cl\/?p=48621' aria-hidden='false' data-av_icon='\uf232' data-av_iconfont='entypo-fontello' title='' data-avia-related-tooltip='Compartir en Whatsapp' rel=\"noopener\"><span class='avia_hidden_link_text'>Compartir en Whatsapp<\/span><\/a><\/li><li class='av-share-link av-social-link-linkedin' ><a target=\"_blank\" aria-label=\"Compartir en LinkedIn\" href='https:\/\/linkedin.com\/shareArticle?mini=true&#038;title=Corte%20de%20apelaciones%20de%20Coyhaique%20confirma%20condena%20por%20tr%C3%A1fico%20de%20drogas%20en%20Ays%C3%A9n&#038;url=https:\/\/radiorevelacionfm.cl\/?p=48621' aria-hidden='false' data-av_icon='\ue8fc' data-av_iconfont='entypo-fontello' title='' data-avia-related-tooltip='Compartir en LinkedIn' rel=\"noopener\"><span class='avia_hidden_link_text'>Compartir en LinkedIn<\/span><\/a><\/li><li class='av-share-link av-social-link-mail' ><a  aria-label=\"Compartir por correo\" href='mailto:?subject=Corte%20de%20apelaciones%20de%20Coyhaique%20confirma%20condena%20por%20tr%C3%A1fico%20de%20drogas%20en%20Ays%C3%A9n&#038;body=https:\/\/radiorevelacionfm.cl\/?p=48621' aria-hidden='false' data-av_icon='\ue805' data-av_iconfont='entypo-fontello' title='' data-avia-related-tooltip='Compartir por correo'><span class='avia_hidden_link_text'>Compartir por correo<\/span><\/a><\/li><\/ul><\/div><\/div>\n<div  style='height:50px' class='hr hr-invisible   avia-builder-el-8  el_after_av_social_share  el_before_av_comments_list '><span class='hr-inner ' ><span class='hr-inner-style'><\/span><\/span><\/div>\n<div  class='av-buildercomment  av-blog-meta-html-info-disabled av-blog-meta-tag-disabled  '><\/div>\n","protected":false},"excerpt":{"rendered":"","protected":false},"author":1,"featured_media":44317,"comment_status":"open","ping_status":"open","sticky":false,"template":"","format":"standard","meta":{"footnotes":""},"categories":[55],"tags":[],"class_list":["post-48621","post","type-post","status-publish","format-standard","has-post-thumbnail","hentry","category-justicia"],"jetpack_featured_media_url":"https:\/\/radiorevelacionfm.cl\/wp-content\/uploads\/2024\/07\/Esposado-delito-1-1.jpeg","_links":{"self":[{"href":"https:\/\/radiorevelacionfm.cl\/index.php?rest_route=\/wp\/v2\/posts\/48621","targetHints":{"allow":["GET"]}}],"collection":[{"href":"https:\/\/radiorevelacionfm.cl\/index.php?rest_route=\/wp\/v2\/posts"}],"about":[{"href":"https:\/\/radiorevelacionfm.cl\/index.php?rest_route=\/wp\/v2\/types\/post"}],"author":[{"embeddable":true,"href":"https:\/\/radiorevelacionfm.cl\/index.php?rest_route=\/wp\/v2\/users\/1"}],"replies":[{"embeddable":true,"href":"https:\/\/radiorevelacionfm.cl\/index.php?rest_route=%2Fwp%2Fv2%2Fcomments&post=48621"}],"version-history":[{"count":1,"href":"https:\/\/radiorevelacionfm.cl\/index.php?rest_route=\/wp\/v2\/posts\/48621\/revisions"}],"predecessor-version":[{"id":48622,"href":"https:\/\/radiorevelacionfm.cl\/index.php?rest_route=\/wp\/v2\/posts\/48621\/revisions\/48622"}],"wp:featuredmedia":[{"embeddable":true,"href":"https:\/\/radiorevelacionfm.cl\/index.php?rest_route=\/wp\/v2\/media\/44317"}],"wp:attachment":[{"href":"https:\/\/radiorevelacionfm.cl\/index.php?rest_route=%2Fwp%2Fv2%2Fmedia&parent=48621"}],"wp:term":[{"taxonomy":"category","embeddable":true,"href":"https:\/\/radiorevelacionfm.cl\/index.php?rest_route=%2Fwp%2Fv2%2Fcategories&post=48621"},{"taxonomy":"post_tag","embeddable":true,"href":"https:\/\/radiorevelacionfm.cl\/index.php?rest_route=%2Fwp%2Fv2%2Ftags&post=48621"}],"curies":[{"name":"wp","href":"https:\/\/api.w.org\/{rel}","templated":true}]}}