{"id":48618,"date":"2024-12-06T15:09:23","date_gmt":"2024-12-06T18:09:23","guid":{"rendered":"https:\/\/radiorevelacionfm.cl\/?p=48618"},"modified":"2024-12-06T15:09:23","modified_gmt":"2024-12-06T18:09:23","slug":"guardaparques-de-conaf-aysen-alertan-sobre-danos-al-patrimonio-cultural-en-parque-nacional-cerro-castillo","status":"publish","type":"post","link":"https:\/\/radiorevelacionfm.cl\/?p=48618","title":{"rendered":"Guardaparques de CONAF Ays\u00e9n alertan sobre da\u00f1os al patrimonio cultural en Parque Nacional Cerro Castillo"},"content":{"rendered":"<div class=\"flex_column av_one_full  flex_column_div av-zero-column-padding first  avia-builder-el-0  el_before_av_one_full  avia-builder-el-first  \" style='border-radius:0px; '><div  class='avia-image-container  av-styling-    avia-builder-el-1  avia-builder-el-no-sibling  avia-align-center '  itemprop=\"image\" itemscope=\"itemscope\" itemtype=\"https:\/\/schema.org\/ImageObject\"  ><div class='avia-image-container-inner'><div class='avia-image-overlay-wrap'><img decoding=\"async\" class='wp-image-48619 avia-img-lazy-loading-not-48619 avia_image' src=\"https:\/\/radiorevelacionfm.cl\/wp-content\/uploads\/2024\/12\/piedra-del-conde-1_optimized-1.jpg\" alt='' title='piedra-del-conde-(1)_optimized (1)' height=\"600\" width=\"1067\"  itemprop=\"thumbnailUrl\" srcset=\"https:\/\/radiorevelacionfm.cl\/wp-content\/uploads\/2024\/12\/piedra-del-conde-1_optimized-1.jpg 1067w, https:\/\/radiorevelacionfm.cl\/wp-content\/uploads\/2024\/12\/piedra-del-conde-1_optimized-1-300x169.jpg 300w, https:\/\/radiorevelacionfm.cl\/wp-content\/uploads\/2024\/12\/piedra-del-conde-1_optimized-1-1030x579.jpg 1030w, https:\/\/radiorevelacionfm.cl\/wp-content\/uploads\/2024\/12\/piedra-del-conde-1_optimized-1-768x432.jpg 768w, https:\/\/radiorevelacionfm.cl\/wp-content\/uploads\/2024\/12\/piedra-del-conde-1_optimized-1-705x396.jpg 705w, https:\/\/radiorevelacionfm.cl\/wp-content\/uploads\/2024\/12\/piedra-del-conde-1_optimized-1-450x253.jpg 450w, https:\/\/radiorevelacionfm.cl\/wp-content\/uploads\/2024\/12\/piedra-del-conde-1_optimized-1-600x337.jpg 600w\" sizes=\"(max-width: 1067px) 100vw, 1067px\" \/><\/div><\/div><\/div><\/div><div class=\"flex_column av_one_full  flex_column_div av-zero-column-padding first  avia-builder-el-2  el_after_av_one_full  el_before_av_one_full  column-top-margin\" style='border-radius:0px; '><section class=\"av_textblock_section \"  itemscope=\"itemscope\" itemtype=\"https:\/\/schema.org\/BlogPosting\" itemprop=\"blogPost\" ><div class='avia_textblock  '   itemprop=\"text\" ><p style=\"text-align: center;\"><strong><span style=\"font-size: 18pt;\">Guardaparques de CONAF Ays\u00e9n alertan sobre da\u00f1os al patrimonio cultural en Parque Nacional Cerro Castillo<\/span><\/strong><\/p>\n<div id=\"gtx-trans\" style=\"position: absolute; left: -50px; top: 4.31534px;\">\n<div class=\"gtx-trans-icon\"><\/div>\n<\/div>\n<\/div><\/section><\/div><div class=\"flex_column av_one_full  flex_column_div av-zero-column-padding first  avia-builder-el-4  el_after_av_one_full  el_before_av_hr  column-top-margin\" style='border-radius:0px; '><section class=\"av_textblock_section \"  itemscope=\"itemscope\" itemtype=\"https:\/\/schema.org\/BlogPosting\" itemprop=\"blogPost\" ><div class='avia_textblock  '   itemprop=\"text\" ><p style=\"font-weight: 400; text-align: justify;\"><em>Sistema de anclaje para escalada deportiva fue detectado en la hist\u00f3rica Piedra del Conde, un emblema natural y cultural de la regi\u00f3n.<\/em><\/p>\n<p style=\"font-weight: 400; text-align: justify;\">Guardaparques del Parque Nacional Cerro Castillo, en la Regi\u00f3n de Ays\u00e9n, identificaron el pasado 30 de octubre un sistema de anclaje utilizado para escalada deportiva en la Piedra del Conde, una formaci\u00f3n rocosa de gran relevancia hist\u00f3rica y paisaj\u00edstica ubicada a unos 75-80 kil\u00f3metros de Coyhaique. Durante una inspecci\u00f3n visual con binoculares, se observ\u00f3 un cordino (cuerda) amarillo y dos chapas de anclaje instaladas en la parte alta de la roca.<\/p>\n<p style=\"font-weight: 400; text-align: justify;\">La Piedra del Conde es conocida por su caracter\u00edstico perfil que recuerda a un rostro humano. Este hito natural fue utilizado como punto de referencia por los primeros colonos de la regi\u00f3n durante el siglo XX, en una \u00e9poca en que el \u00e1rea era accesible solo a caballo o en carretas tiradas por bueyes. Su valor no solo radica en su belleza paisaj\u00edstica, sino tambi\u00e9n en su importancia patrimonial como testimonio del desarrollo y la historia de Ays\u00e9n.<\/p>\n<p style=\"font-weight: 400; text-align: justify;\">Desde CONAF enfatizan que la instalaci\u00f3n de anclajes en \u00e1reas protegidas vulnera tanto la integridad natural como el significado hist\u00f3rico de lugares como la Piedra del Conde. \u00abEste tipo de intervenciones representa una amenaza directa al patrimonio que buscamos conservar. Nos hemos coordinado con actores estrat\u00e9gicos (Escuela NOLS, agrupaciones de gu\u00edas\u00a0(AGMA), clubes de monta\u00f1a y comunidades) para abordar estas malas pr\u00e1cticas y evitar que se repitan\u00bb, declar\u00f3 Mario Alex Alegr\u00eda Cea,\u00a0 administrador del Parque Nacional Cerro Castillo.<\/p>\n<p style=\"font-weight: 400; text-align: justify;\">Esta no es la primera vez que se detecta un incidente de esta naturaleza en el parque. En 2022, se identific\u00f3 un sistema de anclaje similar en el sector Los Mallines, una zona de alta relevancia ecol\u00f3gica al ser un h\u00e1bitat clave para el huemul, especie en peligro de extinci\u00f3n. En ese lugar, se han registrado 12 ejemplares, incluyendo cr\u00edas, lo que subraya su importancia para los esfuerzos de conservaci\u00f3n.<\/p>\n<p style=\"font-weight: 400; text-align: justify;\">Cabe destacar que los planes de manejo del parque proh\u00edben expresamente la instalaci\u00f3n de elementos que alteren las condiciones naturales de las \u00e1reas destinadas a la conservaci\u00f3n. El equipo de guardaparques ya ha comenzado las gestiones para retirar los anclajes detectados.<\/p>\n<p style=\"font-weight: 400; text-align: justify;\">CONAF reafirma su compromiso con la protecci\u00f3n del patrimonio natural y cultural del Parque Nacional Cerro Castillo e insta a la comunidad y a los visitantes a respetar las normativas vigentes, contribuyendo as\u00ed a la preservaci\u00f3n de este valioso entorno.<\/p>\n<\/div><\/section><\/div><div  style='height:50px' class='hr hr-invisible   avia-builder-el-6  el_after_av_one_full  el_before_av_social_share '><span class='hr-inner ' ><span class='hr-inner-style'><\/span><\/span><\/div><\/p>\n<div  class='av-social-sharing-box  avia-builder-el-7  el_after_av_hr  el_before_av_hr  '><div class='av-share-box'><h5 class='av-share-link-description av-no-toc '>Compartir esta noticia<\/h5><ul class='av-share-box-list noLightbox'><li class='av-share-link av-social-link-facebook' ><a target=\"_blank\" aria-label=\"Compartir en Facebook\" href='https:\/\/www.facebook.com\/sharer.php?u=https:\/\/radiorevelacionfm.cl\/?p=48618&#038;t=Guardaparques%20de%20CONAF%20Ays%C3%A9n%20alertan%20sobre%20da%C3%B1os%20al%20patrimonio%20cultural%20en%20Parque%20Nacional%20Cerro%20Castillo' aria-hidden='false' data-av_icon='\ue8f3' data-av_iconfont='entypo-fontello' title='' data-avia-related-tooltip='Compartir en Facebook' rel=\"noopener\"><span class='avia_hidden_link_text'>Compartir en Facebook<\/span><\/a><\/li><li class='av-share-link av-social-link-twitter' ><a target=\"_blank\" aria-label=\"Compartir en Twitter\" href='https:\/\/twitter.com\/share?text=Guardaparques%20de%20CONAF%20Ays%C3%A9n%20alertan%20sobre%20da%C3%B1os%20al%20patrimonio%20cultural%20en%20Parque%20Nacional%20Cerro%20Castillo&#038;url=https:\/\/radiorevelacionfm.cl\/?p=48618' aria-hidden='false' data-av_icon='\ue8f1' data-av_iconfont='entypo-fontello' title='' data-avia-related-tooltip='Compartir en Twitter' rel=\"noopener\"><span class='avia_hidden_link_text'>Compartir en Twitter<\/span><\/a><\/li><li class='av-share-link av-social-link-whatsapp' ><a target=\"_blank\" aria-label=\"Compartir en Whatsapp\" href='https:\/\/api.whatsapp.com\/send?text=https:\/\/radiorevelacionfm.cl\/?p=48618' aria-hidden='false' data-av_icon='\uf232' data-av_iconfont='entypo-fontello' title='' data-avia-related-tooltip='Compartir en Whatsapp' rel=\"noopener\"><span class='avia_hidden_link_text'>Compartir en Whatsapp<\/span><\/a><\/li><li class='av-share-link av-social-link-linkedin' ><a target=\"_blank\" aria-label=\"Compartir en LinkedIn\" href='https:\/\/linkedin.com\/shareArticle?mini=true&#038;title=Guardaparques%20de%20CONAF%20Ays%C3%A9n%20alertan%20sobre%20da%C3%B1os%20al%20patrimonio%20cultural%20en%20Parque%20Nacional%20Cerro%20Castillo&#038;url=https:\/\/radiorevelacionfm.cl\/?p=48618' aria-hidden='false' data-av_icon='\ue8fc' data-av_iconfont='entypo-fontello' title='' data-avia-related-tooltip='Compartir en LinkedIn' rel=\"noopener\"><span class='avia_hidden_link_text'>Compartir en LinkedIn<\/span><\/a><\/li><li class='av-share-link av-social-link-mail' ><a  aria-label=\"Compartir por correo\" href='mailto:?subject=Guardaparques%20de%20CONAF%20Ays%C3%A9n%20alertan%20sobre%20da%C3%B1os%20al%20patrimonio%20cultural%20en%20Parque%20Nacional%20Cerro%20Castillo&#038;body=https:\/\/radiorevelacionfm.cl\/?p=48618' aria-hidden='false' data-av_icon='\ue805' data-av_iconfont='entypo-fontello' title='' data-avia-related-tooltip='Compartir por correo'><span class='avia_hidden_link_text'>Compartir por correo<\/span><\/a><\/li><\/ul><\/div><\/div>\n<div  style='height:50px' class='hr hr-invisible   avia-builder-el-8  el_after_av_social_share  el_before_av_comments_list '><span class='hr-inner ' ><span class='hr-inner-style'><\/span><\/span><\/div>\n<div  class='av-buildercomment  av-blog-meta-html-info-disabled av-blog-meta-tag-disabled  '><\/div>\n","protected":false},"excerpt":{"rendered":"","protected":false},"author":1,"featured_media":48619,"comment_status":"open","ping_status":"open","sticky":false,"template":"","format":"standard","meta":{"footnotes":""},"categories":[38],"tags":[],"class_list":["post-48618","post","type-post","status-publish","format-standard","has-post-thumbnail","hentry","category-regional"],"jetpack_featured_media_url":"https:\/\/radiorevelacionfm.cl\/wp-content\/uploads\/2024\/12\/piedra-del-conde-1_optimized-1.jpg","_links":{"self":[{"href":"https:\/\/radiorevelacionfm.cl\/index.php?rest_route=\/wp\/v2\/posts\/48618","targetHints":{"allow":["GET"]}}],"collection":[{"href":"https:\/\/radiorevelacionfm.cl\/index.php?rest_route=\/wp\/v2\/posts"}],"about":[{"href":"https:\/\/radiorevelacionfm.cl\/index.php?rest_route=\/wp\/v2\/types\/post"}],"author":[{"embeddable":true,"href":"https:\/\/radiorevelacionfm.cl\/index.php?rest_route=\/wp\/v2\/users\/1"}],"replies":[{"embeddable":true,"href":"https:\/\/radiorevelacionfm.cl\/index.php?rest_route=%2Fwp%2Fv2%2Fcomments&post=48618"}],"version-history":[{"count":1,"href":"https:\/\/radiorevelacionfm.cl\/index.php?rest_route=\/wp\/v2\/posts\/48618\/revisions"}],"predecessor-version":[{"id":48620,"href":"https:\/\/radiorevelacionfm.cl\/index.php?rest_route=\/wp\/v2\/posts\/48618\/revisions\/48620"}],"wp:featuredmedia":[{"embeddable":true,"href":"https:\/\/radiorevelacionfm.cl\/index.php?rest_route=\/wp\/v2\/media\/48619"}],"wp:attachment":[{"href":"https:\/\/radiorevelacionfm.cl\/index.php?rest_route=%2Fwp%2Fv2%2Fmedia&parent=48618"}],"wp:term":[{"taxonomy":"category","embeddable":true,"href":"https:\/\/radiorevelacionfm.cl\/index.php?rest_route=%2Fwp%2Fv2%2Fcategories&post=48618"},{"taxonomy":"post_tag","embeddable":true,"href":"https:\/\/radiorevelacionfm.cl\/index.php?rest_route=%2Fwp%2Fv2%2Ftags&post=48618"}],"curies":[{"name":"wp","href":"https:\/\/api.w.org\/{rel}","templated":true}]}}