{"id":48615,"date":"2024-12-06T11:01:39","date_gmt":"2024-12-06T14:01:39","guid":{"rendered":"https:\/\/radiorevelacionfm.cl\/?p=48615"},"modified":"2024-12-06T11:01:39","modified_gmt":"2024-12-06T14:01:39","slug":"aysen-recircular-gana-en-la-categoria-emergente-el-premio-territorio-circular-2024","status":"publish","type":"post","link":"https:\/\/radiorevelacionfm.cl\/?p=48615","title":{"rendered":"Ays\u00e9n Recircular gana en la categor\u00eda emergente el Premio Territorio Circular 2024"},"content":{"rendered":"<div class=\"flex_column av_one_full  flex_column_div av-zero-column-padding first  avia-builder-el-0  el_before_av_one_full  avia-builder-el-first  \" style='border-radius:0px; '><div  class='avia-image-container  av-styling-    avia-builder-el-1  avia-builder-el-no-sibling  avia-align-center '  itemprop=\"image\" itemscope=\"itemscope\" itemtype=\"https:\/\/schema.org\/ImageObject\"  ><div class='avia-image-container-inner'><div class='avia-image-overlay-wrap'><img decoding=\"async\" class='wp-image-48616 avia-img-lazy-loading-not-48616 avia_image' src=\"https:\/\/radiorevelacionfm.cl\/wp-content\/uploads\/2024\/12\/fernandosotoaguilar_aysenrecircular-1_optimized.jpg\" alt='' title='fernandosotoaguilar_aysenrecircular-(1)_optimized' height=\"600\" width=\"844\"  itemprop=\"thumbnailUrl\" srcset=\"https:\/\/radiorevelacionfm.cl\/wp-content\/uploads\/2024\/12\/fernandosotoaguilar_aysenrecircular-1_optimized.jpg 844w, https:\/\/radiorevelacionfm.cl\/wp-content\/uploads\/2024\/12\/fernandosotoaguilar_aysenrecircular-1_optimized-300x213.jpg 300w, https:\/\/radiorevelacionfm.cl\/wp-content\/uploads\/2024\/12\/fernandosotoaguilar_aysenrecircular-1_optimized-768x546.jpg 768w, https:\/\/radiorevelacionfm.cl\/wp-content\/uploads\/2024\/12\/fernandosotoaguilar_aysenrecircular-1_optimized-260x185.jpg 260w, https:\/\/radiorevelacionfm.cl\/wp-content\/uploads\/2024\/12\/fernandosotoaguilar_aysenrecircular-1_optimized-705x501.jpg 705w, https:\/\/radiorevelacionfm.cl\/wp-content\/uploads\/2024\/12\/fernandosotoaguilar_aysenrecircular-1_optimized-450x320.jpg 450w, https:\/\/radiorevelacionfm.cl\/wp-content\/uploads\/2024\/12\/fernandosotoaguilar_aysenrecircular-1_optimized-600x427.jpg 600w\" sizes=\"(max-width: 844px) 100vw, 844px\" \/><\/div><\/div><\/div><\/div><div class=\"flex_column av_one_full  flex_column_div av-zero-column-padding first  avia-builder-el-2  el_after_av_one_full  el_before_av_one_full  column-top-margin\" style='border-radius:0px; '><section class=\"av_textblock_section \"  itemscope=\"itemscope\" itemtype=\"https:\/\/schema.org\/BlogPosting\" itemprop=\"blogPost\" ><div class='avia_textblock  '   itemprop=\"text\" ><p style=\"text-align: center;\"><strong><span style=\"font-size: 18pt;\">Ays\u00e9n Recircular gana en la categor\u00eda emergente el Premio Territorio Circular 2024<\/span><\/strong><\/p>\n<div id=\"gtx-trans\" style=\"position: absolute; left: -50px; top: 4.31534px;\">\n<div class=\"gtx-trans-icon\"><\/div>\n<\/div>\n<\/div><\/section><\/div><div class=\"flex_column av_one_full  flex_column_div av-zero-column-padding first  avia-builder-el-4  el_after_av_one_full  el_before_av_hr  column-top-margin\" style='border-radius:0px; '><section class=\"av_textblock_section \"  itemscope=\"itemscope\" itemtype=\"https:\/\/schema.org\/BlogPosting\" itemprop=\"blogPost\" ><div class='avia_textblock  '   itemprop=\"text\" ><p style=\"font-weight: 400; text-align: justify;\"><em>M\u00e1s de 90 empresas participaron en la segunda edici\u00f3n del premio Territorio Circular, que destaca las mejores iniciativas de econom\u00eda circular en peque\u00f1as, medianas y grandes empresas de todo Chile.<\/em><\/p>\n<p style=\"font-weight: 400; text-align: justify;\">En una ceremonia realizada en el Mercado Urbano Tobalaba (MUT), con la asistencia de cerca de 200 personas, se anunciaron los seis ganadores del Premio Territorio Circular 2024. Las empresas reconocidas por sus soluciones innovadoras en econom\u00eda circular fueron Ays\u00e9n Recircular, Planta de Tratamientos de Riles RILSA SpA, Constructora Salfa, Thorhauss Ltda, FreeMet y Pronto Copec.<\/p>\n<p style=\"font-weight: 400; text-align: justify;\">Este premio, liderado por el Programa Territorio Circular \u2013una iniciativa de Corfo y el Ministerio del Medio Ambiente, ejecutada por SOFOFA Hub\u2013, destaca a empresas que han implementado proyectos que optimizan el uso de recursos y generan un impacto positivo en sus territorios, promoviendo el modelo de econom\u00eda circular.<\/p>\n<p style=\"font-weight: 400; text-align: justify;\">Fernando Soto-Aguilar, CEO de Ays\u00e9n Recircular, expres\u00f3 su entusiasmo tras recibir el reconocimiento. \u00abEs emocionante porque, de alguna manera, reconoce el trabajo que venimos haciendo hace dos a\u00f1os con esto\u00bb. Destac\u00f3 que este logro es el reflejo del esfuerzo de su equipo de 10 personas, quienes han trabajado incansablemente para impulsar el proyecto, sumado a las empresas\u00a0Aquachile, Mowi, Cooke y Cermaq quienes nos han apoyado desde el inicio en este desaf\u00edo. Soto-Aguilar resalt\u00f3 que estos premios validan el camino recorrido, fortaleciendo la confianza en el impacto de sus iniciativas, como los paneles fabricados con EPS reciclados, que buscan posicionar en viviendas p\u00fablicas con el apoyo del Serviu de Ays\u00e9n. \u00abLlegar a las instancias finales te da un empuj\u00f3n\u00bb, destac\u00f3.<\/p>\n<p style=\"font-weight: 400; text-align: justify;\">El premio Territorio Circular impulsa la innovaci\u00f3n en econom\u00eda circular al \u00abdestacar soluciones sostenibles con impacto local y nacional\u00bb, afirm\u00f3 Humberto Mar\u00edn Leiva, director de Corfo Ays\u00e9n. Este reconocimiento fomenta pr\u00e1cticas circulares y el uso de tecnolog\u00edas sostenibles. Un caso ejemplar es Ays\u00e9n Recircular, que reutiliza EPS reciclado para fabricar paneles destinados a viviendas sociales, demostrando que \u00abcon innovaci\u00f3n y compromiso se puede generar impacto positivo en las comunidades\u00bb. Esta iniciativa refleja c\u00f3mo el trabajo colaborativo y una visi\u00f3n sostenible transforman desaf\u00edos en oportunidades, promoviendo un desarrollo m\u00e1s equitativo y responsable en la Regi\u00f3n de Ays\u00e9n.<\/p>\n<p style=\"font-weight: 400; text-align: justify;\">En tanto, Felipe Rojas Pizarro, Seremi de Econom\u00eda, destac\u00f3 la prioridad estrat\u00e9gica de esta iniciativa. \u00abDesde el Gobierno al Presidente Gabriel Boric, y en especial desde la Seremi de Econom\u00eda, queremos impulsar y apoyar a empresas que trabajen por mejorar su competitividad a trav\u00e9s de modelos de econom\u00eda circular\u00bb, se\u00f1al\u00f3, subrayando el compromiso con fomentar pr\u00e1cticas empresariales sostenibles, especialmente en sectores clave como la acuicultura, donde la implementaci\u00f3n de modelos de circularidad no solo promueve la reducci\u00f3n de residuos, sino que tambi\u00e9n contribuye a la eficiencia productiva y la conservaci\u00f3n del entorno natural. Estos esfuerzos buscan ejemplificar c\u00f3mo la econom\u00eda circular puede ser una herramienta clave para acelerar la transici\u00f3n hacia un modelo m\u00e1s sostenible y resiliente en la regi\u00f3n, destac\u00f3.<\/p>\n<p style=\"font-weight: 400; text-align: justify;\">Javier Obach, gerente de Territorio Circular, expres\u00f3 su satisfacci\u00f3n por el nivel alcanzado en esta edici\u00f3n del premio. \u201cEstamos muy contentos porque, al igual que el a\u00f1o pasado, la participaci\u00f3n fue de alto nivel\u00bb. Resalt\u00f3 que las soluciones postuladas buscan generar un impacto positivo en sus territorios, promoviendo la colaboraci\u00f3n entre empresas y fomentando la simbiosis industrial, esencial para el \u00e9xito de la econom\u00eda circular. Obach destac\u00f3 que las empresas finalistas y ganadoras abordan problemas espec\u00edficos de sus zonas o industrias, beneficiando a sus comunidades y avanzando en la Hoja de Ruta para un Chile Circular al 2040.<\/p>\n<p style=\"font-weight: 400; text-align: justify;\"><strong>TERRITORIO CIRCULAR 2024\u00a0<\/strong><\/p>\n<p style=\"font-weight: 400; text-align: justify;\">M\u00e1s de 90 peque\u00f1as, medianas y grandes empresas postularon a la segunda versi\u00f3n del premio Territorio Circular 2024. El proceso comenz\u00f3 el 26 de julio, y luego de varias etapas de selecci\u00f3n, 18 empresas (AquaChile, Constructora Salfa, Corrupac, Pacific Chem, Pa\u00f1iwe, Planta de tratamiento de Riles RILSA SpA, Buena Cabra, Simbionte SpA, Nestl\u00e9, Pronto Copec, Virutex Ilko, Arrigoni Ambiental NFU, Freemet, Mercado Circular, Alik\u00fcm, Aquaplants y Thorhauss) lograron pasar a la final.<\/p>\n<p style=\"font-weight: 400; text-align: justify;\">En la categor\u00eda Soluci\u00f3n Circular Emergente, que destaca a empresas con soluciones de econom\u00eda circular implementadas en los \u00faltimos 24 meses, los ganadores fueron: Ays\u00e9n Recircular, en la categor\u00eda peque\u00f1a empresa, por la fabricaci\u00f3n de paneles SIP utilizando EPS reciclados; Planta de tratamiento de Riles RILSA SpA, en mediana empresa, con su iniciativa RilsaGrow, una soluci\u00f3n org\u00e1nica para fertilizantes naturales; y Constructora Salfa, en gran empresa, por su innovador uso de hormig\u00f3n y pl\u00e1stico reciclado en la fabricaci\u00f3n de panderetas prefabricadas.<\/p>\n<p style=\"font-weight: 400; text-align: justify;\">Por otro lado, en la categor\u00eda Soluci\u00f3n Circular Consolidada, que premia a empresas con m\u00e1s de 24 meses implementando soluciones circulares, los galardonados fueron: Thorhauss Ltda, en la categor\u00eda peque\u00f1a empresa, por su innovadora soluci\u00f3n de calefacci\u00f3n sostenible, Ecoturbo; FreeMet, en mediana empresa, por sus envases sustentables fabricados con boyas recicladas de la Patagonia; y Pronto Copec, en gran empresa, por su destacada iniciativa de circularidad de residuos org\u00e1nicos alimenticios.<\/p>\n<p style=\"font-weight: 400; text-align: justify;\">La edici\u00f3n 2024 del premio cont\u00f3 con la colaboraci\u00f3n de la Fundaci\u00f3n Ellen MacArthur, que promueve los principios de circularidad a nivel global, as\u00ed como con el apoyo de INACAP, que dise\u00f1\u00f3 y fabric\u00f3 el galard\u00f3n utilizando pl\u00e1stico reciclado. Adem\u00e1s, el evento fue posible gracias al auspicio de empresas comprometidas con la econom\u00eda circular como Coca-Cola Chile, Territoria \u2013 MUT, KPMG, AB Chile, Giro, y Vi\u00f1a Emiliana.<\/p>\n<\/div><\/section><\/div><div  style='height:50px' class='hr hr-invisible   avia-builder-el-6  el_after_av_one_full  el_before_av_social_share '><span class='hr-inner ' ><span class='hr-inner-style'><\/span><\/span><\/div><\/p>\n<div  class='av-social-sharing-box  avia-builder-el-7  el_after_av_hr  el_before_av_hr  '><div class='av-share-box'><h5 class='av-share-link-description av-no-toc '>Compartir esta noticia<\/h5><ul class='av-share-box-list noLightbox'><li class='av-share-link av-social-link-facebook' ><a target=\"_blank\" aria-label=\"Compartir en Facebook\" href='https:\/\/www.facebook.com\/sharer.php?u=https:\/\/radiorevelacionfm.cl\/?p=48615&#038;t=Ays%C3%A9n%20Recircular%20gana%20en%20la%20categor%C3%ADa%20emergente%20el%20Premio%20Territorio%20Circular%202024' aria-hidden='false' data-av_icon='\ue8f3' data-av_iconfont='entypo-fontello' title='' data-avia-related-tooltip='Compartir en Facebook' rel=\"noopener\"><span class='avia_hidden_link_text'>Compartir en Facebook<\/span><\/a><\/li><li class='av-share-link av-social-link-twitter' ><a target=\"_blank\" aria-label=\"Compartir en Twitter\" href='https:\/\/twitter.com\/share?text=Ays%C3%A9n%20Recircular%20gana%20en%20la%20categor%C3%ADa%20emergente%20el%20Premio%20Territorio%20Circular%202024&#038;url=https:\/\/radiorevelacionfm.cl\/?p=48615' aria-hidden='false' data-av_icon='\ue8f1' data-av_iconfont='entypo-fontello' title='' data-avia-related-tooltip='Compartir en Twitter' rel=\"noopener\"><span class='avia_hidden_link_text'>Compartir en Twitter<\/span><\/a><\/li><li class='av-share-link av-social-link-whatsapp' ><a target=\"_blank\" aria-label=\"Compartir en Whatsapp\" href='https:\/\/api.whatsapp.com\/send?text=https:\/\/radiorevelacionfm.cl\/?p=48615' aria-hidden='false' data-av_icon='\uf232' data-av_iconfont='entypo-fontello' title='' data-avia-related-tooltip='Compartir en Whatsapp' rel=\"noopener\"><span class='avia_hidden_link_text'>Compartir en Whatsapp<\/span><\/a><\/li><li class='av-share-link av-social-link-linkedin' ><a target=\"_blank\" aria-label=\"Compartir en LinkedIn\" href='https:\/\/linkedin.com\/shareArticle?mini=true&#038;title=Ays%C3%A9n%20Recircular%20gana%20en%20la%20categor%C3%ADa%20emergente%20el%20Premio%20Territorio%20Circular%202024&#038;url=https:\/\/radiorevelacionfm.cl\/?p=48615' aria-hidden='false' data-av_icon='\ue8fc' data-av_iconfont='entypo-fontello' title='' data-avia-related-tooltip='Compartir en LinkedIn' rel=\"noopener\"><span class='avia_hidden_link_text'>Compartir en LinkedIn<\/span><\/a><\/li><li class='av-share-link av-social-link-mail' ><a  aria-label=\"Compartir por correo\" href='mailto:?subject=Ays%C3%A9n%20Recircular%20gana%20en%20la%20categor%C3%ADa%20emergente%20el%20Premio%20Territorio%20Circular%202024&#038;body=https:\/\/radiorevelacionfm.cl\/?p=48615' aria-hidden='false' data-av_icon='\ue805' data-av_iconfont='entypo-fontello' title='' data-avia-related-tooltip='Compartir por correo'><span class='avia_hidden_link_text'>Compartir por correo<\/span><\/a><\/li><\/ul><\/div><\/div>\n<div  style='height:50px' class='hr hr-invisible   avia-builder-el-8  el_after_av_social_share  el_before_av_comments_list '><span class='hr-inner ' ><span class='hr-inner-style'><\/span><\/span><\/div>\n<div  class='av-buildercomment  av-blog-meta-html-info-disabled av-blog-meta-tag-disabled  '><\/div>\n","protected":false},"excerpt":{"rendered":"","protected":false},"author":1,"featured_media":48616,"comment_status":"open","ping_status":"open","sticky":false,"template":"","format":"standard","meta":{"footnotes":""},"categories":[38],"tags":[],"class_list":["post-48615","post","type-post","status-publish","format-standard","has-post-thumbnail","hentry","category-regional"],"jetpack_featured_media_url":"https:\/\/radiorevelacionfm.cl\/wp-content\/uploads\/2024\/12\/fernandosotoaguilar_aysenrecircular-1_optimized.jpg","_links":{"self":[{"href":"https:\/\/radiorevelacionfm.cl\/index.php?rest_route=\/wp\/v2\/posts\/48615","targetHints":{"allow":["GET"]}}],"collection":[{"href":"https:\/\/radiorevelacionfm.cl\/index.php?rest_route=\/wp\/v2\/posts"}],"about":[{"href":"https:\/\/radiorevelacionfm.cl\/index.php?rest_route=\/wp\/v2\/types\/post"}],"author":[{"embeddable":true,"href":"https:\/\/radiorevelacionfm.cl\/index.php?rest_route=\/wp\/v2\/users\/1"}],"replies":[{"embeddable":true,"href":"https:\/\/radiorevelacionfm.cl\/index.php?rest_route=%2Fwp%2Fv2%2Fcomments&post=48615"}],"version-history":[{"count":1,"href":"https:\/\/radiorevelacionfm.cl\/index.php?rest_route=\/wp\/v2\/posts\/48615\/revisions"}],"predecessor-version":[{"id":48617,"href":"https:\/\/radiorevelacionfm.cl\/index.php?rest_route=\/wp\/v2\/posts\/48615\/revisions\/48617"}],"wp:featuredmedia":[{"embeddable":true,"href":"https:\/\/radiorevelacionfm.cl\/index.php?rest_route=\/wp\/v2\/media\/48616"}],"wp:attachment":[{"href":"https:\/\/radiorevelacionfm.cl\/index.php?rest_route=%2Fwp%2Fv2%2Fmedia&parent=48615"}],"wp:term":[{"taxonomy":"category","embeddable":true,"href":"https:\/\/radiorevelacionfm.cl\/index.php?rest_route=%2Fwp%2Fv2%2Fcategories&post=48615"},{"taxonomy":"post_tag","embeddable":true,"href":"https:\/\/radiorevelacionfm.cl\/index.php?rest_route=%2Fwp%2Fv2%2Ftags&post=48615"}],"curies":[{"name":"wp","href":"https:\/\/api.w.org\/{rel}","templated":true}]}}