{"id":48601,"date":"2024-12-06T10:04:11","date_gmt":"2024-12-06T13:04:11","guid":{"rendered":"https:\/\/radiorevelacionfm.cl\/?p=48601"},"modified":"2024-12-06T10:04:11","modified_gmt":"2024-12-06T13:04:11","slug":"autoridades-de-energia-fiscalizan-luces-navidenas-en-locales-comerciales","status":"publish","type":"post","link":"https:\/\/radiorevelacionfm.cl\/?p=48601","title":{"rendered":"Autoridades de Energ\u00eda fiscalizan luces Navide\u00f1as en locales comerciales"},"content":{"rendered":"<div class=\"flex_column av_one_full  flex_column_div av-zero-column-padding first  avia-builder-el-0  el_before_av_one_full  avia-builder-el-first  \" style='border-radius:0px; '><div  class='avia-image-container  av-styling-    avia-builder-el-1  avia-builder-el-no-sibling  avia-align-center '  itemprop=\"image\" itemscope=\"itemscope\" itemtype=\"https:\/\/schema.org\/ImageObject\"  ><div class='avia-image-container-inner'><div class='avia-image-overlay-wrap'><img decoding=\"async\" class='wp-image-48602 avia-img-lazy-loading-not-48602 avia_image' src=\"https:\/\/radiorevelacionfm.cl\/wp-content\/uploads\/2024\/12\/foto-3-32-1_optimized-1.jpeg\" alt='' title='foto-3-(32)-(1)_optimized (1)' height=\"600\" width=\"800\"  itemprop=\"thumbnailUrl\" srcset=\"https:\/\/radiorevelacionfm.cl\/wp-content\/uploads\/2024\/12\/foto-3-32-1_optimized-1.jpeg 800w, https:\/\/radiorevelacionfm.cl\/wp-content\/uploads\/2024\/12\/foto-3-32-1_optimized-1-300x225.jpeg 300w, https:\/\/radiorevelacionfm.cl\/wp-content\/uploads\/2024\/12\/foto-3-32-1_optimized-1-768x576.jpeg 768w, https:\/\/radiorevelacionfm.cl\/wp-content\/uploads\/2024\/12\/foto-3-32-1_optimized-1-705x529.jpeg 705w, https:\/\/radiorevelacionfm.cl\/wp-content\/uploads\/2024\/12\/foto-3-32-1_optimized-1-450x338.jpeg 450w, https:\/\/radiorevelacionfm.cl\/wp-content\/uploads\/2024\/12\/foto-3-32-1_optimized-1-600x450.jpeg 600w\" sizes=\"(max-width: 800px) 100vw, 800px\" \/><\/div><\/div><\/div><\/div><div class=\"flex_column av_one_full  flex_column_div av-zero-column-padding first  avia-builder-el-2  el_after_av_one_full  el_before_av_one_full  column-top-margin\" style='border-radius:0px; '><section class=\"av_textblock_section \"  itemscope=\"itemscope\" itemtype=\"https:\/\/schema.org\/BlogPosting\" itemprop=\"blogPost\" ><div class='avia_textblock  '   itemprop=\"text\" ><p style=\"text-align: center;\"><strong><span style=\"font-size: 18pt;\">Autoridades de Energ\u00eda fiscalizan luces Navide\u00f1as en locales comerciales<\/span><\/strong><\/p>\n<div id=\"gtx-trans\" style=\"position: absolute; left: -50px; top: 4.31534px;\">\n<div class=\"gtx-trans-icon\"><\/div>\n<\/div>\n<\/div><\/section><\/div><div class=\"flex_column av_one_full  flex_column_div av-zero-column-padding first  avia-builder-el-4  el_after_av_one_full  el_before_av_hr  column-top-margin\" style='border-radius:0px; '><section class=\"av_textblock_section \"  itemscope=\"itemscope\" itemtype=\"https:\/\/schema.org\/BlogPosting\" itemprop=\"blogPost\" ><div class='avia_textblock  '   itemprop=\"text\" ><p style=\"text-align: justify;\"><em>El Seremi de Energ\u00eda de Ays\u00e9n, Tom\u00e1s Laibe, y el Director Regional de la SEC, Hugo Ardiles hicieron un llamado a la comunidad a revisar que los productos el\u00e9ctricos cuenten con el debido Sello SEC, para de esta manera garantizar el cumplimiento de est\u00e1ndares de seguridad exigidos por la normativa vigente.<\/em><\/p>\n<p style=\"text-align: justify;\">En el marco de las celebraciones de fin de a\u00f1o el Seremi de Energ\u00eda de Ays\u00e9n Tom\u00e1s Laibe, junto al Director Regional de la Superintendencia de Electricidad y Combustibles (SEC), Hugo Ardiles, encabezaron una jornada de fiscalizaci\u00f3n para verificar que las luces y guirnaldas de navidad disponibles en el comercio cumplan con los est\u00e1ndares de seguridad exigidos por la norma.<\/p>\n<p style=\"text-align: justify;\">Durante la actividad, realizada en la tienda S\u00faper Mall ubicada en el sector alto de la ciudad de Coyhaique, las autoridades revisaron la presencia del Sello de Certificaci\u00f3n SEC en los productos, el cual garantiza que estos han pasado por un proceso de evaluaci\u00f3n que asegura su calidad y seguridad.<\/p>\n<p style=\"text-align: justify;\">Al respecto el Seremi Laibe se\u00f1al\u00f3 que \u201chemos venido a un local de Coyhaique junto a la Superintendencia de Electricidad y Combustibles a fiscalizar las guirnaldas de navidad y todos los productos que requieren certificaci\u00f3n de la SEC, esto para garantizar el bienestar de los hogares y que por supuesto tengan siempre cada uno de los productos de la calidad que se requieren y evitemos cualquier riesgo o accidentes en el hogar. El llamado entonces es a buscar siempre los productos que tienen esta certificaci\u00f3n\u201d.<\/p>\n<p style=\"text-align: justify;\">Por su parte, el Director Regional SEC destac\u00f3 que \u201cesta actividad forma parte del cumplimiento de nuestra misi\u00f3n que tiene que ver con la seguridad de las personas en el uso de los artefactos el\u00e9ctricos. Espec\u00edficamente en esta \u00e9poca nuestra preocupaci\u00f3n es que las guirnaldas navide\u00f1as, las luces que se utilizan en los \u00e1rboles de pascua tengan el sello SEC, ya que al tener este sello SEC, hay garant\u00eda que los productos pasaron por un protocolo de seguridad\u201d.<\/p>\n<p style=\"text-align: justify;\">Ardiles explic\u00f3 que se debe tener especial cuidado con la decoraci\u00f3n exterior de las viviendas, en especial cuando se trata de decoraciones que deben estar conectadas a la red el\u00e9ctrica. Para este tipo de luces o art\u00edculos que funcionan con electricidad, se debe verificar que tengan en su envase la informaci\u00f3n \u201cpara uso exterior\u201d.<\/p>\n<p style=\"text-align: justify;\">De este modo, las autoridades hicieron un llamado a adquirir luces navide\u00f1as certificadas, que cuenten con el respectivo c\u00f3digo QR del sello SEC y a hacer sus compras en locales establecidos, donde se exija la boleta y se pueda efectuar un reclamo si el producto falla o no est\u00e1 certificado. Adem\u00e1s, invitaron a los comerciantes locales a cumplir con la normativa, para evitar sanciones, que oscilan entre 50 y 60 UTM y que se triplican en caso de reincidencia.<\/p>\n<p style=\"text-align: justify;\">Finalmente, ante cualquier situaci\u00f3n de potencial riesgo al utilizar los energ\u00e9ticos, el llamado es a reportarlo a trav\u00e9s de la p\u00e1gina web www.sec.cl, sitio web al que se puede acceder tambi\u00e9n desde celulares.<\/p>\n<\/div><\/section><\/div><div  style='height:50px' class='hr hr-invisible   avia-builder-el-6  el_after_av_one_full  el_before_av_social_share '><span class='hr-inner ' ><span class='hr-inner-style'><\/span><\/span><\/div><\/p>\n<div  class='av-social-sharing-box  avia-builder-el-7  el_after_av_hr  el_before_av_hr  '><div class='av-share-box'><h5 class='av-share-link-description av-no-toc '>Compartir esta noticia<\/h5><ul class='av-share-box-list noLightbox'><li class='av-share-link av-social-link-facebook' ><a target=\"_blank\" aria-label=\"Compartir en Facebook\" href='https:\/\/www.facebook.com\/sharer.php?u=https:\/\/radiorevelacionfm.cl\/?p=48601&#038;t=Autoridades%20de%20Energ%C3%ADa%20fiscalizan%20luces%20Navide%C3%B1as%20en%20locales%20comerciales' aria-hidden='false' data-av_icon='\ue8f3' data-av_iconfont='entypo-fontello' title='' data-avia-related-tooltip='Compartir en Facebook' rel=\"noopener\"><span class='avia_hidden_link_text'>Compartir en Facebook<\/span><\/a><\/li><li class='av-share-link av-social-link-twitter' ><a target=\"_blank\" aria-label=\"Compartir en Twitter\" href='https:\/\/twitter.com\/share?text=Autoridades%20de%20Energ%C3%ADa%20fiscalizan%20luces%20Navide%C3%B1as%20en%20locales%20comerciales&#038;url=https:\/\/radiorevelacionfm.cl\/?p=48601' aria-hidden='false' data-av_icon='\ue8f1' data-av_iconfont='entypo-fontello' title='' data-avia-related-tooltip='Compartir en Twitter' rel=\"noopener\"><span class='avia_hidden_link_text'>Compartir en Twitter<\/span><\/a><\/li><li class='av-share-link av-social-link-whatsapp' ><a target=\"_blank\" aria-label=\"Compartir en Whatsapp\" href='https:\/\/api.whatsapp.com\/send?text=https:\/\/radiorevelacionfm.cl\/?p=48601' aria-hidden='false' data-av_icon='\uf232' data-av_iconfont='entypo-fontello' title='' data-avia-related-tooltip='Compartir en Whatsapp' rel=\"noopener\"><span class='avia_hidden_link_text'>Compartir en Whatsapp<\/span><\/a><\/li><li class='av-share-link av-social-link-linkedin' ><a target=\"_blank\" aria-label=\"Compartir en LinkedIn\" href='https:\/\/linkedin.com\/shareArticle?mini=true&#038;title=Autoridades%20de%20Energ%C3%ADa%20fiscalizan%20luces%20Navide%C3%B1as%20en%20locales%20comerciales&#038;url=https:\/\/radiorevelacionfm.cl\/?p=48601' aria-hidden='false' data-av_icon='\ue8fc' data-av_iconfont='entypo-fontello' title='' data-avia-related-tooltip='Compartir en LinkedIn' rel=\"noopener\"><span class='avia_hidden_link_text'>Compartir en LinkedIn<\/span><\/a><\/li><li class='av-share-link av-social-link-mail' ><a  aria-label=\"Compartir por correo\" href='mailto:?subject=Autoridades%20de%20Energ%C3%ADa%20fiscalizan%20luces%20Navide%C3%B1as%20en%20locales%20comerciales&#038;body=https:\/\/radiorevelacionfm.cl\/?p=48601' aria-hidden='false' data-av_icon='\ue805' data-av_iconfont='entypo-fontello' title='' data-avia-related-tooltip='Compartir por correo'><span class='avia_hidden_link_text'>Compartir por correo<\/span><\/a><\/li><\/ul><\/div><\/div>\n<div  style='height:50px' class='hr hr-invisible   avia-builder-el-8  el_after_av_social_share  el_before_av_comments_list '><span class='hr-inner ' ><span class='hr-inner-style'><\/span><\/span><\/div>\n<div  class='av-buildercomment  av-blog-meta-html-info-disabled av-blog-meta-tag-disabled  '><\/div>\n","protected":false},"excerpt":{"rendered":"","protected":false},"author":1,"featured_media":48602,"comment_status":"open","ping_status":"open","sticky":false,"template":"","format":"standard","meta":{"footnotes":""},"categories":[38],"tags":[],"class_list":["post-48601","post","type-post","status-publish","format-standard","has-post-thumbnail","hentry","category-regional"],"jetpack_featured_media_url":"https:\/\/radiorevelacionfm.cl\/wp-content\/uploads\/2024\/12\/foto-3-32-1_optimized-1.jpeg","_links":{"self":[{"href":"https:\/\/radiorevelacionfm.cl\/index.php?rest_route=\/wp\/v2\/posts\/48601","targetHints":{"allow":["GET"]}}],"collection":[{"href":"https:\/\/radiorevelacionfm.cl\/index.php?rest_route=\/wp\/v2\/posts"}],"about":[{"href":"https:\/\/radiorevelacionfm.cl\/index.php?rest_route=\/wp\/v2\/types\/post"}],"author":[{"embeddable":true,"href":"https:\/\/radiorevelacionfm.cl\/index.php?rest_route=\/wp\/v2\/users\/1"}],"replies":[{"embeddable":true,"href":"https:\/\/radiorevelacionfm.cl\/index.php?rest_route=%2Fwp%2Fv2%2Fcomments&post=48601"}],"version-history":[{"count":1,"href":"https:\/\/radiorevelacionfm.cl\/index.php?rest_route=\/wp\/v2\/posts\/48601\/revisions"}],"predecessor-version":[{"id":48603,"href":"https:\/\/radiorevelacionfm.cl\/index.php?rest_route=\/wp\/v2\/posts\/48601\/revisions\/48603"}],"wp:featuredmedia":[{"embeddable":true,"href":"https:\/\/radiorevelacionfm.cl\/index.php?rest_route=\/wp\/v2\/media\/48602"}],"wp:attachment":[{"href":"https:\/\/radiorevelacionfm.cl\/index.php?rest_route=%2Fwp%2Fv2%2Fmedia&parent=48601"}],"wp:term":[{"taxonomy":"category","embeddable":true,"href":"https:\/\/radiorevelacionfm.cl\/index.php?rest_route=%2Fwp%2Fv2%2Fcategories&post=48601"},{"taxonomy":"post_tag","embeddable":true,"href":"https:\/\/radiorevelacionfm.cl\/index.php?rest_route=%2Fwp%2Fv2%2Ftags&post=48601"}],"curies":[{"name":"wp","href":"https:\/\/api.w.org\/{rel}","templated":true}]}}