{"id":48598,"date":"2024-12-06T09:29:38","date_gmt":"2024-12-06T12:29:38","guid":{"rendered":"https:\/\/radiorevelacionfm.cl\/?p=48598"},"modified":"2024-12-06T09:29:38","modified_gmt":"2024-12-06T12:29:38","slug":"invitan-a-la-comunidad-a-visitar-feria-de-emprendedoras-este-fin-de-semana","status":"publish","type":"post","link":"https:\/\/radiorevelacionfm.cl\/?p=48598","title":{"rendered":"Invitan a la comunidad a visitar Feria de Emprendedoras este fin de semana"},"content":{"rendered":"<div class=\"flex_column av_one_full  flex_column_div av-zero-column-padding first  avia-builder-el-0  el_before_av_one_full  avia-builder-el-first  \" style='border-radius:0px; '><div  class='avia-image-container  av-styling-    avia-builder-el-1  avia-builder-el-no-sibling  avia-align-center '  itemprop=\"image\" itemscope=\"itemscope\" itemtype=\"https:\/\/schema.org\/ImageObject\"  ><div class='avia-image-container-inner'><div class='avia-image-overlay-wrap'><img decoding=\"async\" class='wp-image-48599 avia-img-lazy-loading-not-48599 avia_image' src=\"https:\/\/radiorevelacionfm.cl\/wp-content\/uploads\/2024\/12\/WhatsApp-Image-2024-12-03-at-10.46.54-1-1-1.jpeg\" alt='' title='WhatsApp Image 2024-12-03 at 10.46.54 (1) (1) (1)' height=\"600\" width=\"800\"  itemprop=\"thumbnailUrl\" srcset=\"https:\/\/radiorevelacionfm.cl\/wp-content\/uploads\/2024\/12\/WhatsApp-Image-2024-12-03-at-10.46.54-1-1-1.jpeg 800w, https:\/\/radiorevelacionfm.cl\/wp-content\/uploads\/2024\/12\/WhatsApp-Image-2024-12-03-at-10.46.54-1-1-1-300x225.jpeg 300w, https:\/\/radiorevelacionfm.cl\/wp-content\/uploads\/2024\/12\/WhatsApp-Image-2024-12-03-at-10.46.54-1-1-1-768x576.jpeg 768w, https:\/\/radiorevelacionfm.cl\/wp-content\/uploads\/2024\/12\/WhatsApp-Image-2024-12-03-at-10.46.54-1-1-1-705x529.jpeg 705w, https:\/\/radiorevelacionfm.cl\/wp-content\/uploads\/2024\/12\/WhatsApp-Image-2024-12-03-at-10.46.54-1-1-1-450x338.jpeg 450w, https:\/\/radiorevelacionfm.cl\/wp-content\/uploads\/2024\/12\/WhatsApp-Image-2024-12-03-at-10.46.54-1-1-1-600x450.jpeg 600w\" sizes=\"(max-width: 800px) 100vw, 800px\" \/><\/div><\/div><\/div><\/div><div class=\"flex_column av_one_full  flex_column_div av-zero-column-padding first  avia-builder-el-2  el_after_av_one_full  el_before_av_one_full  column-top-margin\" style='border-radius:0px; '><section class=\"av_textblock_section \"  itemscope=\"itemscope\" itemtype=\"https:\/\/schema.org\/BlogPosting\" itemprop=\"blogPost\" ><div class='avia_textblock  '   itemprop=\"text\" ><p style=\"text-align: center;\"><strong><span style=\"font-size: 18pt;\">Invitan a la comunidad a visitar Feria de Emprendedoras este fin de semana<\/span><\/strong><\/p>\n<div id=\"gtx-trans\" style=\"position: absolute; left: -50px; top: 4.31534px;\">\n<div class=\"gtx-trans-icon\"><\/div>\n<\/div>\n<\/div><\/section><\/div><div class=\"flex_column av_one_full  flex_column_div av-zero-column-padding first  avia-builder-el-4  el_after_av_one_full  el_before_av_hr  column-top-margin\" style='border-radius:0px; '><section class=\"av_textblock_section \"  itemscope=\"itemscope\" itemtype=\"https:\/\/schema.org\/BlogPosting\" itemprop=\"blogPost\" ><div class='avia_textblock  '   itemprop=\"text\" ><p style=\"text-align: justify;\"><em>La feria estar\u00e1 abierta a la ciudadan\u00eda este 7 y 8 de diciembre entre las 10:00 a 19:00 horas en el estacionamiento de Homecenter SODIMAC, Coyhaique, empresa colaboradora de la iniciativa.<\/em><\/p>\n<p style=\"text-align: justify;\">Una instancia de comercializaci\u00f3n en la que emprendedoras de la comuna de Coyhaique y Puerto Ays\u00e9n, se dar\u00e1n cita en esta segunda versi\u00f3n de la Feria de Emprendedoras, bajo la admistraci\u00f3n del Presidente Gabriel Boric Font, instancia que busca apoyar y fortalecer la autonom\u00eda econ\u00f3mica de las mujeres.<\/p>\n<p style=\"text-align: justify;\">Se trata de una instancia en la que \u00a0emprendedoras podr\u00e1n dar a conocer su trabajo a la comunidad, adem\u00e1s de vender sus productos, entre los que se cuentan: plantas, artesan\u00eda, hortalizas, joyer\u00eda, art\u00edculos de decoraci\u00f3n, cosm\u00e9tica natural, entre otros; ofreciendo una amplia variedad de opciones para los visitantes.<\/p>\n<p style=\"text-align: justify;\">Un trabajo colaborativo con el intersector que ha permitido, brindar un espacio de comercializaci\u00f3n a diversas mujeres de programas vinculadas a la cartera de g\u00e9nero. En este sentido, participar\u00e1n mujeres de programas de Fundaci\u00f3n Prodemu, SernamEG, Mesa de la Mujer Rural, Seremi de la Cultura, Sercotec, Fosis y Gendarmer\u00eda, con quienes se ha establecido un importante trabajo asociativo.<\/p>\n<p style=\"text-align: justify;\">\u00abEsta feria es una oportunidad para que la comunidad apoye a las mujeres emprendedoras adquiriendo sus productos y de paso, puedan apoyar la autonom\u00eda econ\u00f3mica de las expositoras. Como Ministerio de la Mujer y la Equidad de G\u00e9nero, entendemos el enorme trabajo que tienen las emprendedoras tanto en la elaboraci\u00f3n de sus productos, como en los multiroles que desempe\u00f1an para poder avanzar, salir adelante y percibir ingresos. En este contexto, este es un impulso, de alguna manera \u201cun granito de arena\u201d con el que queremos apoyarlas y \u00a0en un futuro, seguir impulsando este tipo de iniciativas\u201d, indic\u00f3 la seremi de la mujer y la equidad de g\u00e9nero, Isidora Gacit\u00faa Goles.<\/p>\n<p style=\"text-align: justify;\">Cabe destacar que el Ministerio de la Mujer y la Equidad de G\u00e9nero, considera la autonom\u00eda econ\u00f3mica como un pilar fundamental para acortar las brechas de g\u00e9nero que existen entre los hombres y las mujeres, y donde estas \u00faltimas\u00a0 se ven afectadas por una notable desventaja salarial.<\/p>\n<p style=\"text-align: justify;\">En este contexto, cabe mencionar que en Chile, las mujeres ganan un 21% menos que los hombres por trabajo igual, de manera que, fortalecer la autonom\u00eda econ\u00f3mica de las mujeres implica reducir esta brecha salarial y garantizar la igualdad de oportunidades laborales.<\/p>\n<p style=\"text-align: justify;\">Por otra parte, la dependencia econ\u00f3mica es un factor que puede perpetuar la violencia de g\u00e9nero, en este sentido, fortalecer la autonom\u00eda econ\u00f3mica de las mujeres es clave para erradicar esta violencia.<\/p>\n<p style=\"text-align: justify;\">De esta manera, instancias como esta Feria de Emprendedoras que espera congregar a una gran cantidad de visitantes, sin duda es una gran oportunidad para apoyar el trabajo de las emprendedoras que estar\u00e1n presentes, adem\u00e1s de\u00a0 aportar al crecimiento\u00a0 y desarrollo econ\u00f3mico\u00a0 local.<\/p>\n<\/div><\/section><\/div><div  style='height:50px' class='hr hr-invisible   avia-builder-el-6  el_after_av_one_full  el_before_av_social_share '><span class='hr-inner ' ><span class='hr-inner-style'><\/span><\/span><\/div><\/p>\n<div  class='av-social-sharing-box  avia-builder-el-7  el_after_av_hr  el_before_av_hr  '><div class='av-share-box'><h5 class='av-share-link-description av-no-toc '>Compartir esta noticia<\/h5><ul class='av-share-box-list noLightbox'><li class='av-share-link av-social-link-facebook' ><a target=\"_blank\" aria-label=\"Compartir en Facebook\" href='https:\/\/www.facebook.com\/sharer.php?u=https:\/\/radiorevelacionfm.cl\/?p=48598&#038;t=Invitan%20a%20la%20comunidad%20a%20visitar%20Feria%20de%20Emprendedoras%20este%20fin%20de%20semana' aria-hidden='false' data-av_icon='\ue8f3' data-av_iconfont='entypo-fontello' title='' data-avia-related-tooltip='Compartir en Facebook' rel=\"noopener\"><span class='avia_hidden_link_text'>Compartir en Facebook<\/span><\/a><\/li><li class='av-share-link av-social-link-twitter' ><a target=\"_blank\" aria-label=\"Compartir en Twitter\" href='https:\/\/twitter.com\/share?text=Invitan%20a%20la%20comunidad%20a%20visitar%20Feria%20de%20Emprendedoras%20este%20fin%20de%20semana&#038;url=https:\/\/radiorevelacionfm.cl\/?p=48598' aria-hidden='false' data-av_icon='\ue8f1' data-av_iconfont='entypo-fontello' title='' data-avia-related-tooltip='Compartir en Twitter' rel=\"noopener\"><span class='avia_hidden_link_text'>Compartir en Twitter<\/span><\/a><\/li><li class='av-share-link av-social-link-whatsapp' ><a target=\"_blank\" aria-label=\"Compartir en Whatsapp\" href='https:\/\/api.whatsapp.com\/send?text=https:\/\/radiorevelacionfm.cl\/?p=48598' aria-hidden='false' data-av_icon='\uf232' data-av_iconfont='entypo-fontello' title='' data-avia-related-tooltip='Compartir en Whatsapp' rel=\"noopener\"><span class='avia_hidden_link_text'>Compartir en Whatsapp<\/span><\/a><\/li><li class='av-share-link av-social-link-linkedin' ><a target=\"_blank\" aria-label=\"Compartir en LinkedIn\" href='https:\/\/linkedin.com\/shareArticle?mini=true&#038;title=Invitan%20a%20la%20comunidad%20a%20visitar%20Feria%20de%20Emprendedoras%20este%20fin%20de%20semana&#038;url=https:\/\/radiorevelacionfm.cl\/?p=48598' aria-hidden='false' data-av_icon='\ue8fc' data-av_iconfont='entypo-fontello' title='' data-avia-related-tooltip='Compartir en LinkedIn' rel=\"noopener\"><span class='avia_hidden_link_text'>Compartir en LinkedIn<\/span><\/a><\/li><li class='av-share-link av-social-link-mail' ><a  aria-label=\"Compartir por correo\" href='mailto:?subject=Invitan%20a%20la%20comunidad%20a%20visitar%20Feria%20de%20Emprendedoras%20este%20fin%20de%20semana&#038;body=https:\/\/radiorevelacionfm.cl\/?p=48598' aria-hidden='false' data-av_icon='\ue805' data-av_iconfont='entypo-fontello' title='' data-avia-related-tooltip='Compartir por correo'><span class='avia_hidden_link_text'>Compartir por correo<\/span><\/a><\/li><\/ul><\/div><\/div>\n<div  style='height:50px' class='hr hr-invisible   avia-builder-el-8  el_after_av_social_share  el_before_av_comments_list '><span class='hr-inner ' ><span class='hr-inner-style'><\/span><\/span><\/div>\n<div  class='av-buildercomment  av-blog-meta-html-info-disabled av-blog-meta-tag-disabled  '><\/div>\n","protected":false},"excerpt":{"rendered":"","protected":false},"author":1,"featured_media":48599,"comment_status":"open","ping_status":"open","sticky":false,"template":"","format":"standard","meta":{"footnotes":""},"categories":[38],"tags":[],"class_list":["post-48598","post","type-post","status-publish","format-standard","has-post-thumbnail","hentry","category-regional"],"jetpack_featured_media_url":"https:\/\/radiorevelacionfm.cl\/wp-content\/uploads\/2024\/12\/WhatsApp-Image-2024-12-03-at-10.46.54-1-1-1.jpeg","_links":{"self":[{"href":"https:\/\/radiorevelacionfm.cl\/index.php?rest_route=\/wp\/v2\/posts\/48598","targetHints":{"allow":["GET"]}}],"collection":[{"href":"https:\/\/radiorevelacionfm.cl\/index.php?rest_route=\/wp\/v2\/posts"}],"about":[{"href":"https:\/\/radiorevelacionfm.cl\/index.php?rest_route=\/wp\/v2\/types\/post"}],"author":[{"embeddable":true,"href":"https:\/\/radiorevelacionfm.cl\/index.php?rest_route=\/wp\/v2\/users\/1"}],"replies":[{"embeddable":true,"href":"https:\/\/radiorevelacionfm.cl\/index.php?rest_route=%2Fwp%2Fv2%2Fcomments&post=48598"}],"version-history":[{"count":1,"href":"https:\/\/radiorevelacionfm.cl\/index.php?rest_route=\/wp\/v2\/posts\/48598\/revisions"}],"predecessor-version":[{"id":48600,"href":"https:\/\/radiorevelacionfm.cl\/index.php?rest_route=\/wp\/v2\/posts\/48598\/revisions\/48600"}],"wp:featuredmedia":[{"embeddable":true,"href":"https:\/\/radiorevelacionfm.cl\/index.php?rest_route=\/wp\/v2\/media\/48599"}],"wp:attachment":[{"href":"https:\/\/radiorevelacionfm.cl\/index.php?rest_route=%2Fwp%2Fv2%2Fmedia&parent=48598"}],"wp:term":[{"taxonomy":"category","embeddable":true,"href":"https:\/\/radiorevelacionfm.cl\/index.php?rest_route=%2Fwp%2Fv2%2Fcategories&post=48598"},{"taxonomy":"post_tag","embeddable":true,"href":"https:\/\/radiorevelacionfm.cl\/index.php?rest_route=%2Fwp%2Fv2%2Ftags&post=48598"}],"curies":[{"name":"wp","href":"https:\/\/api.w.org\/{rel}","templated":true}]}}