{"id":48594,"date":"2024-12-06T10:43:22","date_gmt":"2024-12-06T13:43:22","guid":{"rendered":"https:\/\/radiorevelacionfm.cl\/?p=48594"},"modified":"2024-12-06T10:49:16","modified_gmt":"2024-12-06T13:49:16","slug":"conoce-el-equipo-de-gestion-que-formara-parte-del-gobierno-regional-para-el-2025","status":"publish","type":"post","link":"https:\/\/radiorevelacionfm.cl\/?p=48594","title":{"rendered":"Conoce el equipo de gesti\u00f3n que formar\u00e1 parte del Gobierno Regional para el 2025"},"content":{"rendered":"<div class=\"flex_column av_one_full  flex_column_div av-zero-column-padding first  avia-builder-el-0  el_before_av_one_full  avia-builder-el-first  \" style='border-radius:0px; '><div  class='avia-image-container  av-styling-    avia-builder-el-1  avia-builder-el-no-sibling  avia-align-center '  itemprop=\"image\" itemscope=\"itemscope\" itemtype=\"https:\/\/schema.org\/ImageObject\"  ><div class='avia-image-container-inner'><div class='avia-image-overlay-wrap'><img decoding=\"async\" class='wp-image-48612 avia-img-lazy-loading-not-48612 avia_image' src=\"https:\/\/radiorevelacionfm.cl\/wp-content\/uploads\/2024\/12\/Equipo-Gobernador-2-1-1.jpg\" alt='' title='Equipo Gobernador (2) (1) (1)' height=\"600\" width=\"849\"  itemprop=\"thumbnailUrl\" srcset=\"https:\/\/radiorevelacionfm.cl\/wp-content\/uploads\/2024\/12\/Equipo-Gobernador-2-1-1.jpg 849w, https:\/\/radiorevelacionfm.cl\/wp-content\/uploads\/2024\/12\/Equipo-Gobernador-2-1-1-300x212.jpg 300w, https:\/\/radiorevelacionfm.cl\/wp-content\/uploads\/2024\/12\/Equipo-Gobernador-2-1-1-768x543.jpg 768w, https:\/\/radiorevelacionfm.cl\/wp-content\/uploads\/2024\/12\/Equipo-Gobernador-2-1-1-260x185.jpg 260w, https:\/\/radiorevelacionfm.cl\/wp-content\/uploads\/2024\/12\/Equipo-Gobernador-2-1-1-705x498.jpg 705w, https:\/\/radiorevelacionfm.cl\/wp-content\/uploads\/2024\/12\/Equipo-Gobernador-2-1-1-450x318.jpg 450w, https:\/\/radiorevelacionfm.cl\/wp-content\/uploads\/2024\/12\/Equipo-Gobernador-2-1-1-600x424.jpg 600w\" sizes=\"(max-width: 849px) 100vw, 849px\" \/><\/div><\/div><\/div><\/div><div class=\"flex_column av_one_full  flex_column_div av-zero-column-padding first  avia-builder-el-2  el_after_av_one_full  el_before_av_one_full  column-top-margin\" style='border-radius:0px; '><section class=\"av_textblock_section \"  itemscope=\"itemscope\" itemtype=\"https:\/\/schema.org\/BlogPosting\" itemprop=\"blogPost\" ><div class='avia_textblock  '   itemprop=\"text\" ><p style=\"text-align: center;\"><strong><span style=\"font-size: 18pt;\">Conoce el equipo de gesti\u00f3n que formar\u00e1 parte del Gobierno Regional para el 2025<\/span><\/strong><\/p>\n<div id=\"gtx-trans\" style=\"position: absolute; left: -50px; top: 4.31534px;\">\n<div class=\"gtx-trans-icon\"><\/div>\n<\/div>\n<\/div><\/section><\/div><\/p>\n<div class=\"flex_column av_one_full  flex_column_div av-zero-column-padding first  avia-builder-el-4  el_after_av_one_full  el_before_av_hr  column-top-margin\" style='border-radius:0px; '><section class=\"av_textblock_section \"  itemscope=\"itemscope\" itemtype=\"https:\/\/schema.org\/BlogPosting\" itemprop=\"blogPost\" ><div class='avia_textblock  '   itemprop=\"text\" ><p style=\"text-align: justify;\">El Gobernador Regional electo, Marcelo Santana Vargas, realiz\u00f3 el nombramiento de los Jefes de Divisi\u00f3n y Coordinadora Regional del Plan de Zonas Extremas, quienes formar\u00e1n parte del equipo de gesti\u00f3n del Gobierno Regional.<\/p>\n<p style=\"text-align: justify;\">1.- Divisi\u00f3n de Planificaci\u00f3n y Desarrollo Regional<\/p>\n<p style=\"text-align: justify;\">Omar Mu\u00f1oz Sierra, Administrador P\u00fablico, Licenciado en Administraci\u00f3n; Diplomado en Tributaria; Magister en Innovaci\u00f3n Aplicada UTCh; Magister en Administraci\u00f3n de Empresas de la Universidad Austral de Chile.<\/p>\n<p style=\"text-align: justify;\">En el \u00e1mbito p\u00fablico destaca su gesti\u00f3n como Director Regional de CORFO, adem\u00e1s de haber ya sido Jefe de Planificaci\u00f3n de este Gobierno Regional. Omar Mu\u00f1oz fue tambi\u00e9n alcalde de la comuna de Coyhaique entre el a\u00f1o 2008 y el 2012. Antes de ser nombrado Gobernador Regional para concluir el per\u00edodo actual, se desempe\u00f1aba como Consejero Regional por lo que lo antecede una vasta experiencia y conocimiento en la gesti\u00f3n regional.<\/p>\n<p style=\"text-align: justify;\">2.- Divisi\u00f3n de Infraestructura y Transportes<\/p>\n<p style=\"text-align: justify;\">Raimundo Cristi Saavedra, Constructor Civil, casado, tres hijos, estudi\u00f3 la ense\u00f1anza b\u00e1sica en la ciudad de Coyhaique y ense\u00f1anza media en Santiago, sus estudios universitarios los curs\u00f3 Universidad T\u00e9cnica del Estado.<\/p>\n<p style=\"text-align: justify;\">Cuenta con destacada participaci\u00f3n en el \u00e1mbito p\u00fablico y privada en la regi\u00f3n de Ays\u00e9n, el a\u00f1o 1993 formo Constructora Cristi Ltda., desarrollando proyectos p\u00fablicos y privados desde Melinka a Villa O\u00b4Higgins. El a\u00f1o 1995 presidi\u00f3 la C\u00e1mara Chilena de la Construcci\u00f3n Sede Coyhaique y el a\u00f1o 2000 fue vicepresidente del directorio de la Empresa Portuaria de Chacabuco.<\/p>\n<p style=\"text-align: justify;\">Cristi Saavedra, tiene un vasto conocimiento de la regi\u00f3n, de su log\u00edstica y dificultades para desarrollar proyectos de infraestructura y tambi\u00e9n de su enorme potencial para mejorar la calidad de vida de los ayseninos.<\/p>\n<p style=\"text-align: justify;\">3.- Divisi\u00f3n Administraci\u00f3n y Finanzas<\/p>\n<p style=\"text-align: justify;\">Mauricio Quezada Parra, es Ingeniero Ambiental egresado de la Universidad de La Frontera, y cuenta con diplomados en Descentralizaci\u00f3n y Desarrollo Regional, Dise\u00f1o y Gesti\u00f3n de Proyectos de Inter\u00e9s Regional, y Convivencia y Negociaci\u00f3n en Comunidades.<\/p>\n<p style=\"text-align: justify;\">Desde hace 13 a\u00f1os, se ha desempe\u00f1ado como funcionario del Gobierno Regional de Ays\u00e9n. A lo largo de su carrera, ha trabajado en diversas \u00e1reas, destac\u00e1ndose como Analista de Inversiones en la DPIR, Encargado de la Unidad de Proyectos y Profesional de la Unidad de Ejecuci\u00f3n de la DIT. En estas funciones, ha demostrado un firme compromiso con el desarrollo de la regi\u00f3n y con el trabajo interno del Gobierno Regional de Ays\u00e9n, adem\u00e1s de haber sido presidente del Club Deportivo Social y Cultural, as\u00ed como de la Asociaci\u00f3n de Funcionarios de esta repartici\u00f3n.<\/p>\n<p style=\"text-align: justify;\">Actualmente, Quezada Parra se desempe\u00f1a en la Divisi\u00f3n de Infraestructura, apoyando la gesti\u00f3n del Gobernador Omar Mu\u00f1oz Sierra.<\/p>\n<p style=\"text-align: justify;\">4.- Divisi\u00f3n de Presupuesto e Inversi\u00f3n Regional<\/p>\n<p style=\"text-align: justify;\">Magdalena L\u00e9niz Garc\u00eda Ingeniera Comercial de la Pontificia Universidad Cat\u00f3lica de Chile, tiene un MBA de la misma casa de estudios.<\/p>\n<p style=\"text-align: justify;\">Magdalena L\u00e9niz, se ha desempe\u00f1ado como Ingeniera en distintas empresas (Falabella, Latam Airlines, Parque Arauco y Explora). En \u00e1reas comerciales: venta y marketing, estrategia y evaluaci\u00f3n de proyectos. Su trayectoria profesional comenz\u00f3 en el mundo p\u00fablico en Sercotec regi\u00f3n Los R\u00edos. L\u00e9niz Garc\u00eda, en la actualidad se desempe\u00f1a en Falabella Retail como Gerenta de Stand Alone, y adem\u00e1s realiza asesor\u00edas comerciales a empresas locales de la regi\u00f3n.<\/p>\n<p style=\"text-align: justify;\">5.- Divisi\u00f3n de Fomento e Industria<\/p>\n<p style=\"text-align: justify;\">Fernando Guzm\u00e1n Espinoza Ingeniero Comercial de la UDLA, diplomado en Gobierno Regionales de la USACH, se ha desempe\u00f1ado tanto en el sector productivo privado como en el \u00e1mbito p\u00fablico. Su experiencia laboral en el sector p\u00fablico incluye cargos, como SEREMI de Econom\u00eda, Fomento y Turismo entre 2010 y 2014, y jefe de Planificaci\u00f3n y de Fomento en el Gobierno Regional entre los a\u00f1os de 2019 a 2020.<\/p>\n<p style=\"text-align: justify;\">Adem\u00e1s de su trayectoria en la administraci\u00f3n p\u00fablica, Guzm\u00e1n Espinoza se ha destacado como dirigente gremial en el sector privado, siendo presidente de la C\u00e1mara de Comercio de Coyhaique.<\/p>\n<p style=\"text-align: justify;\">6.- Divisi\u00f3n de Desarrollo Social y Humano<\/p>\n<p style=\"text-align: justify;\">Dominique Brautigam Lagomarsino una destacada profesional aysenina con un fuerte compromiso social. Graduada de Ingenier\u00eda en Gesti\u00f3n de Calidad y Ambiente, ha dedicado su carrera a enfrentar problem\u00e1ticas relacionadas con la vulnerabilidad social. Su vida personal, marcada por el desaf\u00edo de ser madre adolescente, la inspir\u00f3 a trabajar en iniciativas para mejorar las oportunidades de los sectores m\u00e1s necesitados.<\/p>\n<p style=\"text-align: justify;\">Brautigam ha ocupado varios cargos importantes, incluyendo la Direcci\u00f3n Regional de Fundaci\u00f3n Hogar de Cristo, la Secretar\u00eda Regional Ministerial de Desarrollo Social y Familia en la Regi\u00f3n de Ays\u00e9n y como Directora del FOSIS en la \u00faltima administraci\u00f3n del Presidente Pi\u00f1era.<\/p>\n<p style=\"text-align: justify;\">Su enfoque siempre ha sido impulsar el desarrollo inclusivo, especialmente en comunidades donde el acceso a oportunidades es limitado.<\/p>\n<p style=\"text-align: justify;\">7.- Coordinadora Regional del Plan de Zonas Extremas<\/p>\n<p style=\"text-align: justify;\">Mar\u00eda Loreta Villegas Almonacid Ingeniero Comercial de la Universidad Central, Magister en Administraci\u00f3n de Negocios (MBA) de la Universidad de Chile, cuenta con certificaci\u00f3n en Gobierno Regional y su nueva institucionalidad, Nuevos enfoques para desarrollo rural en los territorios y Preparaci\u00f3n y Evaluaci\u00f3n Social de Proyectos. Cuenta con trayectoria profesional en el sector privado, p\u00fablico y la academia, tanto en la regi\u00f3n de Ays\u00e9n como en la Regi\u00f3n Metropolitana.<\/p>\n<p style=\"text-align: justify;\">En su experiencia profesional en el sector p\u00fablico, destaca su trabajo en el Gobierno Regional durante los a\u00f1os 2018-2022, espec\u00edficamente en las Divisiones de Planificaci\u00f3n y Desarrollo Regional y en la Divisi\u00f3n de Presupuesto e Inversi\u00f3n Regional.<\/p>\n<p style=\"text-align: justify;\">Villegas Almonacid, en la actualidad se desempe\u00f1a como Consejera Regional representando a la Provincia de Ays\u00e9n.<\/p>\n<\/div><\/section><\/div>\n<div  style='height:50px' class='hr hr-invisible   avia-builder-el-6  el_after_av_one_full  el_before_av_social_share '><span class='hr-inner ' ><span class='hr-inner-style'><\/span><\/span><\/div>\n<div  class='av-social-sharing-box  avia-builder-el-7  el_after_av_hr  el_before_av_hr  '><div class='av-share-box'><h5 class='av-share-link-description av-no-toc '>Compartir esta noticia<\/h5><ul class='av-share-box-list noLightbox'><li class='av-share-link av-social-link-facebook' ><a target=\"_blank\" aria-label=\"Compartir en Facebook\" href='https:\/\/www.facebook.com\/sharer.php?u=https:\/\/radiorevelacionfm.cl\/?p=48594&#038;t=Conoce%20el%20equipo%20de%20gesti%C3%B3n%20que%20formar%C3%A1%20parte%20del%20Gobierno%20Regional%20para%20el%202025' aria-hidden='false' data-av_icon='\ue8f3' data-av_iconfont='entypo-fontello' title='' data-avia-related-tooltip='Compartir en Facebook' rel=\"noopener\"><span class='avia_hidden_link_text'>Compartir en Facebook<\/span><\/a><\/li><li class='av-share-link av-social-link-twitter' ><a target=\"_blank\" aria-label=\"Compartir en Twitter\" href='https:\/\/twitter.com\/share?text=Conoce%20el%20equipo%20de%20gesti%C3%B3n%20que%20formar%C3%A1%20parte%20del%20Gobierno%20Regional%20para%20el%202025&#038;url=https:\/\/radiorevelacionfm.cl\/?p=48594' aria-hidden='false' data-av_icon='\ue8f1' data-av_iconfont='entypo-fontello' title='' data-avia-related-tooltip='Compartir en Twitter' rel=\"noopener\"><span class='avia_hidden_link_text'>Compartir en Twitter<\/span><\/a><\/li><li class='av-share-link av-social-link-whatsapp' ><a target=\"_blank\" aria-label=\"Compartir en Whatsapp\" href='https:\/\/api.whatsapp.com\/send?text=https:\/\/radiorevelacionfm.cl\/?p=48594' aria-hidden='false' data-av_icon='\uf232' data-av_iconfont='entypo-fontello' title='' data-avia-related-tooltip='Compartir en Whatsapp' rel=\"noopener\"><span class='avia_hidden_link_text'>Compartir en Whatsapp<\/span><\/a><\/li><li class='av-share-link av-social-link-linkedin' ><a target=\"_blank\" aria-label=\"Compartir en LinkedIn\" href='https:\/\/linkedin.com\/shareArticle?mini=true&#038;title=Conoce%20el%20equipo%20de%20gesti%C3%B3n%20que%20formar%C3%A1%20parte%20del%20Gobierno%20Regional%20para%20el%202025&#038;url=https:\/\/radiorevelacionfm.cl\/?p=48594' aria-hidden='false' data-av_icon='\ue8fc' data-av_iconfont='entypo-fontello' title='' data-avia-related-tooltip='Compartir en LinkedIn' rel=\"noopener\"><span class='avia_hidden_link_text'>Compartir en LinkedIn<\/span><\/a><\/li><li class='av-share-link av-social-link-mail' ><a  aria-label=\"Compartir por correo\" href='mailto:?subject=Conoce%20el%20equipo%20de%20gesti%C3%B3n%20que%20formar%C3%A1%20parte%20del%20Gobierno%20Regional%20para%20el%202025&#038;body=https:\/\/radiorevelacionfm.cl\/?p=48594' aria-hidden='false' data-av_icon='\ue805' data-av_iconfont='entypo-fontello' title='' data-avia-related-tooltip='Compartir por correo'><span class='avia_hidden_link_text'>Compartir por correo<\/span><\/a><\/li><\/ul><\/div><\/div>\n<div  style='height:50px' class='hr hr-invisible   avia-builder-el-8  el_after_av_social_share  el_before_av_comments_list '><span class='hr-inner ' ><span class='hr-inner-style'><\/span><\/span><\/div>\n<div  class='av-buildercomment  av-blog-meta-html-info-disabled av-blog-meta-tag-disabled  '><\/div>\n","protected":false},"excerpt":{"rendered":"","protected":false},"author":1,"featured_media":48612,"comment_status":"open","ping_status":"open","sticky":false,"template":"","format":"standard","meta":{"footnotes":""},"categories":[38],"tags":[],"class_list":["post-48594","post","type-post","status-publish","format-standard","has-post-thumbnail","hentry","category-regional"],"jetpack_featured_media_url":"https:\/\/radiorevelacionfm.cl\/wp-content\/uploads\/2024\/12\/Equipo-Gobernador-2-1-1.jpg","_links":{"self":[{"href":"https:\/\/radiorevelacionfm.cl\/index.php?rest_route=\/wp\/v2\/posts\/48594","targetHints":{"allow":["GET"]}}],"collection":[{"href":"https:\/\/radiorevelacionfm.cl\/index.php?rest_route=\/wp\/v2\/posts"}],"about":[{"href":"https:\/\/radiorevelacionfm.cl\/index.php?rest_route=\/wp\/v2\/types\/post"}],"author":[{"embeddable":true,"href":"https:\/\/radiorevelacionfm.cl\/index.php?rest_route=\/wp\/v2\/users\/1"}],"replies":[{"embeddable":true,"href":"https:\/\/radiorevelacionfm.cl\/index.php?rest_route=%2Fwp%2Fv2%2Fcomments&post=48594"}],"version-history":[{"count":3,"href":"https:\/\/radiorevelacionfm.cl\/index.php?rest_route=\/wp\/v2\/posts\/48594\/revisions"}],"predecessor-version":[{"id":48614,"href":"https:\/\/radiorevelacionfm.cl\/index.php?rest_route=\/wp\/v2\/posts\/48594\/revisions\/48614"}],"wp:featuredmedia":[{"embeddable":true,"href":"https:\/\/radiorevelacionfm.cl\/index.php?rest_route=\/wp\/v2\/media\/48612"}],"wp:attachment":[{"href":"https:\/\/radiorevelacionfm.cl\/index.php?rest_route=%2Fwp%2Fv2%2Fmedia&parent=48594"}],"wp:term":[{"taxonomy":"category","embeddable":true,"href":"https:\/\/radiorevelacionfm.cl\/index.php?rest_route=%2Fwp%2Fv2%2Fcategories&post=48594"},{"taxonomy":"post_tag","embeddable":true,"href":"https:\/\/radiorevelacionfm.cl\/index.php?rest_route=%2Fwp%2Fv2%2Ftags&post=48594"}],"curies":[{"name":"wp","href":"https:\/\/api.w.org\/{rel}","templated":true}]}}