{"id":48590,"date":"2024-12-05T21:56:08","date_gmt":"2024-12-06T00:56:08","guid":{"rendered":"https:\/\/radiorevelacionfm.cl\/?p=48590"},"modified":"2024-12-05T21:56:08","modified_gmt":"2024-12-06T00:56:08","slug":"conmemoracion-dia-mundial-del-sida-stand-educativos-y-test-rapidos-se-tomaran-plaza-de-coyhaique-para-concientizar-sobre-el-vih","status":"publish","type":"post","link":"https:\/\/radiorevelacionfm.cl\/?p=48590","title":{"rendered":"Conmemoraci\u00f3n D\u00eda Mundial del SIDA: Stand educativos y test r\u00e1pidos se tomar\u00e1n plaza de Coyhaique para concientizar sobre el VIH"},"content":{"rendered":"<div class=\"flex_column av_one_full  flex_column_div av-zero-column-padding first  avia-builder-el-0  el_before_av_one_full  avia-builder-el-first  \" style='border-radius:0px; '><div  class='avia-image-container  av-styling-    avia-builder-el-1  avia-builder-el-no-sibling  avia-align-center '  itemprop=\"image\" itemscope=\"itemscope\" itemtype=\"https:\/\/schema.org\/ImageObject\"  ><div class='avia-image-container-inner'><div class='avia-image-overlay-wrap'><img decoding=\"async\" class='wp-image-48592 avia-img-lazy-loading-not-48592 avia_image' src=\"https:\/\/radiorevelacionfm.cl\/wp-content\/uploads\/2024\/12\/Dia-Mundial-del-Sida-1-1.jpg\" alt='' title='Dia Mundial del Sida (1) (1)' height=\"600\" width=\"1167\"  itemprop=\"thumbnailUrl\" srcset=\"https:\/\/radiorevelacionfm.cl\/wp-content\/uploads\/2024\/12\/Dia-Mundial-del-Sida-1-1.jpg 1167w, https:\/\/radiorevelacionfm.cl\/wp-content\/uploads\/2024\/12\/Dia-Mundial-del-Sida-1-1-300x154.jpg 300w, https:\/\/radiorevelacionfm.cl\/wp-content\/uploads\/2024\/12\/Dia-Mundial-del-Sida-1-1-1030x530.jpg 1030w, https:\/\/radiorevelacionfm.cl\/wp-content\/uploads\/2024\/12\/Dia-Mundial-del-Sida-1-1-768x395.jpg 768w, https:\/\/radiorevelacionfm.cl\/wp-content\/uploads\/2024\/12\/Dia-Mundial-del-Sida-1-1-705x362.jpg 705w, https:\/\/radiorevelacionfm.cl\/wp-content\/uploads\/2024\/12\/Dia-Mundial-del-Sida-1-1-450x231.jpg 450w, https:\/\/radiorevelacionfm.cl\/wp-content\/uploads\/2024\/12\/Dia-Mundial-del-Sida-1-1-600x308.jpg 600w\" sizes=\"(max-width: 1167px) 100vw, 1167px\" \/><\/div><\/div><\/div><\/div><div class=\"flex_column av_one_full  flex_column_div av-zero-column-padding first  avia-builder-el-2  el_after_av_one_full  el_before_av_one_full  column-top-margin\" style='border-radius:0px; '><section class=\"av_textblock_section \"  itemscope=\"itemscope\" itemtype=\"https:\/\/schema.org\/BlogPosting\" itemprop=\"blogPost\" ><div class='avia_textblock  '   itemprop=\"text\" ><p style=\"text-align: center;\"><strong><span style=\"font-size: 18pt;\">Conmemoraci\u00f3n D\u00eda Mundial del SIDA: Stand educativos y test r\u00e1pidos se tomar\u00e1n plaza de Coyhaique para concientizar sobre el VIH <\/span><\/strong><\/p>\n<div id=\"gtx-trans\" style=\"position: absolute; left: -50px; top: 4.31534px;\">\n<div class=\"gtx-trans-icon\"><\/div>\n<\/div>\n<\/div><\/section><\/div><div class=\"flex_column av_one_full  flex_column_div av-zero-column-padding first  avia-builder-el-4  el_after_av_one_full  el_before_av_hr  column-top-margin\" style='border-radius:0px; '><section class=\"av_textblock_section \"  itemscope=\"itemscope\" itemtype=\"https:\/\/schema.org\/BlogPosting\" itemprop=\"blogPost\" ><div class='avia_textblock  '   itemprop=\"text\" ><p style=\"text-align: justify;\"><em>La actividad se desarrollar\u00e1n este viernes, a partir de las 16:30hrs. donde diversos organismos p\u00fablicos entregar\u00e1n consejer\u00eda e informaci\u00f3n sobre sexualidad responsable.<\/em><\/p>\n<p style=\"text-align: justify;\">Bajo el lema \u201cLos Derechos Sobre la Mesa\u201d, diversas son las actividades que se han programado para este viernes 06 de diciembre en la plaza de Coyhaique, donde se contemplan stand educativos y de autocuidado sobre sexualidad, tomas ex\u00e1menes para la detecci\u00f3n de VIH, adem\u00e1s de espacios de interacci\u00f3n para la comunidad.<\/p>\n<p style=\"text-align: justify;\">As\u00ed lo detall\u00f3 la Seremi de Salud, Carmen Monsalve G\u00f3mez, quien adem\u00e1s recalc\u00f3 que actualmente existen diversos tratamientos y medidas preventivas para el VIH-SIDA. \u201cEste mes de diciembre, como todos los a\u00f1os a nivel mundial, conmemoramos el D\u00eda Internacional del VIH-Sida. Esta es una instancia promovida por la Organizaci\u00f3n Mundial de la Salud que lo que busca es concientizar y generar instancias de autocuidado y de protecci\u00f3n de la salud de la comunidad, favoreciendo y fortaleciendo el acceso a las medidas preventivas como son el testeo r\u00e1pido, el autotest de VIH o la utilizaci\u00f3n de las medidas de barrera para evitar enfermar de VIH. Hoy d\u00eda el contexto sanitario mundial es diferente porque existe acceso a tratamientos y f\u00e1rmacos que tienen una eficacia aprobada y en nuestro pa\u00eds este tratamiento est\u00e1 garantizado por ley para todas las personas que son beneficiarias de Fonasa\u201d.<\/p>\n<p style=\"text-align: justify;\">Las actividades de conmemoraci\u00f3n del D\u00eda Mundial del SIDA, se iniciar\u00e1n a las 16:30hrs en la plaza de Coyhaique, lugar donde adem\u00e1s estar\u00e1n presentes INJUV, Oficina de la Mujer Derechos Sexuales y Reproductivos, SERNAMEG, UNACESS, Universidad de Ays\u00e9n, SEREMI de Gobierno, adem\u00e1s de los programas de Salud P\u00fablica de la SEREMI de Salud.<\/p>\n<\/div><\/section><\/div><div  style='height:50px' class='hr hr-invisible   avia-builder-el-6  el_after_av_one_full  el_before_av_social_share '><span class='hr-inner ' ><span class='hr-inner-style'><\/span><\/span><\/div><\/p>\n<div  class='av-social-sharing-box  avia-builder-el-7  el_after_av_hr  el_before_av_hr  '><div class='av-share-box'><h5 class='av-share-link-description av-no-toc '>Compartir esta noticia<\/h5><ul class='av-share-box-list noLightbox'><li class='av-share-link av-social-link-facebook' ><a target=\"_blank\" aria-label=\"Compartir en Facebook\" href='https:\/\/www.facebook.com\/sharer.php?u=https:\/\/radiorevelacionfm.cl\/?p=48590&#038;t=Conmemoraci%C3%B3n%20D%C3%ADa%20Mundial%20del%20SIDA%3A%20Stand%20educativos%20y%20test%20r%C3%A1pidos%20se%20tomar%C3%A1n%20plaza%20de%20Coyhaique%20para%20concientizar%20sobre%20el%20VIH' aria-hidden='false' data-av_icon='\ue8f3' data-av_iconfont='entypo-fontello' title='' data-avia-related-tooltip='Compartir en Facebook' rel=\"noopener\"><span class='avia_hidden_link_text'>Compartir en Facebook<\/span><\/a><\/li><li class='av-share-link av-social-link-twitter' ><a target=\"_blank\" aria-label=\"Compartir en Twitter\" href='https:\/\/twitter.com\/share?text=Conmemoraci%C3%B3n%20D%C3%ADa%20Mundial%20del%20SIDA%3A%20Stand%20educativos%20y%20test%20r%C3%A1pidos%20se%20tomar%C3%A1n%20plaza%20de%20Coyhaique%20para%20concientizar%20sobre%20el%20VIH&#038;url=https:\/\/radiorevelacionfm.cl\/?p=48590' aria-hidden='false' data-av_icon='\ue8f1' data-av_iconfont='entypo-fontello' title='' data-avia-related-tooltip='Compartir en Twitter' rel=\"noopener\"><span class='avia_hidden_link_text'>Compartir en Twitter<\/span><\/a><\/li><li class='av-share-link av-social-link-whatsapp' ><a target=\"_blank\" aria-label=\"Compartir en Whatsapp\" href='https:\/\/api.whatsapp.com\/send?text=https:\/\/radiorevelacionfm.cl\/?p=48590' aria-hidden='false' data-av_icon='\uf232' data-av_iconfont='entypo-fontello' title='' data-avia-related-tooltip='Compartir en Whatsapp' rel=\"noopener\"><span class='avia_hidden_link_text'>Compartir en Whatsapp<\/span><\/a><\/li><li class='av-share-link av-social-link-linkedin' ><a target=\"_blank\" aria-label=\"Compartir en LinkedIn\" href='https:\/\/linkedin.com\/shareArticle?mini=true&#038;title=Conmemoraci%C3%B3n%20D%C3%ADa%20Mundial%20del%20SIDA%3A%20Stand%20educativos%20y%20test%20r%C3%A1pidos%20se%20tomar%C3%A1n%20plaza%20de%20Coyhaique%20para%20concientizar%20sobre%20el%20VIH&#038;url=https:\/\/radiorevelacionfm.cl\/?p=48590' aria-hidden='false' data-av_icon='\ue8fc' data-av_iconfont='entypo-fontello' title='' data-avia-related-tooltip='Compartir en LinkedIn' rel=\"noopener\"><span class='avia_hidden_link_text'>Compartir en LinkedIn<\/span><\/a><\/li><li class='av-share-link av-social-link-mail' ><a  aria-label=\"Compartir por correo\" href='mailto:?subject=Conmemoraci%C3%B3n%20D%C3%ADa%20Mundial%20del%20SIDA%3A%20Stand%20educativos%20y%20test%20r%C3%A1pidos%20se%20tomar%C3%A1n%20plaza%20de%20Coyhaique%20para%20concientizar%20sobre%20el%20VIH&#038;body=https:\/\/radiorevelacionfm.cl\/?p=48590' aria-hidden='false' data-av_icon='\ue805' data-av_iconfont='entypo-fontello' title='' data-avia-related-tooltip='Compartir por correo'><span class='avia_hidden_link_text'>Compartir por correo<\/span><\/a><\/li><\/ul><\/div><\/div>\n<div  style='height:50px' class='hr hr-invisible   avia-builder-el-8  el_after_av_social_share  el_before_av_comments_list '><span class='hr-inner ' ><span class='hr-inner-style'><\/span><\/span><\/div>\n<div  class='av-buildercomment  av-blog-meta-html-info-disabled av-blog-meta-tag-disabled  '><\/div>\n","protected":false},"excerpt":{"rendered":"","protected":false},"author":1,"featured_media":48592,"comment_status":"open","ping_status":"open","sticky":false,"template":"","format":"standard","meta":{"footnotes":""},"categories":[46],"tags":[],"class_list":["post-48590","post","type-post","status-publish","format-standard","has-post-thumbnail","hentry","category-salud"],"jetpack_featured_media_url":"https:\/\/radiorevelacionfm.cl\/wp-content\/uploads\/2024\/12\/Dia-Mundial-del-Sida-1-1.jpg","_links":{"self":[{"href":"https:\/\/radiorevelacionfm.cl\/index.php?rest_route=\/wp\/v2\/posts\/48590","targetHints":{"allow":["GET"]}}],"collection":[{"href":"https:\/\/radiorevelacionfm.cl\/index.php?rest_route=\/wp\/v2\/posts"}],"about":[{"href":"https:\/\/radiorevelacionfm.cl\/index.php?rest_route=\/wp\/v2\/types\/post"}],"author":[{"embeddable":true,"href":"https:\/\/radiorevelacionfm.cl\/index.php?rest_route=\/wp\/v2\/users\/1"}],"replies":[{"embeddable":true,"href":"https:\/\/radiorevelacionfm.cl\/index.php?rest_route=%2Fwp%2Fv2%2Fcomments&post=48590"}],"version-history":[{"count":1,"href":"https:\/\/radiorevelacionfm.cl\/index.php?rest_route=\/wp\/v2\/posts\/48590\/revisions"}],"predecessor-version":[{"id":48593,"href":"https:\/\/radiorevelacionfm.cl\/index.php?rest_route=\/wp\/v2\/posts\/48590\/revisions\/48593"}],"wp:featuredmedia":[{"embeddable":true,"href":"https:\/\/radiorevelacionfm.cl\/index.php?rest_route=\/wp\/v2\/media\/48592"}],"wp:attachment":[{"href":"https:\/\/radiorevelacionfm.cl\/index.php?rest_route=%2Fwp%2Fv2%2Fmedia&parent=48590"}],"wp:term":[{"taxonomy":"category","embeddable":true,"href":"https:\/\/radiorevelacionfm.cl\/index.php?rest_route=%2Fwp%2Fv2%2Fcategories&post=48590"},{"taxonomy":"post_tag","embeddable":true,"href":"https:\/\/radiorevelacionfm.cl\/index.php?rest_route=%2Fwp%2Fv2%2Ftags&post=48590"}],"curies":[{"name":"wp","href":"https:\/\/api.w.org\/{rel}","templated":true}]}}