{"id":48585,"date":"2024-12-06T18:54:13","date_gmt":"2024-12-06T21:54:13","guid":{"rendered":"https:\/\/radiorevelacionfm.cl\/?p=48585"},"modified":"2024-12-06T18:54:13","modified_gmt":"2024-12-06T21:54:13","slug":"gobierno-presento-amplio-despliegue-con-motivo-del-plan-navidad-segura","status":"publish","type":"post","link":"https:\/\/radiorevelacionfm.cl\/?p=48585","title":{"rendered":"Gobierno present\u00f3 amplio despliegue con motivo del Plan Navidad Segura"},"content":{"rendered":"<div class=\"flex_column av_one_full  flex_column_div av-zero-column-padding first  avia-builder-el-0  el_before_av_one_full  avia-builder-el-first  \" style='border-radius:0px; '><div  class='avia-image-container  av-styling-    avia-builder-el-1  avia-builder-el-no-sibling  avia-align-center '  itemprop=\"image\" itemscope=\"itemscope\" itemtype=\"https:\/\/schema.org\/ImageObject\"  ><div class='avia-image-container-inner'><div class='avia-image-overlay-wrap'><img decoding=\"async\" class='wp-image-48586 avia-img-lazy-loading-not-48586 avia_image' src=\"https:\/\/radiorevelacionfm.cl\/wp-content\/uploads\/2024\/12\/whatsapp-image-2024-12-05-at-2_optimized.32.06-pm-3-1-1.jpeg\" alt='' title='whatsapp-image-2024-12-05-at-2_optimized.32.06-pm-(3)-(1) (1)' height=\"600\" width=\"800\"  itemprop=\"thumbnailUrl\" srcset=\"https:\/\/radiorevelacionfm.cl\/wp-content\/uploads\/2024\/12\/whatsapp-image-2024-12-05-at-2_optimized.32.06-pm-3-1-1.jpeg 800w, https:\/\/radiorevelacionfm.cl\/wp-content\/uploads\/2024\/12\/whatsapp-image-2024-12-05-at-2_optimized.32.06-pm-3-1-1-300x225.jpeg 300w, https:\/\/radiorevelacionfm.cl\/wp-content\/uploads\/2024\/12\/whatsapp-image-2024-12-05-at-2_optimized.32.06-pm-3-1-1-768x576.jpeg 768w, https:\/\/radiorevelacionfm.cl\/wp-content\/uploads\/2024\/12\/whatsapp-image-2024-12-05-at-2_optimized.32.06-pm-3-1-1-705x529.jpeg 705w, https:\/\/radiorevelacionfm.cl\/wp-content\/uploads\/2024\/12\/whatsapp-image-2024-12-05-at-2_optimized.32.06-pm-3-1-1-450x338.jpeg 450w, https:\/\/radiorevelacionfm.cl\/wp-content\/uploads\/2024\/12\/whatsapp-image-2024-12-05-at-2_optimized.32.06-pm-3-1-1-600x450.jpeg 600w\" sizes=\"(max-width: 800px) 100vw, 800px\" \/><\/div><\/div><\/div><\/div><div class=\"flex_column av_one_full  flex_column_div av-zero-column-padding first  avia-builder-el-2  el_after_av_one_full  el_before_av_one_full  column-top-margin\" style='border-radius:0px; '><section class=\"av_textblock_section \"  itemscope=\"itemscope\" itemtype=\"https:\/\/schema.org\/BlogPosting\" itemprop=\"blogPost\" ><div class='avia_textblock  '   itemprop=\"text\" ><p style=\"text-align: center;\"><span style=\"font-size: 18pt;\"><b>Gobierno present\u00f3 amplio despliegue con motivo del Plan Navidad Segura<\/b><\/span><\/p>\n<div id=\"gtx-trans\" style=\"position: absolute; left: -50px; top: 4.31534px;\">\n<div class=\"gtx-trans-icon\"><\/div>\n<\/div>\n<\/div><\/section><\/div><div class=\"flex_column av_one_full  flex_column_div av-zero-column-padding first  avia-builder-el-4  el_after_av_one_full  el_before_av_hr  column-top-margin\" style='border-radius:0px; '><section class=\"av_textblock_section \"  itemscope=\"itemscope\" itemtype=\"https:\/\/schema.org\/BlogPosting\" itemprop=\"blogPost\" ><div class='avia_textblock  '   itemprop=\"text\" ><p style=\"font-weight: 400; text-align: justify;\">Con el objetivo de fortalecer la seguridad p\u00fablica y prevenir delitos durante las festividades de finalizaci\u00f3n de a\u00f1o, el Gobierno puso en marcha el Plan Navidad Segura, consistente en un conjunto de acciones de fiscalizaci\u00f3n preventiva, por parte de Carabineros, PDI y servicios p\u00fablicos pertinentes.<\/p>\n<p style=\"font-weight: 400; text-align: justify;\">As\u00ed lo dio a conocer el Delegado Presidencial Regional, Jorge D\u00edaz Guzm\u00e1n, acompa\u00f1ado por la presidenta de la C\u00e1mara de Comercio, Servicios, Industria y Turismo, Daisy Mondelo, la alcaldesa (s), Gabriela Retamal, el jefe de la XI Zona de Carabineros, general Eduardo Palma y el Jefe de la Regi\u00f3n Policial de la PDI, prefecto inspector Javier Valenzuela, adem\u00e1s de las seremis de Salud, MOP y Transportes; Senda, SAG y Senapred, entre otros.<\/p>\n<p style=\"font-weight: 400; text-align: justify;\">\u201cCoordinar todos los servicios p\u00fablicos relacionados con la seguridad para una navidad y fiesta de a\u00f1o segura para la poblaci\u00f3n. Es decir, todos los servicios p\u00fablicos que tienen que ver con la seguridad y con el cumplimiento de las reglas del comercio establecido, van a estar haciendo fiscalizaci\u00f3n. El pr\u00f3ximo a\u00f1o vamos a tener el Ministerio de Seguridad P\u00fablica y esta coordinaci\u00f3n va a ser a trav\u00e9s del seremi de Seguridad P\u00fablica, que va a tener contacto directo con nuestras polic\u00edas, lo que es una buena noticia tambi\u00e9n\u201d, indic\u00f3.<\/p>\n<p style=\"font-weight: 400; text-align: justify;\">La presidenta de la C\u00e1mara de Comercio de Coyhaique, Daisy Mondelo, valor\u00f3 las medidas, se\u00f1alando que \u201cnos sumamos a esta iniciativa y hacemos un\u00a0 llamado a hacer las compras temprano, a evitar las aglomeraciones y a comprar en los locales establecidos, adem\u00e1s de la campa\u00f1a de compra de productos regionales\u201d.<\/p>\n<p style=\"font-weight: 400; text-align: justify;\">El general Eduardo Palma a\u00f1adi\u00f3 que \u201cCarabineros va a estar desplegado en todas las comunas de la regi\u00f3n de Ays\u00e9n, sobre todo, incentivando el respeto a las normas del tr\u00e1nsito y reforzando el control al comercio que no cuente con permiso. El llamado es a comprar en el comercio establecido y a respetar las normas del tr\u00e1nsito, para un normal flujo vehicular y de peatones en las principales comunas de la regi\u00f3n\u201d.<\/p>\n<p style=\"font-weight: 400; text-align: justify;\">A su vez, la PDI concentrar\u00e1 su labor en investigaci\u00f3n criminal y control migratorio. \u00a0\u201cEl llamado a la comunidad es a estar atentos ante cualquier llamado de alg\u00fan desconocido, que se haga pasar por ejecutivo bancario y a no entregar antecedentes personales o familiares. Adem\u00e1s, en control migratorio estimamos un leve aumento del tr\u00e1nsito de pasajeros, con alrededor de 33 mil personas \u00a0en las tres avanzadas controladas por la PDI\u201d, coment\u00f3 Javier Valenzuela.<\/p>\n<p style=\"font-weight: 400; text-align: justify;\">Por su parte, Gabriela Retamal dijo que \u201cestamos desplegados en terreno, va a haber un grupo importante de funcionarios que van a fiscalizar el comercio ambulante, el comercio en general, el expendio de bebidas alcoh\u00f3licas y van a trabajar junto con Carabineros patrullando las distintas localidades para las vecinas y vecinos\u201d, agreg\u00f3.<\/p>\n<p style=\"font-weight: 400; text-align: justify;\">Entre los servicios que desarrollar\u00e1n acciones de control y fiscalizaci\u00f3n preventiva, adem\u00e1s de Carabineros y PDI, est\u00e1n la seremi de Transportes, Seremi de Salud, MOP, Senda, Sernac, SAG, Servicio de Impuestos Internos, Servicio de la Mujer y Equidad de G\u00e9nero y Senapred.<\/p>\n<\/div><\/section><\/div><div  style='height:50px' class='hr hr-invisible   avia-builder-el-6  el_after_av_one_full  el_before_av_social_share '><span class='hr-inner ' ><span class='hr-inner-style'><\/span><\/span><\/div><\/p>\n<div  class='av-social-sharing-box  avia-builder-el-7  el_after_av_hr  el_before_av_hr  '><div class='av-share-box'><h5 class='av-share-link-description av-no-toc '>Compartir esta noticia<\/h5><ul class='av-share-box-list noLightbox'><li class='av-share-link av-social-link-facebook' ><a target=\"_blank\" aria-label=\"Compartir en Facebook\" href='https:\/\/www.facebook.com\/sharer.php?u=https:\/\/radiorevelacionfm.cl\/?p=48585&#038;t=Gobierno%20present%C3%B3%20amplio%20despliegue%20con%20motivo%20del%20Plan%20Navidad%20Segura' aria-hidden='false' data-av_icon='\ue8f3' data-av_iconfont='entypo-fontello' title='' data-avia-related-tooltip='Compartir en Facebook' rel=\"noopener\"><span class='avia_hidden_link_text'>Compartir en Facebook<\/span><\/a><\/li><li class='av-share-link av-social-link-twitter' ><a target=\"_blank\" aria-label=\"Compartir en Twitter\" href='https:\/\/twitter.com\/share?text=Gobierno%20present%C3%B3%20amplio%20despliegue%20con%20motivo%20del%20Plan%20Navidad%20Segura&#038;url=https:\/\/radiorevelacionfm.cl\/?p=48585' aria-hidden='false' data-av_icon='\ue8f1' data-av_iconfont='entypo-fontello' title='' data-avia-related-tooltip='Compartir en Twitter' rel=\"noopener\"><span class='avia_hidden_link_text'>Compartir en Twitter<\/span><\/a><\/li><li class='av-share-link av-social-link-whatsapp' ><a target=\"_blank\" aria-label=\"Compartir en Whatsapp\" href='https:\/\/api.whatsapp.com\/send?text=https:\/\/radiorevelacionfm.cl\/?p=48585' aria-hidden='false' data-av_icon='\uf232' data-av_iconfont='entypo-fontello' title='' data-avia-related-tooltip='Compartir en Whatsapp' rel=\"noopener\"><span class='avia_hidden_link_text'>Compartir en Whatsapp<\/span><\/a><\/li><li class='av-share-link av-social-link-linkedin' ><a target=\"_blank\" aria-label=\"Compartir en LinkedIn\" href='https:\/\/linkedin.com\/shareArticle?mini=true&#038;title=Gobierno%20present%C3%B3%20amplio%20despliegue%20con%20motivo%20del%20Plan%20Navidad%20Segura&#038;url=https:\/\/radiorevelacionfm.cl\/?p=48585' aria-hidden='false' data-av_icon='\ue8fc' data-av_iconfont='entypo-fontello' title='' data-avia-related-tooltip='Compartir en LinkedIn' rel=\"noopener\"><span class='avia_hidden_link_text'>Compartir en LinkedIn<\/span><\/a><\/li><li class='av-share-link av-social-link-mail' ><a  aria-label=\"Compartir por correo\" href='mailto:?subject=Gobierno%20present%C3%B3%20amplio%20despliegue%20con%20motivo%20del%20Plan%20Navidad%20Segura&#038;body=https:\/\/radiorevelacionfm.cl\/?p=48585' aria-hidden='false' data-av_icon='\ue805' data-av_iconfont='entypo-fontello' title='' data-avia-related-tooltip='Compartir por correo'><span class='avia_hidden_link_text'>Compartir por correo<\/span><\/a><\/li><\/ul><\/div><\/div>\n<div  style='height:50px' class='hr hr-invisible   avia-builder-el-8  el_after_av_social_share  el_before_av_comments_list '><span class='hr-inner ' ><span class='hr-inner-style'><\/span><\/span><\/div>\n<div  class='av-buildercomment  av-blog-meta-html-info-disabled av-blog-meta-tag-disabled  '><\/div>\n","protected":false},"excerpt":{"rendered":"","protected":false},"author":1,"featured_media":48586,"comment_status":"open","ping_status":"open","sticky":false,"template":"","format":"standard","meta":{"footnotes":""},"categories":[38],"tags":[],"class_list":["post-48585","post","type-post","status-publish","format-standard","has-post-thumbnail","hentry","category-regional"],"jetpack_featured_media_url":"https:\/\/radiorevelacionfm.cl\/wp-content\/uploads\/2024\/12\/whatsapp-image-2024-12-05-at-2_optimized.32.06-pm-3-1-1.jpeg","_links":{"self":[{"href":"https:\/\/radiorevelacionfm.cl\/index.php?rest_route=\/wp\/v2\/posts\/48585","targetHints":{"allow":["GET"]}}],"collection":[{"href":"https:\/\/radiorevelacionfm.cl\/index.php?rest_route=\/wp\/v2\/posts"}],"about":[{"href":"https:\/\/radiorevelacionfm.cl\/index.php?rest_route=\/wp\/v2\/types\/post"}],"author":[{"embeddable":true,"href":"https:\/\/radiorevelacionfm.cl\/index.php?rest_route=\/wp\/v2\/users\/1"}],"replies":[{"embeddable":true,"href":"https:\/\/radiorevelacionfm.cl\/index.php?rest_route=%2Fwp%2Fv2%2Fcomments&post=48585"}],"version-history":[{"count":1,"href":"https:\/\/radiorevelacionfm.cl\/index.php?rest_route=\/wp\/v2\/posts\/48585\/revisions"}],"predecessor-version":[{"id":48587,"href":"https:\/\/radiorevelacionfm.cl\/index.php?rest_route=\/wp\/v2\/posts\/48585\/revisions\/48587"}],"wp:featuredmedia":[{"embeddable":true,"href":"https:\/\/radiorevelacionfm.cl\/index.php?rest_route=\/wp\/v2\/media\/48586"}],"wp:attachment":[{"href":"https:\/\/radiorevelacionfm.cl\/index.php?rest_route=%2Fwp%2Fv2%2Fmedia&parent=48585"}],"wp:term":[{"taxonomy":"category","embeddable":true,"href":"https:\/\/radiorevelacionfm.cl\/index.php?rest_route=%2Fwp%2Fv2%2Fcategories&post=48585"},{"taxonomy":"post_tag","embeddable":true,"href":"https:\/\/radiorevelacionfm.cl\/index.php?rest_route=%2Fwp%2Fv2%2Ftags&post=48585"}],"curies":[{"name":"wp","href":"https:\/\/api.w.org\/{rel}","templated":true}]}}