{"id":48576,"date":"2024-12-05T22:34:38","date_gmt":"2024-12-06T01:34:38","guid":{"rendered":"https:\/\/radiorevelacionfm.cl\/?p=48576"},"modified":"2024-12-05T22:34:38","modified_gmt":"2024-12-06T01:34:38","slug":"senadora-ordenes-destaco-proyecto-de-ley-que-se-hace-cargo-de-la-deuda-historica-de-las-y-los-profesores-ahora-le-toca-al-congreso","status":"publish","type":"post","link":"https:\/\/radiorevelacionfm.cl\/?p=48576","title":{"rendered":"Senadora \u00d3rdenes destac\u00f3 proyecto de ley que se hace cargo de la Deuda Hist\u00f3rica de las y los profesores: \u201cAhora le toca al Congreso\u201d"},"content":{"rendered":"<div class=\"flex_column av_one_full  flex_column_div av-zero-column-padding first  avia-builder-el-0  el_before_av_one_full  avia-builder-el-first  \" style='border-radius:0px; '><div  class='avia-image-container  av-styling-    avia-builder-el-1  avia-builder-el-no-sibling  avia-align-center '  itemprop=\"image\" itemscope=\"itemscope\" itemtype=\"https:\/\/schema.org\/ImageObject\"  ><div class='avia-image-container-inner'><div class='avia-image-overlay-wrap'><img decoding=\"async\" class='wp-image-48577 avia-img-lazy-loading-not-48577 avia_image' src=\"https:\/\/radiorevelacionfm.cl\/wp-content\/uploads\/2024\/12\/SENADORA-13-1-1.jpeg\" alt='' title='SENADORA (13) (1) (1)' height=\"600\" width=\"898\"  itemprop=\"thumbnailUrl\" srcset=\"https:\/\/radiorevelacionfm.cl\/wp-content\/uploads\/2024\/12\/SENADORA-13-1-1.jpeg 898w, https:\/\/radiorevelacionfm.cl\/wp-content\/uploads\/2024\/12\/SENADORA-13-1-1-300x200.jpeg 300w, https:\/\/radiorevelacionfm.cl\/wp-content\/uploads\/2024\/12\/SENADORA-13-1-1-768x513.jpeg 768w, https:\/\/radiorevelacionfm.cl\/wp-content\/uploads\/2024\/12\/SENADORA-13-1-1-705x471.jpeg 705w, https:\/\/radiorevelacionfm.cl\/wp-content\/uploads\/2024\/12\/SENADORA-13-1-1-450x301.jpeg 450w, https:\/\/radiorevelacionfm.cl\/wp-content\/uploads\/2024\/12\/SENADORA-13-1-1-600x401.jpeg 600w\" sizes=\"(max-width: 898px) 100vw, 898px\" \/><\/div><\/div><\/div><\/div><div class=\"flex_column av_one_full  flex_column_div av-zero-column-padding first  avia-builder-el-2  el_after_av_one_full  el_before_av_one_full  column-top-margin\" style='border-radius:0px; '><section class=\"av_textblock_section \"  itemscope=\"itemscope\" itemtype=\"https:\/\/schema.org\/BlogPosting\" itemprop=\"blogPost\" ><div class='avia_textblock  '   itemprop=\"text\" ><p style=\"text-align: center;\"><strong><span style=\"font-size: 18pt;\">Senadora \u00d3rdenes destac\u00f3 proyecto de ley que se hace cargo de la Deuda Hist\u00f3rica de las y los profesores: \u201cAhora le toca al Congreso\u201d<\/span><\/strong><\/p>\n<div id=\"gtx-trans\" style=\"position: absolute; left: -50px; top: 4.31534px;\">\n<div class=\"gtx-trans-icon\"><\/div>\n<\/div>\n<\/div><\/section><\/div><div class=\"flex_column av_one_full  flex_column_div av-zero-column-padding first  avia-builder-el-4  el_after_av_one_full  el_before_av_hr  column-top-margin\" style='border-radius:0px; '><section class=\"av_textblock_section \"  itemscope=\"itemscope\" itemtype=\"https:\/\/schema.org\/BlogPosting\" itemprop=\"blogPost\" ><div class='avia_textblock  '   itemprop=\"text\" ><p style=\"text-align: justify;\">La senadora por la regi\u00f3n de Ays\u00e9n, Ximena \u00d3rdenes Neira, manifest\u00f3 su compromiso con las y los profesores y con el proyecto de ley que pretende hacerse cargo de la Deuda Hist\u00f3rica.<\/p>\n<p style=\"text-align: justify;\">El proyecto propone un monto de 4,5 millones de pesos a cada docente vivo afectado, reajustable y cuyo pago ser\u00eda progresivo, abarcando al universo total de docentes en un plazo de 6 a\u00f1os. Para esto, establece que la Tesorer\u00eda General de la Rep\u00fablica ser\u00e1 la instituci\u00f3n responsable de ejecutar los pagos respectivos a la cuenta bancaria que indiquen los docentes.<\/p>\n<p style=\"text-align: justify;\">\u201cLa Deuda Hist\u00f3rica es un perjuicio salarial que se ha arrastrado por a\u00f1os, desde que la administraci\u00f3n de los establecimientos se traspas\u00f3 desde el Estado a las municipalidades\u201d, record\u00f3 la parlamentaria, destacando que \u201cel Ejecutivo ha ingresado este proyecto de ley para saldar esa deuda\u201d.<\/p>\n<p style=\"text-align: justify;\">\u201cEste es un tema que se ha arrastrado durante d\u00e9cadas y que ha afectado a miles de profesores y profesoras en Chile. Ahora le toca al Congreso\u201d, sostuvo la representante aisenina, quien ya se mostrado su compromiso con distintas causas del magisterio.<\/p>\n<p style=\"text-align: justify;\">\u201cQuiero manifestar mi compromiso con este proyecto de ley y valorar que 27 mil docentes participaran de esta iniciativa, por lo que debemos darle celeridad y reconocer el trabajo y el aporte que han realizado los docentes en Chile\u201d, finaliz\u00f3 \u00d3rdenes, con un llamado a priorizar la discusi\u00f3n legislativa en torno a la Deuda Hist\u00f3rica y a este acuerdo que representa en m\u00e1s de un 80% a las y los profesores que fueron parte del sondeo realizado por el Gobierno.<\/p>\n<p style=\"text-align: justify;\">Cabe destacar que el monto que contempla la iniciativa no ser\u00eda imponible, ni tributable y no estar\u00e1 afecto a ning\u00fan tipo de descuento. El pago se har\u00e1 efectivo en dos cuotas y comenzar\u00eda con las personas de mayor edad. Adem\u00e1s, en el caso de que la o el beneficiario fallezca, el pago podr\u00e1 ser transmisible a quien corresponda.<\/p>\n<\/div><\/section><\/div><div  style='height:50px' class='hr hr-invisible   avia-builder-el-6  el_after_av_one_full  el_before_av_social_share '><span class='hr-inner ' ><span class='hr-inner-style'><\/span><\/span><\/div><\/p>\n<div  class='av-social-sharing-box  avia-builder-el-7  el_after_av_hr  el_before_av_hr  '><div class='av-share-box'><h5 class='av-share-link-description av-no-toc '>Compartir esta noticia<\/h5><ul class='av-share-box-list noLightbox'><li class='av-share-link av-social-link-facebook' ><a target=\"_blank\" aria-label=\"Compartir en Facebook\" href='https:\/\/www.facebook.com\/sharer.php?u=https:\/\/radiorevelacionfm.cl\/?p=48576&#038;t=Senadora%20%C3%93rdenes%20destac%C3%B3%20proyecto%20de%20ley%20que%20se%20hace%20cargo%20de%20la%20Deuda%20Hist%C3%B3rica%20de%20las%20y%20los%20profesores%3A%20%E2%80%9CAhora%20le%20toca%20al%20Congreso%E2%80%9D' aria-hidden='false' data-av_icon='\ue8f3' data-av_iconfont='entypo-fontello' title='' data-avia-related-tooltip='Compartir en Facebook' rel=\"noopener\"><span class='avia_hidden_link_text'>Compartir en Facebook<\/span><\/a><\/li><li class='av-share-link av-social-link-twitter' ><a target=\"_blank\" aria-label=\"Compartir en Twitter\" href='https:\/\/twitter.com\/share?text=Senadora%20%C3%93rdenes%20destac%C3%B3%20proyecto%20de%20ley%20que%20se%20hace%20cargo%20de%20la%20Deuda%20Hist%C3%B3rica%20de%20las%20y%20los%20profesores%3A%20%E2%80%9CAhora%20le%20toca%20al%20Congreso%E2%80%9D&#038;url=https:\/\/radiorevelacionfm.cl\/?p=48576' aria-hidden='false' data-av_icon='\ue8f1' data-av_iconfont='entypo-fontello' title='' data-avia-related-tooltip='Compartir en Twitter' rel=\"noopener\"><span class='avia_hidden_link_text'>Compartir en Twitter<\/span><\/a><\/li><li class='av-share-link av-social-link-whatsapp' ><a target=\"_blank\" aria-label=\"Compartir en Whatsapp\" href='https:\/\/api.whatsapp.com\/send?text=https:\/\/radiorevelacionfm.cl\/?p=48576' aria-hidden='false' data-av_icon='\uf232' data-av_iconfont='entypo-fontello' title='' data-avia-related-tooltip='Compartir en Whatsapp' rel=\"noopener\"><span class='avia_hidden_link_text'>Compartir en Whatsapp<\/span><\/a><\/li><li class='av-share-link av-social-link-linkedin' ><a target=\"_blank\" aria-label=\"Compartir en LinkedIn\" href='https:\/\/linkedin.com\/shareArticle?mini=true&#038;title=Senadora%20%C3%93rdenes%20destac%C3%B3%20proyecto%20de%20ley%20que%20se%20hace%20cargo%20de%20la%20Deuda%20Hist%C3%B3rica%20de%20las%20y%20los%20profesores%3A%20%E2%80%9CAhora%20le%20toca%20al%20Congreso%E2%80%9D&#038;url=https:\/\/radiorevelacionfm.cl\/?p=48576' aria-hidden='false' data-av_icon='\ue8fc' data-av_iconfont='entypo-fontello' title='' data-avia-related-tooltip='Compartir en LinkedIn' rel=\"noopener\"><span class='avia_hidden_link_text'>Compartir en LinkedIn<\/span><\/a><\/li><li class='av-share-link av-social-link-mail' ><a  aria-label=\"Compartir por correo\" href='mailto:?subject=Senadora%20%C3%93rdenes%20destac%C3%B3%20proyecto%20de%20ley%20que%20se%20hace%20cargo%20de%20la%20Deuda%20Hist%C3%B3rica%20de%20las%20y%20los%20profesores%3A%20%E2%80%9CAhora%20le%20toca%20al%20Congreso%E2%80%9D&#038;body=https:\/\/radiorevelacionfm.cl\/?p=48576' aria-hidden='false' data-av_icon='\ue805' data-av_iconfont='entypo-fontello' title='' data-avia-related-tooltip='Compartir por correo'><span class='avia_hidden_link_text'>Compartir por correo<\/span><\/a><\/li><\/ul><\/div><\/div>\n<div  style='height:50px' class='hr hr-invisible   avia-builder-el-8  el_after_av_social_share  el_before_av_comments_list '><span class='hr-inner ' ><span class='hr-inner-style'><\/span><\/span><\/div>\n<div  class='av-buildercomment  av-blog-meta-html-info-disabled av-blog-meta-tag-disabled  '><\/div>\n","protected":false},"excerpt":{"rendered":"","protected":false},"author":1,"featured_media":48577,"comment_status":"open","ping_status":"open","sticky":false,"template":"","format":"standard","meta":{"footnotes":""},"categories":[35],"tags":[],"class_list":["post-48576","post","type-post","status-publish","format-standard","has-post-thumbnail","hentry","category-politica"],"jetpack_featured_media_url":"https:\/\/radiorevelacionfm.cl\/wp-content\/uploads\/2024\/12\/SENADORA-13-1-1.jpeg","_links":{"self":[{"href":"https:\/\/radiorevelacionfm.cl\/index.php?rest_route=\/wp\/v2\/posts\/48576","targetHints":{"allow":["GET"]}}],"collection":[{"href":"https:\/\/radiorevelacionfm.cl\/index.php?rest_route=\/wp\/v2\/posts"}],"about":[{"href":"https:\/\/radiorevelacionfm.cl\/index.php?rest_route=\/wp\/v2\/types\/post"}],"author":[{"embeddable":true,"href":"https:\/\/radiorevelacionfm.cl\/index.php?rest_route=\/wp\/v2\/users\/1"}],"replies":[{"embeddable":true,"href":"https:\/\/radiorevelacionfm.cl\/index.php?rest_route=%2Fwp%2Fv2%2Fcomments&post=48576"}],"version-history":[{"count":1,"href":"https:\/\/radiorevelacionfm.cl\/index.php?rest_route=\/wp\/v2\/posts\/48576\/revisions"}],"predecessor-version":[{"id":48578,"href":"https:\/\/radiorevelacionfm.cl\/index.php?rest_route=\/wp\/v2\/posts\/48576\/revisions\/48578"}],"wp:featuredmedia":[{"embeddable":true,"href":"https:\/\/radiorevelacionfm.cl\/index.php?rest_route=\/wp\/v2\/media\/48577"}],"wp:attachment":[{"href":"https:\/\/radiorevelacionfm.cl\/index.php?rest_route=%2Fwp%2Fv2%2Fmedia&parent=48576"}],"wp:term":[{"taxonomy":"category","embeddable":true,"href":"https:\/\/radiorevelacionfm.cl\/index.php?rest_route=%2Fwp%2Fv2%2Fcategories&post=48576"},{"taxonomy":"post_tag","embeddable":true,"href":"https:\/\/radiorevelacionfm.cl\/index.php?rest_route=%2Fwp%2Fv2%2Ftags&post=48576"}],"curies":[{"name":"wp","href":"https:\/\/api.w.org\/{rel}","templated":true}]}}