{"id":48573,"date":"2024-12-06T09:38:25","date_gmt":"2024-12-06T12:38:25","guid":{"rendered":"https:\/\/radiorevelacionfm.cl\/?p=48573"},"modified":"2024-12-06T09:38:25","modified_gmt":"2024-12-06T12:38:25","slug":"gobierno-regional-aprueba-2-500-millones-de-pesos-para-programa-sernatur-aysen","status":"publish","type":"post","link":"https:\/\/radiorevelacionfm.cl\/?p=48573","title":{"rendered":"Gobierno Regional aprueba $2.500 millones de pesos para programa Sernatur Ays\u00e9n"},"content":{"rendered":"<div class=\"flex_column av_one_full  flex_column_div av-zero-column-padding first  avia-builder-el-0  el_before_av_one_full  avia-builder-el-first  \" style='border-radius:0px; '><div  class='avia-image-container  av-styling-    avia-builder-el-1  avia-builder-el-no-sibling  avia-align-center '  itemprop=\"image\" itemscope=\"itemscope\" itemtype=\"https:\/\/schema.org\/ImageObject\"  ><div class='avia-image-container-inner'><div class='avia-image-overlay-wrap'><img decoding=\"async\" class='wp-image-48574 avia-img-lazy-loading-not-48574 avia_image' src=\"https:\/\/radiorevelacionfm.cl\/wp-content\/uploads\/2024\/12\/APROBACION-PROGRAMA-SERNATUR-1-1.jpeg\" alt='' title='APROBACION PROGRAMA SERNATUR (1) (1)' height=\"600\" width=\"1067\"  itemprop=\"thumbnailUrl\" srcset=\"https:\/\/radiorevelacionfm.cl\/wp-content\/uploads\/2024\/12\/APROBACION-PROGRAMA-SERNATUR-1-1.jpeg 1067w, https:\/\/radiorevelacionfm.cl\/wp-content\/uploads\/2024\/12\/APROBACION-PROGRAMA-SERNATUR-1-1-300x169.jpeg 300w, https:\/\/radiorevelacionfm.cl\/wp-content\/uploads\/2024\/12\/APROBACION-PROGRAMA-SERNATUR-1-1-1030x579.jpeg 1030w, https:\/\/radiorevelacionfm.cl\/wp-content\/uploads\/2024\/12\/APROBACION-PROGRAMA-SERNATUR-1-1-768x432.jpeg 768w, https:\/\/radiorevelacionfm.cl\/wp-content\/uploads\/2024\/12\/APROBACION-PROGRAMA-SERNATUR-1-1-705x396.jpeg 705w, https:\/\/radiorevelacionfm.cl\/wp-content\/uploads\/2024\/12\/APROBACION-PROGRAMA-SERNATUR-1-1-450x253.jpeg 450w, https:\/\/radiorevelacionfm.cl\/wp-content\/uploads\/2024\/12\/APROBACION-PROGRAMA-SERNATUR-1-1-600x337.jpeg 600w\" sizes=\"(max-width: 1067px) 100vw, 1067px\" \/><\/div><\/div><\/div><\/div>\n<div class=\"flex_column av_one_full  flex_column_div av-zero-column-padding first  avia-builder-el-2  el_after_av_one_full  el_before_av_one_full  column-top-margin\" style='border-radius:0px; '><section class=\"av_textblock_section \"  itemscope=\"itemscope\" itemtype=\"https:\/\/schema.org\/BlogPosting\" itemprop=\"blogPost\" ><div class='avia_textblock  '   itemprop=\"text\" ><p style=\"text-align: center;\"><strong><span style=\"font-size: 18pt;\">Gobierno Regional aprueba $2.500 millones de pesos para programa Sernatur Ays\u00e9n<\/span><\/strong><\/p>\n<div id=\"gtx-trans\" style=\"position: absolute; left: -50px; top: 4.31534px;\">\n<div class=\"gtx-trans-icon\"><\/div>\n<\/div>\n<\/div><\/section><\/div><div class=\"flex_column av_one_full  flex_column_div av-zero-column-padding first  avia-builder-el-4  el_after_av_one_full  el_before_av_hr  column-top-margin\" style='border-radius:0px; '><section class=\"av_textblock_section \"  itemscope=\"itemscope\" itemtype=\"https:\/\/schema.org\/BlogPosting\" itemprop=\"blogPost\" ><div class='avia_textblock  '   itemprop=\"text\" ><p style=\"text-align: justify;\"><em>El Programa \u201cFortalecimiento de la Competitividad del Destino Ays\u00e9n Patagonia\u201d fue aprobado por el Gobierno Regional de Ays\u00e9n y su Consejo de manera un\u00e1nime. Esta aprobaci\u00f3n posibilitar\u00e1 la ejecuci\u00f3n durante 24 meses de una serie de acciones para robustecer la actividad tur\u00edstica local.<\/em><\/p>\n<p style=\"text-align: justify;\">El Programa propuesto por Sernatur Ays\u00e9n tiene como objetivo general fortalecer el desarrollo del sistema tur\u00edstico del destino Ays\u00e9n Patagonia, en base a una gesti\u00f3n integral la que buscar\u00e1 aumentar la competitividad del sector. El programa cuenta con una estrategia de intervenci\u00f3n que contiene 4 componentes; oferta Tur\u00edstica, demanda tur\u00edstica, sistema de informaci\u00f3n, gobernanza y planificaci\u00f3n regional. El programa en su totalidad \u00a0equivale a un presupuesto de $2.500.000 y posee un plazo de ejecuci\u00f3n de 24 meses.<\/p>\n<p style=\"text-align: justify;\">Esta iniciativa acaba de ser aprobada en su totalidad por en Plenario del Gobierno Regional de Ays\u00e9n y su Consejo, lo que se traduce en positivas noticias para el sector tur\u00edstico, el que se prepara para abrir la temporada alta 2024-2025.<\/p>\n<p style=\"text-align: justify;\">Para el Director Regional de Sernatur Claudio Montecinos, quien lider\u00f3 el equipo de profesionales que dise\u00f1aron el programa mencion\u00f3 que: \u201c<em>La aprobaci\u00f3n por parte del Consejo Regional de Ays\u00e9n es una gran noticia para el sector turismo de nuestra regi\u00f3n. Este programa tiene como principal objetivo, aumentar la competitividad de nuestro destino Ays\u00e9n Patagonia. Nuestra propuesta el Gobierno Regional es poder trabajar junto al sector privado en la implementaci\u00f3n de las distintas acciones presentadas en este programa en los dos pr\u00f3ximos a\u00f1os\u201d.<\/em><\/p>\n<p style=\"text-align: justify;\">Por su parte el Gobernador Regional Omar Mu\u00f1oz Sierra, puso sobre relieve la importancia de la actividad tur\u00edstica dentro del sector productivo local: <em>\u201cHemos aprobado recursos importantes por $2.500 millones para el Programa de Sernatur, que busca potenciar el destino Ays\u00e9n Patagonia. Nuestro objetivo como Gobierno Regional, es seguir apoyando a todos los micro, peque\u00f1os y medianos empresarios que se dedican al rubro del turismo y potenciar el destino a fin de que esta actividad econ\u00f3mica siga contribuyendo significativamente al desarrollo de la Regi\u00f3n de Ays\u00e9n como una actividad importante dentro del sector productivo la regi\u00f3n y como una actividad estrat\u00e9gica para el desarrollo de la regi\u00f3n\u201d.<\/em><\/p>\n<p style=\"text-align: justify;\">El Seremi de Econom\u00eda, Fomento y Turismo de la Regi\u00f3n de Ays\u00e9n, Felipe Rojas Pizarro relev\u00f3 la inmensa importancia de contar con este financiamiento: <em>\u201cDesde nuestro Gobierno y en especial desde la Seremi de Econom\u00eda, Fomento y Turismo, recibimos esto como una muy buena noticia porque es un programa muy completo que ha sido elaborado cuidadosamente por Sernatur Ays\u00e9n y que compromete y beneficia a cada uno de los territorios de la regi\u00f3n.<\/em><\/p>\n<p style=\"text-align: justify;\"><em>Nuestro Gobierno ha puesto especial \u00e9nfasis en potenciar nuestro destino y posicionarlo en diversos mercados internacionales y tambi\u00e9n hemos trabajado fuertemente en para atraer el turismo interno, como as\u00ed tambi\u00e9n hemos desarrollado colaborativamente con los sectores, la Estrategia de Turismo Sostenible 2035. Por eso esta noticia es tan importante ya que Son $2.500.000 millones de pesos que se distribuyen en diversas iniciativas que est\u00e1n contenidas en el marco de este programa y que permitir\u00e1 financiar una serie de acciones que se encuentran alineadas en la promoci\u00f3n de nuestro destino y en robustecer fuertemente la actividad en nuestra Regi\u00f3n de Ays\u00e9n\u201d.<\/em><\/p>\n<p style=\"text-align: justify;\">El programa recientemente aprobado permitir\u00e1 desplegar la estrategia de intervenci\u00f3n de Sernatur en todas la comunas de la regi\u00f3n, con una estrecha vinculaci\u00f3n con los municipios, gremios, organizaciones territoriales (ZOIT), empresas y emprendimientos tur\u00edsticos y otros actores que se vinculan con el sector, posibilitando mejoras sustantivas para el desarrollo y crecimiento de la actividad en la Regi\u00f3n de Ays\u00e9n. De esta manera se desarrollar\u00e1n durante 2 a\u00f1os diversas acciones que contin\u00faen transformando el turismo regional y a sus operadores en protagonistas del desarrollo local, mejorando sus condiciones, ampliando su alcance y por sobretodo, impulsar con mayor relevancia nuestro destino Ays\u00e9n Patagonia.<\/p>\n<p style=\"text-align: justify;\"><em>\u00a0<\/em><\/p>\n<\/div><\/section><\/div><\/p>\n<div  style='height:50px' class='hr hr-invisible   avia-builder-el-6  el_after_av_one_full  el_before_av_social_share '><span class='hr-inner ' ><span class='hr-inner-style'><\/span><\/span><\/div>\n<div  class='av-social-sharing-box  avia-builder-el-7  el_after_av_hr  el_before_av_hr  '><div class='av-share-box'><h5 class='av-share-link-description av-no-toc '>Compartir esta noticia<\/h5><ul class='av-share-box-list noLightbox'><li class='av-share-link av-social-link-facebook' ><a target=\"_blank\" aria-label=\"Compartir en Facebook\" href='https:\/\/www.facebook.com\/sharer.php?u=https:\/\/radiorevelacionfm.cl\/?p=48573&#038;t=Gobierno%20Regional%20aprueba%20%242.500%20millones%20de%20pesos%20para%20programa%20Sernatur%20Ays%C3%A9n' aria-hidden='false' data-av_icon='\ue8f3' data-av_iconfont='entypo-fontello' title='' data-avia-related-tooltip='Compartir en Facebook' rel=\"noopener\"><span class='avia_hidden_link_text'>Compartir en Facebook<\/span><\/a><\/li><li class='av-share-link av-social-link-twitter' ><a target=\"_blank\" aria-label=\"Compartir en Twitter\" href='https:\/\/twitter.com\/share?text=Gobierno%20Regional%20aprueba%20%242.500%20millones%20de%20pesos%20para%20programa%20Sernatur%20Ays%C3%A9n&#038;url=https:\/\/radiorevelacionfm.cl\/?p=48573' aria-hidden='false' data-av_icon='\ue8f1' data-av_iconfont='entypo-fontello' title='' data-avia-related-tooltip='Compartir en Twitter' rel=\"noopener\"><span class='avia_hidden_link_text'>Compartir en Twitter<\/span><\/a><\/li><li class='av-share-link av-social-link-whatsapp' ><a target=\"_blank\" aria-label=\"Compartir en Whatsapp\" href='https:\/\/api.whatsapp.com\/send?text=https:\/\/radiorevelacionfm.cl\/?p=48573' aria-hidden='false' data-av_icon='\uf232' data-av_iconfont='entypo-fontello' title='' data-avia-related-tooltip='Compartir en Whatsapp' rel=\"noopener\"><span class='avia_hidden_link_text'>Compartir en Whatsapp<\/span><\/a><\/li><li class='av-share-link av-social-link-linkedin' ><a target=\"_blank\" aria-label=\"Compartir en LinkedIn\" href='https:\/\/linkedin.com\/shareArticle?mini=true&#038;title=Gobierno%20Regional%20aprueba%20%242.500%20millones%20de%20pesos%20para%20programa%20Sernatur%20Ays%C3%A9n&#038;url=https:\/\/radiorevelacionfm.cl\/?p=48573' aria-hidden='false' data-av_icon='\ue8fc' data-av_iconfont='entypo-fontello' title='' data-avia-related-tooltip='Compartir en LinkedIn' rel=\"noopener\"><span class='avia_hidden_link_text'>Compartir en LinkedIn<\/span><\/a><\/li><li class='av-share-link av-social-link-mail' ><a  aria-label=\"Compartir por correo\" href='mailto:?subject=Gobierno%20Regional%20aprueba%20%242.500%20millones%20de%20pesos%20para%20programa%20Sernatur%20Ays%C3%A9n&#038;body=https:\/\/radiorevelacionfm.cl\/?p=48573' aria-hidden='false' data-av_icon='\ue805' data-av_iconfont='entypo-fontello' title='' data-avia-related-tooltip='Compartir por correo'><span class='avia_hidden_link_text'>Compartir por correo<\/span><\/a><\/li><\/ul><\/div><\/div>\n<div  style='height:50px' class='hr hr-invisible   avia-builder-el-8  el_after_av_social_share  el_before_av_comments_list '><span class='hr-inner ' ><span class='hr-inner-style'><\/span><\/span><\/div>\n<div  class='av-buildercomment  av-blog-meta-html-info-disabled av-blog-meta-tag-disabled  '><\/div>\n","protected":false},"excerpt":{"rendered":"","protected":false},"author":1,"featured_media":48574,"comment_status":"open","ping_status":"open","sticky":false,"template":"","format":"standard","meta":{"footnotes":""},"categories":[54],"tags":[],"class_list":["post-48573","post","type-post","status-publish","format-standard","has-post-thumbnail","hentry","category-turismo"],"jetpack_featured_media_url":"https:\/\/radiorevelacionfm.cl\/wp-content\/uploads\/2024\/12\/APROBACION-PROGRAMA-SERNATUR-1-1.jpeg","_links":{"self":[{"href":"https:\/\/radiorevelacionfm.cl\/index.php?rest_route=\/wp\/v2\/posts\/48573","targetHints":{"allow":["GET"]}}],"collection":[{"href":"https:\/\/radiorevelacionfm.cl\/index.php?rest_route=\/wp\/v2\/posts"}],"about":[{"href":"https:\/\/radiorevelacionfm.cl\/index.php?rest_route=\/wp\/v2\/types\/post"}],"author":[{"embeddable":true,"href":"https:\/\/radiorevelacionfm.cl\/index.php?rest_route=\/wp\/v2\/users\/1"}],"replies":[{"embeddable":true,"href":"https:\/\/radiorevelacionfm.cl\/index.php?rest_route=%2Fwp%2Fv2%2Fcomments&post=48573"}],"version-history":[{"count":2,"href":"https:\/\/radiorevelacionfm.cl\/index.php?rest_route=\/wp\/v2\/posts\/48573\/revisions"}],"predecessor-version":[{"id":48610,"href":"https:\/\/radiorevelacionfm.cl\/index.php?rest_route=\/wp\/v2\/posts\/48573\/revisions\/48610"}],"wp:featuredmedia":[{"embeddable":true,"href":"https:\/\/radiorevelacionfm.cl\/index.php?rest_route=\/wp\/v2\/media\/48574"}],"wp:attachment":[{"href":"https:\/\/radiorevelacionfm.cl\/index.php?rest_route=%2Fwp%2Fv2%2Fmedia&parent=48573"}],"wp:term":[{"taxonomy":"category","embeddable":true,"href":"https:\/\/radiorevelacionfm.cl\/index.php?rest_route=%2Fwp%2Fv2%2Fcategories&post=48573"},{"taxonomy":"post_tag","embeddable":true,"href":"https:\/\/radiorevelacionfm.cl\/index.php?rest_route=%2Fwp%2Fv2%2Ftags&post=48573"}],"curies":[{"name":"wp","href":"https:\/\/api.w.org\/{rel}","templated":true}]}}