{"id":48570,"date":"2024-12-05T17:54:35","date_gmt":"2024-12-05T20:54:35","guid":{"rendered":"https:\/\/radiorevelacionfm.cl\/?p=48570"},"modified":"2024-12-05T17:54:35","modified_gmt":"2024-12-05T20:54:35","slug":"culturas-aysen-lleva-talleres-para-acercar-programacion-a-barrios-de-coyhaique","status":"publish","type":"post","link":"https:\/\/radiorevelacionfm.cl\/?p=48570","title":{"rendered":"Culturas Ays\u00e9n lleva talleres para acercar programaci\u00f3n a barrios de Coyhaique"},"content":{"rendered":"<div class=\"flex_column av_one_full  flex_column_div av-zero-column-padding first  avia-builder-el-0  el_before_av_one_full  avia-builder-el-first  \" style='border-radius:0px; '><div  class='avia-image-container  av-styling-    avia-builder-el-1  avia-builder-el-no-sibling  avia-align-center '  itemprop=\"image\" itemscope=\"itemscope\" itemtype=\"https:\/\/schema.org\/ImageObject\"  ><div class='avia-image-container-inner'><div class='avia-image-overlay-wrap'><img decoding=\"async\" class='wp-image-48571 avia-img-lazy-loading-not-48571 avia_image' src=\"https:\/\/radiorevelacionfm.cl\/wp-content\/uploads\/2024\/12\/muralismo-5-1_optimized.jpg\" alt='' title='muralismo-5-(1)_optimized' height=\"600\" width=\"828\"  itemprop=\"thumbnailUrl\" srcset=\"https:\/\/radiorevelacionfm.cl\/wp-content\/uploads\/2024\/12\/muralismo-5-1_optimized.jpg 828w, https:\/\/radiorevelacionfm.cl\/wp-content\/uploads\/2024\/12\/muralismo-5-1_optimized-300x217.jpg 300w, https:\/\/radiorevelacionfm.cl\/wp-content\/uploads\/2024\/12\/muralismo-5-1_optimized-768x557.jpg 768w, https:\/\/radiorevelacionfm.cl\/wp-content\/uploads\/2024\/12\/muralismo-5-1_optimized-705x511.jpg 705w, https:\/\/radiorevelacionfm.cl\/wp-content\/uploads\/2024\/12\/muralismo-5-1_optimized-450x326.jpg 450w, https:\/\/radiorevelacionfm.cl\/wp-content\/uploads\/2024\/12\/muralismo-5-1_optimized-600x435.jpg 600w\" sizes=\"(max-width: 828px) 100vw, 828px\" \/><\/div><\/div><\/div><\/div><div class=\"flex_column av_one_full  flex_column_div av-zero-column-padding first  avia-builder-el-2  el_after_av_one_full  el_before_av_one_full  column-top-margin\" style='border-radius:0px; '><section class=\"av_textblock_section \"  itemscope=\"itemscope\" itemtype=\"https:\/\/schema.org\/BlogPosting\" itemprop=\"blogPost\" ><div class='avia_textblock  '   itemprop=\"text\" ><p style=\"text-align: center;\"><span style=\"font-size: 18pt;\"><b>Culturas Ays\u00e9n lleva talleres para acercar programaci\u00f3n a barrios de Coyhaique<\/b><\/span><\/p>\n<div id=\"gtx-trans\" style=\"position: absolute; left: -50px; top: 4.31534px;\">\n<div class=\"gtx-trans-icon\"><\/div>\n<\/div>\n<\/div><\/section><\/div><div class=\"flex_column av_one_full  flex_column_div av-zero-column-padding first  avia-builder-el-4  el_after_av_one_full  el_before_av_hr  column-top-margin\" style='border-radius:0px; '><section class=\"av_textblock_section \"  itemscope=\"itemscope\" itemtype=\"https:\/\/schema.org\/BlogPosting\" itemprop=\"blogPost\" ><div class='avia_textblock  '   itemprop=\"text\" ><p style=\"text-align: justify;\">A trav\u00e9s de su Iniciativa Estrat\u00e9gica Regional Cultura para el buen vivir, la Secretar\u00eda Regional Ministerial de las Culturas, las Artes y el Patrimonio Regi\u00f3n de Ays\u00e9n, est\u00e1 desarrollando talleres formativos en los barrios agrupados en el Pol\u00edgono Patagonia.<\/p>\n<p style=\"text-align: justify;\">Junto a los dirigentes vecinales, un equipo de docentes de la Escuela Teatro Austral lleva adelante 5 talleres: Teatro y Memorias, para adultos mayores a cargo de B\u00e1rbara Medina; Teatro Infantil, a cargo de Francisca D\u00edaz; Danza Urbana, guiado por Manuel Jaque; Tejidos, Hilo y Crochet, facilitado por Edith Gonz\u00e1lez; y Muralismo Colectivo, guiado por Denisse Olgu\u00edn.<\/p>\n<p style=\"text-align: justify;\">Las experiencias est\u00e1n siendo facilitadas en los barrios Ampliaci\u00f3n Pablo Neruda, Achen, Villa Patagonia y Valles del Sol.<\/p>\n<p style=\"text-align: justify;\">El seremi de Culturas Ays\u00e9n, Felipe Quiroz, cuenta que \u00ablos espacios vecinales y los espacios p\u00fablicos en general pertenecen a las y los ciudadanos; y llenarlos de experiencias culturales y art\u00edsticas es una forma de permanente recuperaci\u00f3n para la vida comunitaria y barrial. Como Gobierno entendemos que la cultura es fundamental para poder construir comunidades m\u00e1s s\u00f3lidas, y con estas herramientas vamos posibilitando aquello\u201d.<\/p>\n<p style=\"text-align: justify;\">La actriz Francisca D\u00edaz est\u00e1 realizando el Taller de Teatro Infantil para ni\u00f1os y ni\u00f1as de la Junta de Vecinos de Villa Patagonia: \u201cHasta ahora ha sido una bonita y divertida experiencia en una sede muy linda. Siempre para m\u00ed es muy grato poder compartir con ni\u00f1os y ni\u00f1as a trav\u00e9s de lenguajes esc\u00e9nicos como el teatro. Para m\u00ed es una excusa, un medio para poder compartir finalmente con ellos y llegar a sus opiniones, a sus sentires, entonces se transforma en un pretexto\u201d.<\/p>\n<p style=\"text-align: justify;\">El profesor del Taller de Danza Urbana, Manuel Jaque, est\u00e1 ense\u00f1ando la disciplina a ni\u00f1os y ni\u00f1as de la poblaci\u00f3n Pablo Neruda: \u201cMe pareci\u00f3 superbuena la instancia de poder generar nuevos v\u00ednculos y llevar la danza a nuevos lugares. Hay gente que no hab\u00eda bailado antes; me encanta la idea y ellos est\u00e1n supercontentos de recibir este taller\u201d.<\/p>\n<\/div><\/section><\/div><div  style='height:50px' class='hr hr-invisible   avia-builder-el-6  el_after_av_one_full  el_before_av_social_share '><span class='hr-inner ' ><span class='hr-inner-style'><\/span><\/span><\/div><\/p>\n<div  class='av-social-sharing-box  avia-builder-el-7  el_after_av_hr  el_before_av_hr  '><div class='av-share-box'><h5 class='av-share-link-description av-no-toc '>Compartir esta noticia<\/h5><ul class='av-share-box-list noLightbox'><li class='av-share-link av-social-link-facebook' ><a target=\"_blank\" aria-label=\"Compartir en Facebook\" href='https:\/\/www.facebook.com\/sharer.php?u=https:\/\/radiorevelacionfm.cl\/?p=48570&#038;t=Culturas%20Ays%C3%A9n%20lleva%20talleres%20para%20acercar%20programaci%C3%B3n%20a%20barrios%20de%20Coyhaique' aria-hidden='false' data-av_icon='\ue8f3' data-av_iconfont='entypo-fontello' title='' data-avia-related-tooltip='Compartir en Facebook' rel=\"noopener\"><span class='avia_hidden_link_text'>Compartir en Facebook<\/span><\/a><\/li><li class='av-share-link av-social-link-twitter' ><a target=\"_blank\" aria-label=\"Compartir en Twitter\" href='https:\/\/twitter.com\/share?text=Culturas%20Ays%C3%A9n%20lleva%20talleres%20para%20acercar%20programaci%C3%B3n%20a%20barrios%20de%20Coyhaique&#038;url=https:\/\/radiorevelacionfm.cl\/?p=48570' aria-hidden='false' data-av_icon='\ue8f1' data-av_iconfont='entypo-fontello' title='' data-avia-related-tooltip='Compartir en Twitter' rel=\"noopener\"><span class='avia_hidden_link_text'>Compartir en Twitter<\/span><\/a><\/li><li class='av-share-link av-social-link-whatsapp' ><a target=\"_blank\" aria-label=\"Compartir en Whatsapp\" href='https:\/\/api.whatsapp.com\/send?text=https:\/\/radiorevelacionfm.cl\/?p=48570' aria-hidden='false' data-av_icon='\uf232' data-av_iconfont='entypo-fontello' title='' data-avia-related-tooltip='Compartir en Whatsapp' rel=\"noopener\"><span class='avia_hidden_link_text'>Compartir en Whatsapp<\/span><\/a><\/li><li class='av-share-link av-social-link-linkedin' ><a target=\"_blank\" aria-label=\"Compartir en LinkedIn\" href='https:\/\/linkedin.com\/shareArticle?mini=true&#038;title=Culturas%20Ays%C3%A9n%20lleva%20talleres%20para%20acercar%20programaci%C3%B3n%20a%20barrios%20de%20Coyhaique&#038;url=https:\/\/radiorevelacionfm.cl\/?p=48570' aria-hidden='false' data-av_icon='\ue8fc' data-av_iconfont='entypo-fontello' title='' data-avia-related-tooltip='Compartir en LinkedIn' rel=\"noopener\"><span class='avia_hidden_link_text'>Compartir en LinkedIn<\/span><\/a><\/li><li class='av-share-link av-social-link-mail' ><a  aria-label=\"Compartir por correo\" href='mailto:?subject=Culturas%20Ays%C3%A9n%20lleva%20talleres%20para%20acercar%20programaci%C3%B3n%20a%20barrios%20de%20Coyhaique&#038;body=https:\/\/radiorevelacionfm.cl\/?p=48570' aria-hidden='false' data-av_icon='\ue805' data-av_iconfont='entypo-fontello' title='' data-avia-related-tooltip='Compartir por correo'><span class='avia_hidden_link_text'>Compartir por correo<\/span><\/a><\/li><\/ul><\/div><\/div>\n<div  style='height:50px' class='hr hr-invisible   avia-builder-el-8  el_after_av_social_share  el_before_av_comments_list '><span class='hr-inner ' ><span class='hr-inner-style'><\/span><\/span><\/div>\n<div  class='av-buildercomment  av-blog-meta-html-info-disabled av-blog-meta-tag-disabled  '><\/div>\n","protected":false},"excerpt":{"rendered":"","protected":false},"author":1,"featured_media":48571,"comment_status":"open","ping_status":"open","sticky":false,"template":"","format":"standard","meta":{"footnotes":""},"categories":[52],"tags":[],"class_list":["post-48570","post","type-post","status-publish","format-standard","has-post-thumbnail","hentry","category-cultura"],"jetpack_featured_media_url":"https:\/\/radiorevelacionfm.cl\/wp-content\/uploads\/2024\/12\/muralismo-5-1_optimized.jpg","_links":{"self":[{"href":"https:\/\/radiorevelacionfm.cl\/index.php?rest_route=\/wp\/v2\/posts\/48570","targetHints":{"allow":["GET"]}}],"collection":[{"href":"https:\/\/radiorevelacionfm.cl\/index.php?rest_route=\/wp\/v2\/posts"}],"about":[{"href":"https:\/\/radiorevelacionfm.cl\/index.php?rest_route=\/wp\/v2\/types\/post"}],"author":[{"embeddable":true,"href":"https:\/\/radiorevelacionfm.cl\/index.php?rest_route=\/wp\/v2\/users\/1"}],"replies":[{"embeddable":true,"href":"https:\/\/radiorevelacionfm.cl\/index.php?rest_route=%2Fwp%2Fv2%2Fcomments&post=48570"}],"version-history":[{"count":1,"href":"https:\/\/radiorevelacionfm.cl\/index.php?rest_route=\/wp\/v2\/posts\/48570\/revisions"}],"predecessor-version":[{"id":48572,"href":"https:\/\/radiorevelacionfm.cl\/index.php?rest_route=\/wp\/v2\/posts\/48570\/revisions\/48572"}],"wp:featuredmedia":[{"embeddable":true,"href":"https:\/\/radiorevelacionfm.cl\/index.php?rest_route=\/wp\/v2\/media\/48571"}],"wp:attachment":[{"href":"https:\/\/radiorevelacionfm.cl\/index.php?rest_route=%2Fwp%2Fv2%2Fmedia&parent=48570"}],"wp:term":[{"taxonomy":"category","embeddable":true,"href":"https:\/\/radiorevelacionfm.cl\/index.php?rest_route=%2Fwp%2Fv2%2Fcategories&post=48570"},{"taxonomy":"post_tag","embeddable":true,"href":"https:\/\/radiorevelacionfm.cl\/index.php?rest_route=%2Fwp%2Fv2%2Ftags&post=48570"}],"curies":[{"name":"wp","href":"https:\/\/api.w.org\/{rel}","templated":true}]}}