{"id":48564,"date":"2024-12-05T17:12:08","date_gmt":"2024-12-05T20:12:08","guid":{"rendered":"https:\/\/radiorevelacionfm.cl\/?p=48564"},"modified":"2024-12-05T17:12:08","modified_gmt":"2024-12-05T20:12:08","slug":"conforman-agrupacion-de-turismo-en-villa-los-torreones","status":"publish","type":"post","link":"https:\/\/radiorevelacionfm.cl\/?p=48564","title":{"rendered":"Conforman Agrupaci\u00f3n de Turismo en Villa Los Torreones"},"content":{"rendered":"<div class=\"flex_column av_one_full  flex_column_div av-zero-column-padding first  avia-builder-el-0  el_before_av_one_full  avia-builder-el-first  \" style='border-radius:0px; '><div  class='avia-image-container  av-styling-    avia-builder-el-1  avia-builder-el-no-sibling  avia-align-center '  itemprop=\"image\" itemscope=\"itemscope\" itemtype=\"https:\/\/schema.org\/ImageObject\"  ><div class='avia-image-container-inner'><div class='avia-image-overlay-wrap'><img decoding=\"async\" class='wp-image-48565 avia-img-lazy-loading-not-48565 avia_image' src=\"https:\/\/radiorevelacionfm.cl\/wp-content\/uploads\/2024\/12\/agrupacon-los-torreones-2_optimized.jpeg\" alt='' title='agrupac\u00f3n-los-torreones-(2)_optimized' height=\"710\" width=\"804\"  itemprop=\"thumbnailUrl\" srcset=\"https:\/\/radiorevelacionfm.cl\/wp-content\/uploads\/2024\/12\/agrupacon-los-torreones-2_optimized.jpeg 804w, https:\/\/radiorevelacionfm.cl\/wp-content\/uploads\/2024\/12\/agrupacon-los-torreones-2_optimized-300x265.jpeg 300w, https:\/\/radiorevelacionfm.cl\/wp-content\/uploads\/2024\/12\/agrupacon-los-torreones-2_optimized-768x678.jpeg 768w, https:\/\/radiorevelacionfm.cl\/wp-content\/uploads\/2024\/12\/agrupacon-los-torreones-2_optimized-705x623.jpeg 705w, https:\/\/radiorevelacionfm.cl\/wp-content\/uploads\/2024\/12\/agrupacon-los-torreones-2_optimized-450x397.jpeg 450w, https:\/\/radiorevelacionfm.cl\/wp-content\/uploads\/2024\/12\/agrupacon-los-torreones-2_optimized-600x530.jpeg 600w\" sizes=\"(max-width: 804px) 100vw, 804px\" \/><\/div><\/div><\/div><\/div><div class=\"flex_column av_one_full  flex_column_div av-zero-column-padding first  avia-builder-el-2  el_after_av_one_full  el_before_av_one_full  column-top-margin\" style='border-radius:0px; '><section class=\"av_textblock_section \"  itemscope=\"itemscope\" itemtype=\"https:\/\/schema.org\/BlogPosting\" itemprop=\"blogPost\" ><div class='avia_textblock  '   itemprop=\"text\" ><p style=\"text-align: center;\"><strong><span style=\"font-size: 18pt;\">Conforman Agrupaci\u00f3n de Turismo en Villa Los Torreones<\/span><\/strong><\/p>\n<div id=\"gtx-trans\" style=\"position: absolute; left: -50px; top: 4.31534px;\">\n<div class=\"gtx-trans-icon\"><\/div>\n<\/div>\n<\/div><\/section><\/div><div class=\"flex_column av_one_full  flex_column_div av-zero-column-padding first  avia-builder-el-4  el_after_av_one_full  el_before_av_hr  column-top-margin\" style='border-radius:0px; '><section class=\"av_textblock_section \"  itemscope=\"itemscope\" itemtype=\"https:\/\/schema.org\/BlogPosting\" itemprop=\"blogPost\" ><div class='avia_textblock  '   itemprop=\"text\" ><p style=\"text-align: justify;\"><em>El objetivo de esta iniciativa es impulsar el desarrollo territorial y tur\u00edstico de esta zona aleda\u00f1a a la Reserva Nacional Rio Simpson.<\/em><\/p>\n<p style=\"text-align: justify;\">Con la participaci\u00f3n de 22 asociados, integrantes de la comunidad local, se constituy\u00f3 la \u201cAgrupaci\u00f3n de Turismo Los Torreones\u201d, cuyo objetivo es desarrollar el turismo de forma pertinente con las proyecciones de la localidad, potenciando el Circuito Caracoles \u2013 Villa Los Torreones, como tambi\u00e9n, fortalecer sus relaciones con la Municipalidad de Ays\u00e9n y CONAF, para visibilizar su voz respecto al desarrollo de esta zona y realizar acuerdos de trabajo a nivel de gobernanza local.<\/p>\n<p style=\"text-align: justify;\">La agrupaci\u00f3n se form\u00f3 el mi\u00e9rcoles 27 de noviembre en el Restaurante El 26, hist\u00f3rica detenci\u00f3n obligada para los visitantes que transitan por el sector Los Torreones y fueron acompa\u00f1ados por el equipo del Laboratorio de Innovaci\u00f3n Tur\u00edstica de la Patagonia dependiente de la Universidad Austral de Chile, Campus Patagonia y representantes de la Municipalidad de Ays\u00e9n.<\/p>\n<p style=\"text-align: justify;\">La directiva de la agrupaci\u00f3n ser\u00e1 la responsable de liderar e incentivar el trabajo colaborativo, la vinculaci\u00f3n de la comunidad en el uso p\u00fablico de la Reserva Nacional Rio Simpson y el desarrollo territorial de su zona aleda\u00f1a. En torno a la Reserva se localizan diversos servicios de alojamiento, como caba\u00f1as y lodge, as\u00ed tambi\u00e9n de produce artesan\u00eda, gastronom\u00eda con identidad, productos artesanales como sidra, kombucha y cerveza.<\/p>\n<p style=\"text-align: justify;\">El presidente de la agrupaci\u00f3n, Gustavo Rodr\u00edguez, manifest\u00f3 que \u201cestamos contentos por haber conformado esta nueva agrupaci\u00f3n, ya que entregar\u00e1 herramientas para desarrollar y promover el turismo a nivel local y regional que es nuestro objetivo principal. Nos permite implementar l\u00edneas de trabajo para apoyar el desarrollo sustentable de los diferentes servicios tur\u00edsticos que en el sector no son pocos; es una localidad peque\u00f1a, pero que cuenta con todas las comodidades para el turista que venga de paso. Tambi\u00e9n, con esta organizaci\u00f3n pretendemos gestionar y articular con el sector p\u00fablico y privado diferentes actividades que nos permitan desarrollar la econom\u00eda local\u201d, concluy\u00f3.<\/p>\n<p style=\"text-align: justify;\">Por su parte, el director del Laboratorio de Innovaci\u00f3n Tur\u00edstica de la Patagonia de la UACh, Dr. Guillermo Pacheco, coment\u00f3 que \u201cestamos tejiendo redes con y entre las organizaciones locales de las zonas aleda\u00f1as de las \u00e1reas protegidas de la regi\u00f3n. Se est\u00e1n canalizando acciones colectivas y voces de las comunidades para poder participar m\u00e1s en las estrategias de desarrollo a nivel territorial. Esta nueva agrupaci\u00f3n, responde al inter\u00e9s de sus l\u00edderes locales, residentes y microempresarios que buscan posicionar su trabajo a nivel regional y nacional. Desean mostrar un territorio de gran inter\u00e9s para los visitantes, que no solo quieren ver la naturaleza imponente, sino tambi\u00e9n formas de vida y cultura local, y eso es lo que a\u00fan atesoran las comunidades rurales y pueblos originarios de Ays\u00e9n\u201d.<\/p>\n<\/div><\/section><\/div><div  style='height:50px' class='hr hr-invisible   avia-builder-el-6  el_after_av_one_full  el_before_av_social_share '><span class='hr-inner ' ><span class='hr-inner-style'><\/span><\/span><\/div><\/p>\n<div  class='av-social-sharing-box  avia-builder-el-7  el_after_av_hr  el_before_av_hr  '><div class='av-share-box'><h5 class='av-share-link-description av-no-toc '>Compartir esta noticia<\/h5><ul class='av-share-box-list noLightbox'><li class='av-share-link av-social-link-facebook' ><a target=\"_blank\" aria-label=\"Compartir en Facebook\" href='https:\/\/www.facebook.com\/sharer.php?u=https:\/\/radiorevelacionfm.cl\/?p=48564&#038;t=Conforman%20Agrupaci%C3%B3n%20de%20Turismo%20en%20Villa%20Los%20Torreones' aria-hidden='false' data-av_icon='\ue8f3' data-av_iconfont='entypo-fontello' title='' data-avia-related-tooltip='Compartir en Facebook' rel=\"noopener\"><span class='avia_hidden_link_text'>Compartir en Facebook<\/span><\/a><\/li><li class='av-share-link av-social-link-twitter' ><a target=\"_blank\" aria-label=\"Compartir en Twitter\" href='https:\/\/twitter.com\/share?text=Conforman%20Agrupaci%C3%B3n%20de%20Turismo%20en%20Villa%20Los%20Torreones&#038;url=https:\/\/radiorevelacionfm.cl\/?p=48564' aria-hidden='false' data-av_icon='\ue8f1' data-av_iconfont='entypo-fontello' title='' data-avia-related-tooltip='Compartir en Twitter' rel=\"noopener\"><span class='avia_hidden_link_text'>Compartir en Twitter<\/span><\/a><\/li><li class='av-share-link av-social-link-whatsapp' ><a target=\"_blank\" aria-label=\"Compartir en Whatsapp\" href='https:\/\/api.whatsapp.com\/send?text=https:\/\/radiorevelacionfm.cl\/?p=48564' aria-hidden='false' data-av_icon='\uf232' data-av_iconfont='entypo-fontello' title='' data-avia-related-tooltip='Compartir en Whatsapp' rel=\"noopener\"><span class='avia_hidden_link_text'>Compartir en Whatsapp<\/span><\/a><\/li><li class='av-share-link av-social-link-linkedin' ><a target=\"_blank\" aria-label=\"Compartir en LinkedIn\" href='https:\/\/linkedin.com\/shareArticle?mini=true&#038;title=Conforman%20Agrupaci%C3%B3n%20de%20Turismo%20en%20Villa%20Los%20Torreones&#038;url=https:\/\/radiorevelacionfm.cl\/?p=48564' aria-hidden='false' data-av_icon='\ue8fc' data-av_iconfont='entypo-fontello' title='' data-avia-related-tooltip='Compartir en LinkedIn' rel=\"noopener\"><span class='avia_hidden_link_text'>Compartir en LinkedIn<\/span><\/a><\/li><li class='av-share-link av-social-link-mail' ><a  aria-label=\"Compartir por correo\" href='mailto:?subject=Conforman%20Agrupaci%C3%B3n%20de%20Turismo%20en%20Villa%20Los%20Torreones&#038;body=https:\/\/radiorevelacionfm.cl\/?p=48564' aria-hidden='false' data-av_icon='\ue805' data-av_iconfont='entypo-fontello' title='' data-avia-related-tooltip='Compartir por correo'><span class='avia_hidden_link_text'>Compartir por correo<\/span><\/a><\/li><\/ul><\/div><\/div>\n<div  style='height:50px' class='hr hr-invisible   avia-builder-el-8  el_after_av_social_share  el_before_av_comments_list '><span class='hr-inner ' ><span class='hr-inner-style'><\/span><\/span><\/div>\n<div  class='av-buildercomment  av-blog-meta-html-info-disabled av-blog-meta-tag-disabled  '><\/div>\n","protected":false},"excerpt":{"rendered":"","protected":false},"author":1,"featured_media":48565,"comment_status":"open","ping_status":"open","sticky":false,"template":"","format":"standard","meta":{"footnotes":""},"categories":[54],"tags":[],"class_list":["post-48564","post","type-post","status-publish","format-standard","has-post-thumbnail","hentry","category-turismo"],"jetpack_featured_media_url":"https:\/\/radiorevelacionfm.cl\/wp-content\/uploads\/2024\/12\/agrupacon-los-torreones-2_optimized.jpeg","_links":{"self":[{"href":"https:\/\/radiorevelacionfm.cl\/index.php?rest_route=\/wp\/v2\/posts\/48564","targetHints":{"allow":["GET"]}}],"collection":[{"href":"https:\/\/radiorevelacionfm.cl\/index.php?rest_route=\/wp\/v2\/posts"}],"about":[{"href":"https:\/\/radiorevelacionfm.cl\/index.php?rest_route=\/wp\/v2\/types\/post"}],"author":[{"embeddable":true,"href":"https:\/\/radiorevelacionfm.cl\/index.php?rest_route=\/wp\/v2\/users\/1"}],"replies":[{"embeddable":true,"href":"https:\/\/radiorevelacionfm.cl\/index.php?rest_route=%2Fwp%2Fv2%2Fcomments&post=48564"}],"version-history":[{"count":1,"href":"https:\/\/radiorevelacionfm.cl\/index.php?rest_route=\/wp\/v2\/posts\/48564\/revisions"}],"predecessor-version":[{"id":48566,"href":"https:\/\/radiorevelacionfm.cl\/index.php?rest_route=\/wp\/v2\/posts\/48564\/revisions\/48566"}],"wp:featuredmedia":[{"embeddable":true,"href":"https:\/\/radiorevelacionfm.cl\/index.php?rest_route=\/wp\/v2\/media\/48565"}],"wp:attachment":[{"href":"https:\/\/radiorevelacionfm.cl\/index.php?rest_route=%2Fwp%2Fv2%2Fmedia&parent=48564"}],"wp:term":[{"taxonomy":"category","embeddable":true,"href":"https:\/\/radiorevelacionfm.cl\/index.php?rest_route=%2Fwp%2Fv2%2Fcategories&post=48564"},{"taxonomy":"post_tag","embeddable":true,"href":"https:\/\/radiorevelacionfm.cl\/index.php?rest_route=%2Fwp%2Fv2%2Ftags&post=48564"}],"curies":[{"name":"wp","href":"https:\/\/api.w.org\/{rel}","templated":true}]}}