{"id":48561,"date":"2024-12-05T20:44:03","date_gmt":"2024-12-05T23:44:03","guid":{"rendered":"https:\/\/radiorevelacionfm.cl\/?p=48561"},"modified":"2024-12-05T20:44:03","modified_gmt":"2024-12-05T23:44:03","slug":"gobernador-munoz-y-consejo-regional-preocupados-por-la-no-llegada-de-recursos-comprometidos-para-la-region","status":"publish","type":"post","link":"https:\/\/radiorevelacionfm.cl\/?p=48561","title":{"rendered":"Gobernador Mu\u00f1oz y Consejo Regional preocupados por la no llegada de recursos comprometidos para la regi\u00f3n"},"content":{"rendered":"<div class=\"flex_column av_one_full  flex_column_div av-zero-column-padding first  avia-builder-el-0  el_before_av_one_full  avia-builder-el-first  \" style='border-radius:0px; '><div  class='avia-image-container  av-styling-    avia-builder-el-1  avia-builder-el-no-sibling  avia-align-center '  itemprop=\"image\" itemscope=\"itemscope\" itemtype=\"https:\/\/schema.org\/ImageObject\"  ><div class='avia-image-container-inner'><div class='avia-image-overlay-wrap'><img decoding=\"async\" class='wp-image-48562 avia-img-lazy-loading-not-48562 avia_image' src=\"https:\/\/radiorevelacionfm.cl\/wp-content\/uploads\/2024\/12\/469112848_615707654133914_4938919645232218181_n-1-1.jpg\" alt='' title='469112848_615707654133914_4938919645232218181_n (1) (1)' height=\"600\" width=\"1067\"  itemprop=\"thumbnailUrl\" srcset=\"https:\/\/radiorevelacionfm.cl\/wp-content\/uploads\/2024\/12\/469112848_615707654133914_4938919645232218181_n-1-1.jpg 1067w, https:\/\/radiorevelacionfm.cl\/wp-content\/uploads\/2024\/12\/469112848_615707654133914_4938919645232218181_n-1-1-300x169.jpg 300w, https:\/\/radiorevelacionfm.cl\/wp-content\/uploads\/2024\/12\/469112848_615707654133914_4938919645232218181_n-1-1-1030x579.jpg 1030w, https:\/\/radiorevelacionfm.cl\/wp-content\/uploads\/2024\/12\/469112848_615707654133914_4938919645232218181_n-1-1-768x432.jpg 768w, https:\/\/radiorevelacionfm.cl\/wp-content\/uploads\/2024\/12\/469112848_615707654133914_4938919645232218181_n-1-1-705x396.jpg 705w, https:\/\/radiorevelacionfm.cl\/wp-content\/uploads\/2024\/12\/469112848_615707654133914_4938919645232218181_n-1-1-450x253.jpg 450w, https:\/\/radiorevelacionfm.cl\/wp-content\/uploads\/2024\/12\/469112848_615707654133914_4938919645232218181_n-1-1-600x337.jpg 600w\" sizes=\"(max-width: 1067px) 100vw, 1067px\" \/><\/div><\/div><\/div><\/div><div class=\"flex_column av_one_full  flex_column_div av-zero-column-padding first  avia-builder-el-2  el_after_av_one_full  el_before_av_one_full  column-top-margin\" style='border-radius:0px; '><section class=\"av_textblock_section \"  itemscope=\"itemscope\" itemtype=\"https:\/\/schema.org\/BlogPosting\" itemprop=\"blogPost\" ><div class='avia_textblock  '   itemprop=\"text\" ><p style=\"text-align: center;\"><strong><span style=\"font-size: 18pt;\">Gobernador Mu\u00f1oz y Consejo Regional preocupados por la no llegada de recursos comprometidos para la regi\u00f3n <\/span><\/strong><\/p>\n<div id=\"gtx-trans\" style=\"position: absolute; left: -50px; top: 4.31534px;\">\n<div class=\"gtx-trans-icon\"><\/div>\n<\/div>\n<\/div><\/section><\/div><div class=\"flex_column av_one_full  flex_column_div av-zero-column-padding first  avia-builder-el-4  el_after_av_one_full  el_before_av_hr  column-top-margin\" style='border-radius:0px; '><section class=\"av_textblock_section \"  itemscope=\"itemscope\" itemtype=\"https:\/\/schema.org\/BlogPosting\" itemprop=\"blogPost\" ><div class='avia_textblock  '   itemprop=\"text\" ><div>\n<p class=\"v1MsoNormal\" style=\"text-align: justify;\"><span lang=\"es\">Tras la declaraci\u00f3n del Ministro de Hacienda, en relaci\u00f3n a calificar como un\u00a0<b>\u00aberror de c\u00e1lculo presupuestario\u00bb<\/b>\u00a0de 4.400 millones de d\u00f3lares, que afecta gravemente a las regiones y municipios, el Gobernador Regional de Ays\u00e9n, Omar Mu\u00f1oz Sierra, expres\u00f3 su preocupaci\u00f3n y rechazo ante la reducci\u00f3n unilateral de recursos por parte de la Direcci\u00f3n de Presupuestos y del Ministerio de Hacienda.<\/span><\/p>\n<p class=\"v1MsoNormal\" style=\"text-align: justify;\"><span lang=\"es\">\u00abEl error de c\u00e1lculo es ins\u00f3lito de parte del Gobierno, en este caso del Ministerio de Hacienda, lo que perjudica a todo un pa\u00eds y, en especial, a la Regi\u00f3n de Ays\u00e9n. La Direcci\u00f3n de Presupuestos (DIPRES) nos rebaj\u00f3 3 mil millones de pesos del presupuesto para el a\u00f1o 2024\u00bb, manifest\u00f3 el Gobernador Mu\u00f1oz, aludiendo al impacto directo de esta decisi\u00f3n en la ejecuci\u00f3n de proyectos esenciales para la regi\u00f3n.<\/span><\/p>\n<p class=\"v1MsoNormal\" style=\"text-align: justify;\"><span lang=\"es\">El Gobernador tambi\u00e9n inform\u00f3 sobre problemas que esta situaci\u00f3n genera para la entrega de recursos ya comprometidos para este a\u00f1o. \u00abLas remesas que nosotros hab\u00edamos solicitado por casi 9 mil millones de pesos, solo nos depositaron del orden de 4 mil millones, los cuales hemos destinado a pagar los compromisos m\u00e1s urgentes. Hay una preocupaci\u00f3n en el Gobierno Regional, que compartimos con el Consejo Regional, respecto de que en lo que resta del mes de diciembre nos depositen las remesas que hemos solicitado\u00bb, enfatiz\u00f3.<\/span><\/p>\n<p class=\"v1MsoNormal\" style=\"text-align: justify;\"><span lang=\"es\">El incumplimiento en la entrega de fondos tiene un impacto muy negativo, ya que pone en riesgo el pago de compromisos financieros con proveedores, municipalidades y otras entidades p\u00fablicas. A juicio del Gobernador, estas entidades tambi\u00e9n enfrentan obligaciones con terceros, generando una cadena de complicaciones econ\u00f3micas.<\/span><\/p>\n<p class=\"v1MsoNormal\" style=\"text-align: justify;\"><span lang=\"es\">El recorte presupuestario y la demora en las remesas no solo generan preocupaci\u00f3n, sino que tambi\u00e9n tensionan la planificaci\u00f3n financiera del Gobierno Regional, cuyos recursos son fundamentales para enfrentar necesidades urgentes y cumplir con programas prioritarios en la regi\u00f3n de Ays\u00e9n.<\/span><\/p>\n<p class=\"v1MsoNormal\" style=\"text-align: justify;\"><span lang=\"es\">\u00abEsperamos que el gobierno, a trav\u00e9s de la DIPRES, subsane esta situaci\u00f3n a la brevedad posible, porque necesitamos garantizar la continuidad de nuestros proyectos y honrar los compromisos adquiridos con los actores locales\u00bb, concluy\u00f3 el Gobernador.<\/span><\/p>\n<\/div>\n<div style=\"text-align: justify;\"><\/div>\n<\/div><\/section><\/div><div  style='height:50px' class='hr hr-invisible   avia-builder-el-6  el_after_av_one_full  el_before_av_social_share '><span class='hr-inner ' ><span class='hr-inner-style'><\/span><\/span><\/div><\/p>\n<div  class='av-social-sharing-box  avia-builder-el-7  el_after_av_hr  el_before_av_hr  '><div class='av-share-box'><h5 class='av-share-link-description av-no-toc '>Compartir esta noticia<\/h5><ul class='av-share-box-list noLightbox'><li class='av-share-link av-social-link-facebook' ><a target=\"_blank\" aria-label=\"Compartir en Facebook\" href='https:\/\/www.facebook.com\/sharer.php?u=https:\/\/radiorevelacionfm.cl\/?p=48561&#038;t=Gobernador%20Mu%C3%B1oz%20y%20Consejo%20Regional%20preocupados%20por%20la%20no%20llegada%20de%20recursos%20comprometidos%20para%20la%20regi%C3%B3n' aria-hidden='false' data-av_icon='\ue8f3' data-av_iconfont='entypo-fontello' title='' data-avia-related-tooltip='Compartir en Facebook' rel=\"noopener\"><span class='avia_hidden_link_text'>Compartir en Facebook<\/span><\/a><\/li><li class='av-share-link av-social-link-twitter' ><a target=\"_blank\" aria-label=\"Compartir en Twitter\" href='https:\/\/twitter.com\/share?text=Gobernador%20Mu%C3%B1oz%20y%20Consejo%20Regional%20preocupados%20por%20la%20no%20llegada%20de%20recursos%20comprometidos%20para%20la%20regi%C3%B3n&#038;url=https:\/\/radiorevelacionfm.cl\/?p=48561' aria-hidden='false' data-av_icon='\ue8f1' data-av_iconfont='entypo-fontello' title='' data-avia-related-tooltip='Compartir en Twitter' rel=\"noopener\"><span class='avia_hidden_link_text'>Compartir en Twitter<\/span><\/a><\/li><li class='av-share-link av-social-link-whatsapp' ><a target=\"_blank\" aria-label=\"Compartir en Whatsapp\" href='https:\/\/api.whatsapp.com\/send?text=https:\/\/radiorevelacionfm.cl\/?p=48561' aria-hidden='false' data-av_icon='\uf232' data-av_iconfont='entypo-fontello' title='' data-avia-related-tooltip='Compartir en Whatsapp' rel=\"noopener\"><span class='avia_hidden_link_text'>Compartir en Whatsapp<\/span><\/a><\/li><li class='av-share-link av-social-link-linkedin' ><a target=\"_blank\" aria-label=\"Compartir en LinkedIn\" href='https:\/\/linkedin.com\/shareArticle?mini=true&#038;title=Gobernador%20Mu%C3%B1oz%20y%20Consejo%20Regional%20preocupados%20por%20la%20no%20llegada%20de%20recursos%20comprometidos%20para%20la%20regi%C3%B3n&#038;url=https:\/\/radiorevelacionfm.cl\/?p=48561' aria-hidden='false' data-av_icon='\ue8fc' data-av_iconfont='entypo-fontello' title='' data-avia-related-tooltip='Compartir en LinkedIn' rel=\"noopener\"><span class='avia_hidden_link_text'>Compartir en LinkedIn<\/span><\/a><\/li><li class='av-share-link av-social-link-mail' ><a  aria-label=\"Compartir por correo\" href='mailto:?subject=Gobernador%20Mu%C3%B1oz%20y%20Consejo%20Regional%20preocupados%20por%20la%20no%20llegada%20de%20recursos%20comprometidos%20para%20la%20regi%C3%B3n&#038;body=https:\/\/radiorevelacionfm.cl\/?p=48561' aria-hidden='false' data-av_icon='\ue805' data-av_iconfont='entypo-fontello' title='' data-avia-related-tooltip='Compartir por correo'><span class='avia_hidden_link_text'>Compartir por correo<\/span><\/a><\/li><\/ul><\/div><\/div>\n<div  style='height:50px' class='hr hr-invisible   avia-builder-el-8  el_after_av_social_share  el_before_av_comments_list '><span class='hr-inner ' ><span class='hr-inner-style'><\/span><\/span><\/div>\n<div  class='av-buildercomment  av-blog-meta-html-info-disabled av-blog-meta-tag-disabled  '><\/div>\n","protected":false},"excerpt":{"rendered":"","protected":false},"author":1,"featured_media":48562,"comment_status":"open","ping_status":"open","sticky":false,"template":"","format":"standard","meta":{"footnotes":""},"categories":[38],"tags":[],"class_list":["post-48561","post","type-post","status-publish","format-standard","has-post-thumbnail","hentry","category-regional"],"jetpack_featured_media_url":"https:\/\/radiorevelacionfm.cl\/wp-content\/uploads\/2024\/12\/469112848_615707654133914_4938919645232218181_n-1-1.jpg","_links":{"self":[{"href":"https:\/\/radiorevelacionfm.cl\/index.php?rest_route=\/wp\/v2\/posts\/48561","targetHints":{"allow":["GET"]}}],"collection":[{"href":"https:\/\/radiorevelacionfm.cl\/index.php?rest_route=\/wp\/v2\/posts"}],"about":[{"href":"https:\/\/radiorevelacionfm.cl\/index.php?rest_route=\/wp\/v2\/types\/post"}],"author":[{"embeddable":true,"href":"https:\/\/radiorevelacionfm.cl\/index.php?rest_route=\/wp\/v2\/users\/1"}],"replies":[{"embeddable":true,"href":"https:\/\/radiorevelacionfm.cl\/index.php?rest_route=%2Fwp%2Fv2%2Fcomments&post=48561"}],"version-history":[{"count":1,"href":"https:\/\/radiorevelacionfm.cl\/index.php?rest_route=\/wp\/v2\/posts\/48561\/revisions"}],"predecessor-version":[{"id":48563,"href":"https:\/\/radiorevelacionfm.cl\/index.php?rest_route=\/wp\/v2\/posts\/48561\/revisions\/48563"}],"wp:featuredmedia":[{"embeddable":true,"href":"https:\/\/radiorevelacionfm.cl\/index.php?rest_route=\/wp\/v2\/media\/48562"}],"wp:attachment":[{"href":"https:\/\/radiorevelacionfm.cl\/index.php?rest_route=%2Fwp%2Fv2%2Fmedia&parent=48561"}],"wp:term":[{"taxonomy":"category","embeddable":true,"href":"https:\/\/radiorevelacionfm.cl\/index.php?rest_route=%2Fwp%2Fv2%2Fcategories&post=48561"},{"taxonomy":"post_tag","embeddable":true,"href":"https:\/\/radiorevelacionfm.cl\/index.php?rest_route=%2Fwp%2Fv2%2Ftags&post=48561"}],"curies":[{"name":"wp","href":"https:\/\/api.w.org\/{rel}","templated":true}]}}