{"id":4856,"date":"2021-06-03T16:43:55","date_gmt":"2021-06-03T19:43:55","guid":{"rendered":"https:\/\/radiorevelacionfm.cl\/?p=4856"},"modified":"2021-06-03T16:43:55","modified_gmt":"2021-06-03T19:43:55","slug":"cambian-estrategia-de-control-en-la-provincia-de-aysen-y-asume-como-delegado-el-gobernador-maritimo","status":"publish","type":"post","link":"https:\/\/radiorevelacionfm.cl\/?p=4856","title":{"rendered":"Cambian estrategia de control en la provincia de Ays\u00e9n y asume como Delegado el Gobernador Mar\u00edtimo"},"content":{"rendered":"<div class=\"flex_column av_one_full  flex_column_div av-zero-column-padding first  avia-builder-el-0  el_before_av_one_full  avia-builder-el-first  \" style='border-radius:0px; '><div  class='avia-image-container  av-styling-    avia-builder-el-1  avia-builder-el-no-sibling  avia-align-center '  itemprop=\"image\" itemscope=\"itemscope\" itemtype=\"https:\/\/schema.org\/ImageObject\"  ><div class='avia-image-container-inner'><div class='avia-image-overlay-wrap'><img decoding=\"async\" class='wp-image-0 avia-img-lazy-loading-not-0 avia_image' src=\"https:\/\/radiorevelacionfm.cl\/wp-content\/uploads\/2021\/06\/1-35-1-1.jpg\" alt='' title=''   itemprop=\"thumbnailUrl\"  \/><\/div><\/div><\/div><\/div><div class=\"flex_column av_one_full  flex_column_div av-zero-column-padding first  avia-builder-el-2  el_after_av_one_full  el_before_av_one_full  column-top-margin\" style='border-radius:0px; '><section class=\"av_textblock_section \"  itemscope=\"itemscope\" itemtype=\"https:\/\/schema.org\/BlogPosting\" itemprop=\"blogPost\" ><div class='avia_textblock  '   itemprop=\"text\" ><p style=\"text-align: center;\"><strong><span style=\"font-size: 18pt;\">Cambian estrategia de control en la provincia de Ays\u00e9n y asume como Delegado el Gobernador Mar\u00edtimo<\/span><\/strong><\/p>\n<div id=\"gtx-trans\" style=\"position: absolute; left: -50px; top: 4.31534px;\">\n<div class=\"gtx-trans-icon\"><\/div>\n<\/div>\n<\/div><\/section><\/div><div class=\"flex_column av_one_full  flex_column_div av-zero-column-padding first  avia-builder-el-4  el_after_av_one_full  el_before_av_hr  column-top-margin\" style='border-radius:0px; '><section class=\"av_textblock_section \"  itemscope=\"itemscope\" itemtype=\"https:\/\/schema.org\/BlogPosting\" itemprop=\"blogPost\" ><div class='avia_textblock  '   itemprop=\"text\" ><p style=\"text-align: justify;\">Desde este jueves en la comuna y por instrucciones del Jefe de las Fuerzas de la regi\u00f3n de Ays\u00e9n, el Delegado de las Fuerzas ser\u00e1 el Gobernador Mar\u00edtimo de Ays\u00e9n Capit\u00e1n de Fragata LT Rodrigo Lepe Zamora, quienes estar\u00e1n a cargo de la vigilancia en tiempos de cuarentena en la comuna y provincia junto a Carabineros y la Polic\u00eda de Investigaciones.<\/p>\n<p style=\"text-align: justify;\">Durante la ma\u00f1ana en dependencias de la gobernaci\u00f3n mar\u00edtima de Ays\u00e9n se desarroll\u00f3 una reuni\u00f3n entre las instituciones antes mencionadas para dar a conocer al Gobernador Provincial Manuel Ortiz el cambio en la estrategia que existe a contar del mi\u00e9rcoles 02 de junio en relaci\u00f3n a la movilidad y control de personas en periodo de fase 1, la autoridad mar\u00edtima una vez concluido este encuentro indicaba de esta nueva forma de hacer control \u201cesto es para que la gente sienta que hay un control, principalmente en los lugares de afluencia de p\u00fablico, en los lugares donde se deben respetar los aforos, pensando tambi\u00e9n que hoy en d\u00eda hay facilidades que permiten la circulaci\u00f3n como es el permiso de desplazamiento, entonces lo que vamos a buscar en esta nueva fase de control y ayuda a la comunidad es que se respeten los aforos, que la gente que ande en la calle ande con sus permisos correspondientes, todo esto de una manera coordinada con Carabineros y la PDI\u201d.<\/p>\n<p style=\"text-align: justify;\">Manuel Ortiz Torres Gobernador de Ays\u00e9n reforzaba que aqu\u00ed por m\u00e1s fiscalizaciones que haya la responsabilidad es de cada uno \u201cla verdad que hubo una presentaci\u00f3n bastante precisa de la forma como se llevar\u00e1 a cabo ahora las fiscalizaciones y los controles, eso nos da la tranquilidad y esa es la tranquilidad que queremos transmitir a ustedes, en que cada uno en sus roles que corresponde est\u00e1 cumpliendo lo que se nos ha pedido en este proceso, pero nada podemos hacer nosotros si ustedes no nos cooperan, el autocuidado depende de cada uno de nosotros, estos controles no tendr\u00e1n el \u00e9xito que esperamos si usted no pone de su parte\u201d.<\/p>\n<\/div><\/section><\/div><div  style='height:50px' class='hr hr-invisible   avia-builder-el-6  el_after_av_one_full  el_before_av_social_share '><span class='hr-inner ' ><span class='hr-inner-style'><\/span><\/span><\/div><\/p>\n<div  class='av-social-sharing-box  avia-builder-el-7  el_after_av_hr  el_before_av_hr  '><div class='av-share-box'><h5 class='av-share-link-description av-no-toc '>Compartir esta noticia<\/h5><ul class='av-share-box-list noLightbox'><li class='av-share-link av-social-link-facebook' ><a target=\"_blank\" aria-label=\"Compartir en Facebook\" href='https:\/\/www.facebook.com\/sharer.php?u=https:\/\/radiorevelacionfm.cl\/?p=4856&#038;t=Cambian%20estrategia%20de%20control%20en%20la%20provincia%20de%20Ays%C3%A9n%20y%20asume%20como%20Delegado%20el%20Gobernador%20Mar%C3%ADtimo' aria-hidden='false' data-av_icon='\ue8f3' data-av_iconfont='entypo-fontello' title='' data-avia-related-tooltip='Compartir en Facebook' rel=\"noopener\"><span class='avia_hidden_link_text'>Compartir en Facebook<\/span><\/a><\/li><li class='av-share-link av-social-link-twitter' ><a target=\"_blank\" aria-label=\"Compartir en Twitter\" href='https:\/\/twitter.com\/share?text=Cambian%20estrategia%20de%20control%20en%20la%20provincia%20de%20Ays%C3%A9n%20y%20asume%20como%20Delegado%20el%20Gobernador%20Mar%C3%ADtimo&#038;url=https:\/\/radiorevelacionfm.cl\/?p=4856' aria-hidden='false' data-av_icon='\ue8f1' data-av_iconfont='entypo-fontello' title='' data-avia-related-tooltip='Compartir en Twitter' rel=\"noopener\"><span class='avia_hidden_link_text'>Compartir en Twitter<\/span><\/a><\/li><li class='av-share-link av-social-link-whatsapp' ><a target=\"_blank\" aria-label=\"Compartir en Whatsapp\" href='https:\/\/api.whatsapp.com\/send?text=https:\/\/radiorevelacionfm.cl\/?p=4856' aria-hidden='false' data-av_icon='\uf232' data-av_iconfont='entypo-fontello' title='' data-avia-related-tooltip='Compartir en Whatsapp' rel=\"noopener\"><span class='avia_hidden_link_text'>Compartir en Whatsapp<\/span><\/a><\/li><li class='av-share-link av-social-link-linkedin' ><a target=\"_blank\" aria-label=\"Compartir en LinkedIn\" href='https:\/\/linkedin.com\/shareArticle?mini=true&#038;title=Cambian%20estrategia%20de%20control%20en%20la%20provincia%20de%20Ays%C3%A9n%20y%20asume%20como%20Delegado%20el%20Gobernador%20Mar%C3%ADtimo&#038;url=https:\/\/radiorevelacionfm.cl\/?p=4856' aria-hidden='false' data-av_icon='\ue8fc' data-av_iconfont='entypo-fontello' title='' data-avia-related-tooltip='Compartir en LinkedIn' rel=\"noopener\"><span class='avia_hidden_link_text'>Compartir en LinkedIn<\/span><\/a><\/li><li class='av-share-link av-social-link-mail' ><a  aria-label=\"Compartir por correo\" href='mailto:?subject=Cambian%20estrategia%20de%20control%20en%20la%20provincia%20de%20Ays%C3%A9n%20y%20asume%20como%20Delegado%20el%20Gobernador%20Mar%C3%ADtimo&#038;body=https:\/\/radiorevelacionfm.cl\/?p=4856' aria-hidden='false' data-av_icon='\ue805' data-av_iconfont='entypo-fontello' title='' data-avia-related-tooltip='Compartir por correo'><span class='avia_hidden_link_text'>Compartir por correo<\/span><\/a><\/li><\/ul><\/div><\/div>\n<div  style='height:50px' class='hr hr-invisible   avia-builder-el-8  el_after_av_social_share  el_before_av_comments_list '><span class='hr-inner ' ><span class='hr-inner-style'><\/span><\/span><\/div>\n<div  class='av-buildercomment  av-blog-meta-html-info-disabled av-blog-meta-tag-disabled  '><\/div>\n","protected":false},"excerpt":{"rendered":"","protected":false},"author":1,"featured_media":0,"comment_status":"open","ping_status":"open","sticky":false,"template":"","format":"standard","meta":{"footnotes":""},"categories":[38],"tags":[],"class_list":["post-4856","post","type-post","status-publish","format-standard","hentry","category-regional"],"jetpack_featured_media_url":"","_links":{"self":[{"href":"https:\/\/radiorevelacionfm.cl\/index.php?rest_route=\/wp\/v2\/posts\/4856","targetHints":{"allow":["GET"]}}],"collection":[{"href":"https:\/\/radiorevelacionfm.cl\/index.php?rest_route=\/wp\/v2\/posts"}],"about":[{"href":"https:\/\/radiorevelacionfm.cl\/index.php?rest_route=\/wp\/v2\/types\/post"}],"author":[{"embeddable":true,"href":"https:\/\/radiorevelacionfm.cl\/index.php?rest_route=\/wp\/v2\/users\/1"}],"replies":[{"embeddable":true,"href":"https:\/\/radiorevelacionfm.cl\/index.php?rest_route=%2Fwp%2Fv2%2Fcomments&post=4856"}],"version-history":[{"count":1,"href":"https:\/\/radiorevelacionfm.cl\/index.php?rest_route=\/wp\/v2\/posts\/4856\/revisions"}],"predecessor-version":[{"id":4858,"href":"https:\/\/radiorevelacionfm.cl\/index.php?rest_route=\/wp\/v2\/posts\/4856\/revisions\/4858"}],"wp:attachment":[{"href":"https:\/\/radiorevelacionfm.cl\/index.php?rest_route=%2Fwp%2Fv2%2Fmedia&parent=4856"}],"wp:term":[{"taxonomy":"category","embeddable":true,"href":"https:\/\/radiorevelacionfm.cl\/index.php?rest_route=%2Fwp%2Fv2%2Fcategories&post=4856"},{"taxonomy":"post_tag","embeddable":true,"href":"https:\/\/radiorevelacionfm.cl\/index.php?rest_route=%2Fwp%2Fv2%2Ftags&post=4856"}],"curies":[{"name":"wp","href":"https:\/\/api.w.org\/{rel}","templated":true}]}}