{"id":48558,"date":"2024-12-05T16:53:19","date_gmt":"2024-12-05T19:53:19","guid":{"rendered":"https:\/\/radiorevelacionfm.cl\/?p=48558"},"modified":"2024-12-05T16:53:19","modified_gmt":"2024-12-05T19:53:19","slug":"cchc-plantea-a-gobernador-electo-necesidad-de-generar-infraestructura-que-propicie-el-desarrollo-productivo-local","status":"publish","type":"post","link":"https:\/\/radiorevelacionfm.cl\/?p=48558","title":{"rendered":"CChC plantea a Gobernador electo necesidad de generar infraestructura que propicie el desarrollo productivo local"},"content":{"rendered":"<div class=\"flex_column av_one_full  flex_column_div av-zero-column-padding first  avia-builder-el-0  el_before_av_one_full  avia-builder-el-first  \" style='border-radius:0px; '><div  class='avia-image-container  av-styling-    avia-builder-el-1  avia-builder-el-no-sibling  avia-align-center '  itemprop=\"image\" itemscope=\"itemscope\" itemtype=\"https:\/\/schema.org\/ImageObject\"  ><div class='avia-image-container-inner'><div class='avia-image-overlay-wrap'><img decoding=\"async\" class='wp-image-48559 avia-img-lazy-loading-not-48559 avia_image' src=\"https:\/\/radiorevelacionfm.cl\/wp-content\/uploads\/2024\/12\/2-2024-12-05t110424_optimized.203-1-1.jpg\" alt='' title='2 - -2024-12-05t110424_optimized.203-(1) (1)' height=\"600\" width=\"1285\"  itemprop=\"thumbnailUrl\" srcset=\"https:\/\/radiorevelacionfm.cl\/wp-content\/uploads\/2024\/12\/2-2024-12-05t110424_optimized.203-1-1.jpg 1285w, https:\/\/radiorevelacionfm.cl\/wp-content\/uploads\/2024\/12\/2-2024-12-05t110424_optimized.203-1-1-300x140.jpg 300w, https:\/\/radiorevelacionfm.cl\/wp-content\/uploads\/2024\/12\/2-2024-12-05t110424_optimized.203-1-1-1030x481.jpg 1030w, https:\/\/radiorevelacionfm.cl\/wp-content\/uploads\/2024\/12\/2-2024-12-05t110424_optimized.203-1-1-768x359.jpg 768w, https:\/\/radiorevelacionfm.cl\/wp-content\/uploads\/2024\/12\/2-2024-12-05t110424_optimized.203-1-1-705x329.jpg 705w, https:\/\/radiorevelacionfm.cl\/wp-content\/uploads\/2024\/12\/2-2024-12-05t110424_optimized.203-1-1-450x210.jpg 450w, https:\/\/radiorevelacionfm.cl\/wp-content\/uploads\/2024\/12\/2-2024-12-05t110424_optimized.203-1-1-600x280.jpg 600w\" sizes=\"(max-width: 1285px) 100vw, 1285px\" \/><\/div><\/div><\/div><\/div><div class=\"flex_column av_one_full  flex_column_div av-zero-column-padding first  avia-builder-el-2  el_after_av_one_full  el_before_av_one_full  column-top-margin\" style='border-radius:0px; '><section class=\"av_textblock_section \"  itemscope=\"itemscope\" itemtype=\"https:\/\/schema.org\/BlogPosting\" itemprop=\"blogPost\" ><div class='avia_textblock  '   itemprop=\"text\" ><p style=\"text-align: center;\"><span style=\"font-size: 18pt;\"><strong>CChC plantea a Gobernador electo necesidad de generar infraestructura que propicie el desarrollo productivo local <\/strong><\/span><\/p>\n<div id=\"gtx-trans\" style=\"position: absolute; left: -50px; top: 4.31534px;\">\n<div class=\"gtx-trans-icon\"><\/div>\n<\/div>\n<\/div><\/section><\/div><div class=\"flex_column av_one_full  flex_column_div av-zero-column-padding first  avia-builder-el-4  el_after_av_one_full  el_before_av_hr  column-top-margin\" style='border-radius:0px; '><section class=\"av_textblock_section \"  itemscope=\"itemscope\" itemtype=\"https:\/\/schema.org\/BlogPosting\" itemprop=\"blogPost\" ><div class='avia_textblock  '   itemprop=\"text\" ><p style=\"text-align: justify;\"><em>Los representantes del gremio esperan que la nueva autoridad, priorice respaldar inversiones que generen crecimiento econ\u00f3mico.<\/em><\/p>\n<p style=\"text-align: justify;\">Vivienda, infraestructura p\u00fablica, ordenamiento territorial y planificaci\u00f3n, fueron, entre otros, los temas que la mesa directiva de la C\u00e1mara Chilena de la Construcci\u00f3n, sede Coyhaique, plante\u00f3 al gobernador electo, Marcelo Santana, de cara al inicio de sus funciones como m\u00e1xima autoridad de la regi\u00f3n de Ays\u00e9n, el seis de enero pr\u00f3ximo.<\/p>\n<p style=\"text-align: justify;\">El di\u00e1logo entre el gobernador electo y la CChC, se desarroll\u00f3 con una mirada propositiva y receptiva, y en \u00e9l, se expusieron los temas que, a juicio de los constructores, son urgentes de desarrollar para reactivar la econom\u00eda regional.<\/p>\n<p style=\"text-align: justify;\">En vivienda, seg\u00fan cifras del gremio, existe un d\u00e9ficit habitacional de 3 mil 047 hogares que es necesario abordar con visi\u00f3n de futuro; En infraestructura, generar concesiones y alianzas p\u00fablico privadas, adem\u00e1s de concretar infraestructura social b\u00e1sica habilitante; En cuanto a planificaci\u00f3n y ordenamiento territorial, se detall\u00f3 lo necesario que resulta que las comunas de la regi\u00f3n cuenten con planes reguladores, pues de las 10, solo tres tienen este instrumento vigente.<\/p>\n<p style=\"text-align: justify;\">Desde la CChC Coyhaique, su presidente, Pablo Carrasco, valor\u00f3 la instancia de di\u00e1logo, destacando la apertura de la nueva autoridad para escuchar los requerimientos del gremio y su compromiso con el desarrollo productivo.<\/p>\n<p style=\"text-align: justify;\">\u201cHa sido una muy buena reuni\u00f3n, hemos podido plantear los temas, que como gremio nos importan, sobre c\u00f3mo construimos futuro. Ha sido una instancia de di\u00e1logo que deja las puertas abiertas a seguir avanzando en un Desarrollo Regional. Tambi\u00e9n recibimos varias respuestas para seguir creciendo y sobre c\u00f3mo se puede dar el trabajo colaborativo que va a tener la C\u00e1mara con el Gobierno Regional\u201d, indic\u00f3 Pablo Carrasco.<\/p>\n<p style=\"text-align: justify;\">En tanto, el Gobernador electo, Marcelo Santana, valor\u00f3 la transversalidad de las propuestas de la CChC, destacando que no solo se plantearon tem\u00e1ticas relativas al gremio, pues hubo un \u00e9nfasis en el crecimiento de todo el territorio local.<\/p>\n<p style=\"text-align: justify;\">\u201cHemos abordado temas que son de inter\u00e9s de la regi\u00f3n y eso se valora, en un gremio con tanta trayectoria y prestigio como la C\u00e1mara Chilena de Construcci\u00f3n, que m\u00e1s all\u00e1 de estar preocupado solamente de sus intereses particulares. Lo que hemos visto y hemos podido conversar hoy d\u00eda, es su inter\u00e9s genuino por el desarrollo de la regi\u00f3n y en eso nosotros no nos perdemos de vista, y nos hemos sumado a este trabajo que tenemos que desarrollar todos los habitantes de la regi\u00f3n, con todos sus sectores productivos, para que vuelva a crecer, que es nuestro gran objetivo durante los pr\u00f3ximos 4 a\u00f1os\u201d, indic\u00f3 Marcelo Santana.<\/p>\n<p style=\"text-align: justify;\">La CChC se ha caracterizado por ser un gremio propositivo, levantando propuestas y proyectos que benefician de manera transversal a la regi\u00f3n, entendiendo que el desarrollo debe ser armonioso, generando oportunidades de crecimiento que respeten la normativa legal vigente.<\/p>\n<\/div><\/section><\/div><div  style='height:50px' class='hr hr-invisible   avia-builder-el-6  el_after_av_one_full  el_before_av_social_share '><span class='hr-inner ' ><span class='hr-inner-style'><\/span><\/span><\/div><\/p>\n<div  class='av-social-sharing-box  avia-builder-el-7  el_after_av_hr  el_before_av_hr  '><div class='av-share-box'><h5 class='av-share-link-description av-no-toc '>Compartir esta noticia<\/h5><ul class='av-share-box-list noLightbox'><li class='av-share-link av-social-link-facebook' ><a target=\"_blank\" aria-label=\"Compartir en Facebook\" href='https:\/\/www.facebook.com\/sharer.php?u=https:\/\/radiorevelacionfm.cl\/?p=48558&#038;t=CChC%20plantea%20a%20Gobernador%20electo%20necesidad%20de%20generar%20infraestructura%20que%20propicie%20el%20desarrollo%20productivo%20local' aria-hidden='false' data-av_icon='\ue8f3' data-av_iconfont='entypo-fontello' title='' data-avia-related-tooltip='Compartir en Facebook' rel=\"noopener\"><span class='avia_hidden_link_text'>Compartir en Facebook<\/span><\/a><\/li><li class='av-share-link av-social-link-twitter' ><a target=\"_blank\" aria-label=\"Compartir en Twitter\" href='https:\/\/twitter.com\/share?text=CChC%20plantea%20a%20Gobernador%20electo%20necesidad%20de%20generar%20infraestructura%20que%20propicie%20el%20desarrollo%20productivo%20local&#038;url=https:\/\/radiorevelacionfm.cl\/?p=48558' aria-hidden='false' data-av_icon='\ue8f1' data-av_iconfont='entypo-fontello' title='' data-avia-related-tooltip='Compartir en Twitter' rel=\"noopener\"><span class='avia_hidden_link_text'>Compartir en Twitter<\/span><\/a><\/li><li class='av-share-link av-social-link-whatsapp' ><a target=\"_blank\" aria-label=\"Compartir en Whatsapp\" href='https:\/\/api.whatsapp.com\/send?text=https:\/\/radiorevelacionfm.cl\/?p=48558' aria-hidden='false' data-av_icon='\uf232' data-av_iconfont='entypo-fontello' title='' data-avia-related-tooltip='Compartir en Whatsapp' rel=\"noopener\"><span class='avia_hidden_link_text'>Compartir en Whatsapp<\/span><\/a><\/li><li class='av-share-link av-social-link-linkedin' ><a target=\"_blank\" aria-label=\"Compartir en LinkedIn\" href='https:\/\/linkedin.com\/shareArticle?mini=true&#038;title=CChC%20plantea%20a%20Gobernador%20electo%20necesidad%20de%20generar%20infraestructura%20que%20propicie%20el%20desarrollo%20productivo%20local&#038;url=https:\/\/radiorevelacionfm.cl\/?p=48558' aria-hidden='false' data-av_icon='\ue8fc' data-av_iconfont='entypo-fontello' title='' data-avia-related-tooltip='Compartir en LinkedIn' rel=\"noopener\"><span class='avia_hidden_link_text'>Compartir en LinkedIn<\/span><\/a><\/li><li class='av-share-link av-social-link-mail' ><a  aria-label=\"Compartir por correo\" href='mailto:?subject=CChC%20plantea%20a%20Gobernador%20electo%20necesidad%20de%20generar%20infraestructura%20que%20propicie%20el%20desarrollo%20productivo%20local&#038;body=https:\/\/radiorevelacionfm.cl\/?p=48558' aria-hidden='false' data-av_icon='\ue805' data-av_iconfont='entypo-fontello' title='' data-avia-related-tooltip='Compartir por correo'><span class='avia_hidden_link_text'>Compartir por correo<\/span><\/a><\/li><\/ul><\/div><\/div>\n<div  style='height:50px' class='hr hr-invisible   avia-builder-el-8  el_after_av_social_share  el_before_av_comments_list '><span class='hr-inner ' ><span class='hr-inner-style'><\/span><\/span><\/div>\n<div  class='av-buildercomment  av-blog-meta-html-info-disabled av-blog-meta-tag-disabled  '><\/div>\n","protected":false},"excerpt":{"rendered":"","protected":false},"author":1,"featured_media":48559,"comment_status":"open","ping_status":"open","sticky":false,"template":"","format":"standard","meta":{"footnotes":""},"categories":[38],"tags":[],"class_list":["post-48558","post","type-post","status-publish","format-standard","has-post-thumbnail","hentry","category-regional"],"jetpack_featured_media_url":"https:\/\/radiorevelacionfm.cl\/wp-content\/uploads\/2024\/12\/2-2024-12-05t110424_optimized.203-1-1.jpg","_links":{"self":[{"href":"https:\/\/radiorevelacionfm.cl\/index.php?rest_route=\/wp\/v2\/posts\/48558","targetHints":{"allow":["GET"]}}],"collection":[{"href":"https:\/\/radiorevelacionfm.cl\/index.php?rest_route=\/wp\/v2\/posts"}],"about":[{"href":"https:\/\/radiorevelacionfm.cl\/index.php?rest_route=\/wp\/v2\/types\/post"}],"author":[{"embeddable":true,"href":"https:\/\/radiorevelacionfm.cl\/index.php?rest_route=\/wp\/v2\/users\/1"}],"replies":[{"embeddable":true,"href":"https:\/\/radiorevelacionfm.cl\/index.php?rest_route=%2Fwp%2Fv2%2Fcomments&post=48558"}],"version-history":[{"count":1,"href":"https:\/\/radiorevelacionfm.cl\/index.php?rest_route=\/wp\/v2\/posts\/48558\/revisions"}],"predecessor-version":[{"id":48560,"href":"https:\/\/radiorevelacionfm.cl\/index.php?rest_route=\/wp\/v2\/posts\/48558\/revisions\/48560"}],"wp:featuredmedia":[{"embeddable":true,"href":"https:\/\/radiorevelacionfm.cl\/index.php?rest_route=\/wp\/v2\/media\/48559"}],"wp:attachment":[{"href":"https:\/\/radiorevelacionfm.cl\/index.php?rest_route=%2Fwp%2Fv2%2Fmedia&parent=48558"}],"wp:term":[{"taxonomy":"category","embeddable":true,"href":"https:\/\/radiorevelacionfm.cl\/index.php?rest_route=%2Fwp%2Fv2%2Fcategories&post=48558"},{"taxonomy":"post_tag","embeddable":true,"href":"https:\/\/radiorevelacionfm.cl\/index.php?rest_route=%2Fwp%2Fv2%2Ftags&post=48558"}],"curies":[{"name":"wp","href":"https:\/\/api.w.org\/{rel}","templated":true}]}}