{"id":48555,"date":"2024-12-05T10:57:25","date_gmt":"2024-12-05T13:57:25","guid":{"rendered":"https:\/\/radiorevelacionfm.cl\/?p=48555"},"modified":"2024-12-05T10:57:25","modified_gmt":"2024-12-05T13:57:25","slug":"juzgado-de-cochrane-realizo-segunda-itinerancia-del-ano-en-localidades-del-extremo-sur-de-aysen","status":"publish","type":"post","link":"https:\/\/radiorevelacionfm.cl\/?p=48555","title":{"rendered":"Juzgado de Cochrane realiz\u00f3 segunda itinerancia del a\u00f1o en localidades del extremo sur de Ays\u00e9n"},"content":{"rendered":"<div class=\"flex_column av_one_full  flex_column_div av-zero-column-padding first  avia-builder-el-0  el_before_av_one_full  avia-builder-el-first  \" style='border-radius:0px; '><div  class='avia-image-container  av-styling-    avia-builder-el-1  avia-builder-el-no-sibling  avia-align-center '  itemprop=\"image\" itemscope=\"itemscope\" itemtype=\"https:\/\/schema.org\/ImageObject\"  ><div class='avia-image-container-inner'><div class='avia-image-overlay-wrap'><img decoding=\"async\" class='wp-image-48556 avia-img-lazy-loading-not-48556 avia_image' src=\"https:\/\/radiorevelacionfm.cl\/wp-content\/uploads\/2024\/12\/Foto-1-2-1-1.jpg\" alt='' title='Foto 1 (2) (1) (1)' height=\"600\" width=\"1022\"  itemprop=\"thumbnailUrl\" srcset=\"https:\/\/radiorevelacionfm.cl\/wp-content\/uploads\/2024\/12\/Foto-1-2-1-1.jpg 1022w, https:\/\/radiorevelacionfm.cl\/wp-content\/uploads\/2024\/12\/Foto-1-2-1-1-300x176.jpg 300w, https:\/\/radiorevelacionfm.cl\/wp-content\/uploads\/2024\/12\/Foto-1-2-1-1-768x451.jpg 768w, https:\/\/radiorevelacionfm.cl\/wp-content\/uploads\/2024\/12\/Foto-1-2-1-1-705x414.jpg 705w, https:\/\/radiorevelacionfm.cl\/wp-content\/uploads\/2024\/12\/Foto-1-2-1-1-450x264.jpg 450w, https:\/\/radiorevelacionfm.cl\/wp-content\/uploads\/2024\/12\/Foto-1-2-1-1-600x352.jpg 600w\" sizes=\"(max-width: 1022px) 100vw, 1022px\" \/><\/div><\/div><\/div><\/div><div class=\"flex_column av_one_full  flex_column_div av-zero-column-padding first  avia-builder-el-2  el_after_av_one_full  el_before_av_one_full  column-top-margin\" style='border-radius:0px; '><section class=\"av_textblock_section \"  itemscope=\"itemscope\" itemtype=\"https:\/\/schema.org\/BlogPosting\" itemprop=\"blogPost\" ><div class='avia_textblock  '   itemprop=\"text\" ><p style=\"text-align: center;\"><strong><span style=\"font-size: 18pt;\">Juzgado de Cochrane realiz\u00f3 segunda itinerancia del a\u00f1o en localidades del extremo sur de Ays\u00e9n<\/span><\/strong><\/p>\n<div id=\"gtx-trans\" style=\"position: absolute; left: -50px; top: 4.31534px;\">\n<div class=\"gtx-trans-icon\"><\/div>\n<\/div>\n<\/div><\/section><\/div><div class=\"flex_column av_one_full  flex_column_div av-zero-column-padding first  avia-builder-el-4  el_after_av_one_full  el_before_av_hr  column-top-margin\" style='border-radius:0px; '><section class=\"av_textblock_section \"  itemscope=\"itemscope\" itemtype=\"https:\/\/schema.org\/BlogPosting\" itemprop=\"blogPost\" ><div class='avia_textblock  '   itemprop=\"text\" ><p class=\"v1MsoNormal\" style=\"text-align: justify;\">El pasado 26 de noviembre, el Juzgado de Letras, Garant\u00eda y Familia de Cochrane se desplaz\u00f3 hasta las comunidades de Caleta Tortel y O&#8217;Higgins para llevar a cabo su segunda itinerancia del presente a\u00f1o. En la oportunidad, se desarrollaron audiencias en materia laboral, penal y familiar. Asimismo, los integrantes sostuvieron diversas actividades de vinculaci\u00f3n con establecimientos educacionales, Carabineros de Chile y las nuevas oficinas locales de la ni\u00f1ez.<\/p>\n<p class=\"v1MsoNormal\" style=\"text-align: justify;\">En este sentido, la magistrada Luisa Cornejo sostuvo que \u00ablos d\u00edas 26, 27 y 28 de noviembre, el Juzgado mixto de Cochrane realiz\u00f3 su itinerancia de primavera. Esta actividad est\u00e1 pensada para que el tribunal pueda ir presencialmente a las localidades m\u00e1s apartadas de la jurisdicci\u00f3n, en este caso las comunas de Caleta Tortel y Villa O&#8217;Higgins. En esta ocasi\u00f3n nos acompa\u00f1\u00f3 adicionalmente el Instituto Nacional de Derechos Humanos y parte del Circuito de Mejor Ni\u00f1ez\u00bb.<\/p>\n<p class=\"v1MsoNormal\" style=\"text-align: justify;\">Agreg\u00f3 que \u00abadicionalmente, a las audiencias, realizamos reuniones con Carabineros, con la Escuela Comandante Luis Bravo Bravo en Caleta Tortel, as\u00ed como tambi\u00e9n reuniones con el Liceo Pioneros del Sur de Villa O\u00b4Higgins. Finalmente, tambi\u00e9n pudimos reunirnos con los representantes de las oficinas locales de la ni\u00f1ez de ambas comunas, porque ellas se est\u00e1n constituyendo y nos pudieron levantar informaci\u00f3n pertinente respecto a c\u00f3mo han estado funcionando las coordinaciones. As\u00ed que fue una instancia muy provechosa y esperamos volver a repetirla el pr\u00f3ximo a\u00f1o\u00bb.<\/p>\n<p class=\"v1MsoNormal\" style=\"text-align: justify;\">Esta instancia itinerante cont\u00f3 con la presencia de la magistrada del tribunal de Cochrane, Luisa Cornejo; el fiscal \u00c1lvaro Sanhueza Tasso, el defensor penal p\u00fablico Alonso Herrera Karl, la abogada de la Corporaci\u00f3n de Asistencia Judicial (CAJ) de Cochrane, Katherine C\u00e1rcamo Viveros y el director del Instituto de Derechos Humanos (INDH), Joaqu\u00edn Bizama. Adem\u00e1s, funcionarios judiciales y de Gendarmer\u00eda de Chile.<\/p>\n<\/div><\/section><\/div><div  style='height:50px' class='hr hr-invisible   avia-builder-el-6  el_after_av_one_full  el_before_av_social_share '><span class='hr-inner ' ><span class='hr-inner-style'><\/span><\/span><\/div><\/p>\n<div  class='av-social-sharing-box  avia-builder-el-7  el_after_av_hr  el_before_av_hr  '><div class='av-share-box'><h5 class='av-share-link-description av-no-toc '>Compartir esta noticia<\/h5><ul class='av-share-box-list noLightbox'><li class='av-share-link av-social-link-facebook' ><a target=\"_blank\" aria-label=\"Compartir en Facebook\" href='https:\/\/www.facebook.com\/sharer.php?u=https:\/\/radiorevelacionfm.cl\/?p=48555&#038;t=Juzgado%20de%20Cochrane%20realiz%C3%B3%20segunda%20itinerancia%20del%20a%C3%B1o%20en%20localidades%20del%20extremo%20sur%20de%20Ays%C3%A9n' aria-hidden='false' data-av_icon='\ue8f3' data-av_iconfont='entypo-fontello' title='' data-avia-related-tooltip='Compartir en Facebook' rel=\"noopener\"><span class='avia_hidden_link_text'>Compartir en Facebook<\/span><\/a><\/li><li class='av-share-link av-social-link-twitter' ><a target=\"_blank\" aria-label=\"Compartir en Twitter\" href='https:\/\/twitter.com\/share?text=Juzgado%20de%20Cochrane%20realiz%C3%B3%20segunda%20itinerancia%20del%20a%C3%B1o%20en%20localidades%20del%20extremo%20sur%20de%20Ays%C3%A9n&#038;url=https:\/\/radiorevelacionfm.cl\/?p=48555' aria-hidden='false' data-av_icon='\ue8f1' data-av_iconfont='entypo-fontello' title='' data-avia-related-tooltip='Compartir en Twitter' rel=\"noopener\"><span class='avia_hidden_link_text'>Compartir en Twitter<\/span><\/a><\/li><li class='av-share-link av-social-link-whatsapp' ><a target=\"_blank\" aria-label=\"Compartir en Whatsapp\" href='https:\/\/api.whatsapp.com\/send?text=https:\/\/radiorevelacionfm.cl\/?p=48555' aria-hidden='false' data-av_icon='\uf232' data-av_iconfont='entypo-fontello' title='' data-avia-related-tooltip='Compartir en Whatsapp' rel=\"noopener\"><span class='avia_hidden_link_text'>Compartir en Whatsapp<\/span><\/a><\/li><li class='av-share-link av-social-link-linkedin' ><a target=\"_blank\" aria-label=\"Compartir en LinkedIn\" href='https:\/\/linkedin.com\/shareArticle?mini=true&#038;title=Juzgado%20de%20Cochrane%20realiz%C3%B3%20segunda%20itinerancia%20del%20a%C3%B1o%20en%20localidades%20del%20extremo%20sur%20de%20Ays%C3%A9n&#038;url=https:\/\/radiorevelacionfm.cl\/?p=48555' aria-hidden='false' data-av_icon='\ue8fc' data-av_iconfont='entypo-fontello' title='' data-avia-related-tooltip='Compartir en LinkedIn' rel=\"noopener\"><span class='avia_hidden_link_text'>Compartir en LinkedIn<\/span><\/a><\/li><li class='av-share-link av-social-link-mail' ><a  aria-label=\"Compartir por correo\" href='mailto:?subject=Juzgado%20de%20Cochrane%20realiz%C3%B3%20segunda%20itinerancia%20del%20a%C3%B1o%20en%20localidades%20del%20extremo%20sur%20de%20Ays%C3%A9n&#038;body=https:\/\/radiorevelacionfm.cl\/?p=48555' aria-hidden='false' data-av_icon='\ue805' data-av_iconfont='entypo-fontello' title='' data-avia-related-tooltip='Compartir por correo'><span class='avia_hidden_link_text'>Compartir por correo<\/span><\/a><\/li><\/ul><\/div><\/div>\n<div  style='height:50px' class='hr hr-invisible   avia-builder-el-8  el_after_av_social_share  el_before_av_comments_list '><span class='hr-inner ' ><span class='hr-inner-style'><\/span><\/span><\/div>\n<div  class='av-buildercomment  av-blog-meta-html-info-disabled av-blog-meta-tag-disabled  '><\/div>\n","protected":false},"excerpt":{"rendered":"","protected":false},"author":1,"featured_media":48556,"comment_status":"open","ping_status":"open","sticky":false,"template":"","format":"standard","meta":{"footnotes":""},"categories":[55],"tags":[],"class_list":["post-48555","post","type-post","status-publish","format-standard","has-post-thumbnail","hentry","category-justicia"],"jetpack_featured_media_url":"https:\/\/radiorevelacionfm.cl\/wp-content\/uploads\/2024\/12\/Foto-1-2-1-1.jpg","_links":{"self":[{"href":"https:\/\/radiorevelacionfm.cl\/index.php?rest_route=\/wp\/v2\/posts\/48555","targetHints":{"allow":["GET"]}}],"collection":[{"href":"https:\/\/radiorevelacionfm.cl\/index.php?rest_route=\/wp\/v2\/posts"}],"about":[{"href":"https:\/\/radiorevelacionfm.cl\/index.php?rest_route=\/wp\/v2\/types\/post"}],"author":[{"embeddable":true,"href":"https:\/\/radiorevelacionfm.cl\/index.php?rest_route=\/wp\/v2\/users\/1"}],"replies":[{"embeddable":true,"href":"https:\/\/radiorevelacionfm.cl\/index.php?rest_route=%2Fwp%2Fv2%2Fcomments&post=48555"}],"version-history":[{"count":1,"href":"https:\/\/radiorevelacionfm.cl\/index.php?rest_route=\/wp\/v2\/posts\/48555\/revisions"}],"predecessor-version":[{"id":48557,"href":"https:\/\/radiorevelacionfm.cl\/index.php?rest_route=\/wp\/v2\/posts\/48555\/revisions\/48557"}],"wp:featuredmedia":[{"embeddable":true,"href":"https:\/\/radiorevelacionfm.cl\/index.php?rest_route=\/wp\/v2\/media\/48556"}],"wp:attachment":[{"href":"https:\/\/radiorevelacionfm.cl\/index.php?rest_route=%2Fwp%2Fv2%2Fmedia&parent=48555"}],"wp:term":[{"taxonomy":"category","embeddable":true,"href":"https:\/\/radiorevelacionfm.cl\/index.php?rest_route=%2Fwp%2Fv2%2Fcategories&post=48555"},{"taxonomy":"post_tag","embeddable":true,"href":"https:\/\/radiorevelacionfm.cl\/index.php?rest_route=%2Fwp%2Fv2%2Ftags&post=48555"}],"curies":[{"name":"wp","href":"https:\/\/api.w.org\/{rel}","templated":true}]}}