{"id":48549,"date":"2024-12-05T09:29:05","date_gmt":"2024-12-05T12:29:05","guid":{"rendered":"https:\/\/radiorevelacionfm.cl\/?p=48549"},"modified":"2024-12-05T09:29:05","modified_gmt":"2024-12-05T12:29:05","slug":"mas-de-300-familias-del-sector-tejas-verdes-las-bandurrias-cambiaran-significativamente-sus-vidas-con-el-abastecimiento-de-agua-potable","status":"publish","type":"post","link":"https:\/\/radiorevelacionfm.cl\/?p=48549","title":{"rendered":"M\u00e1s de 300 familias del sector Tejas Verdes-Las Bandurrias cambiar\u00e1n significativamente sus vidas con el abastecimiento de agua potable"},"content":{"rendered":"<div class=\"flex_column av_one_full  flex_column_div av-zero-column-padding first  avia-builder-el-0  el_before_av_one_full  avia-builder-el-first  \" style='border-radius:0px; '><div  class='avia-image-container  av-styling-    avia-builder-el-1  avia-builder-el-no-sibling  avia-align-center '  itemprop=\"image\" itemscope=\"itemscope\" itemtype=\"https:\/\/schema.org\/ImageObject\"  ><div class='avia-image-container-inner'><div class='avia-image-overlay-wrap'><img decoding=\"async\" class='wp-image-48550 avia-img-lazy-loading-not-48550 avia_image' src=\"https:\/\/radiorevelacionfm.cl\/wp-content\/uploads\/2024\/12\/img-20241204-wa0030-1_optimized-1.jpg\" alt='' title='img-20241204-wa0030-(1)_optimized (1)' height=\"600\" width=\"900\"  itemprop=\"thumbnailUrl\" srcset=\"https:\/\/radiorevelacionfm.cl\/wp-content\/uploads\/2024\/12\/img-20241204-wa0030-1_optimized-1.jpg 900w, https:\/\/radiorevelacionfm.cl\/wp-content\/uploads\/2024\/12\/img-20241204-wa0030-1_optimized-1-300x200.jpg 300w, https:\/\/radiorevelacionfm.cl\/wp-content\/uploads\/2024\/12\/img-20241204-wa0030-1_optimized-1-768x512.jpg 768w, https:\/\/radiorevelacionfm.cl\/wp-content\/uploads\/2024\/12\/img-20241204-wa0030-1_optimized-1-705x470.jpg 705w, https:\/\/radiorevelacionfm.cl\/wp-content\/uploads\/2024\/12\/img-20241204-wa0030-1_optimized-1-450x300.jpg 450w, https:\/\/radiorevelacionfm.cl\/wp-content\/uploads\/2024\/12\/img-20241204-wa0030-1_optimized-1-600x400.jpg 600w\" sizes=\"(max-width: 900px) 100vw, 900px\" \/><\/div><\/div><\/div><\/div>\n<div class=\"flex_column av_one_full  flex_column_div av-zero-column-padding first  avia-builder-el-2  el_after_av_one_full  el_before_av_one_full  column-top-margin\" style='border-radius:0px; '><section class=\"av_textblock_section \"  itemscope=\"itemscope\" itemtype=\"https:\/\/schema.org\/BlogPosting\" itemprop=\"blogPost\" ><div class='avia_textblock  '   itemprop=\"text\" ><p style=\"text-align: center;\"><strong><span style=\"font-size: 18pt;\">M\u00e1s de 300 familias del sector Tejas Verdes-Las Bandurrias cambiar\u00e1n significativamente sus vidas con el abastecimiento de agua potable<\/span><\/strong><\/p>\n<div id=\"gtx-trans\" style=\"position: absolute; left: -50px; top: 4.31534px;\">\n<div class=\"gtx-trans-icon\"><\/div>\n<\/div>\n<\/div><\/section><\/div><div class=\"flex_column av_one_full  flex_column_div av-zero-column-padding first  avia-builder-el-4  el_after_av_one_full  el_before_av_hr  column-top-margin\" style='border-radius:0px; '><section class=\"av_textblock_section \"  itemscope=\"itemscope\" itemtype=\"https:\/\/schema.org\/BlogPosting\" itemprop=\"blogPost\" ><div class='avia_textblock  '   itemprop=\"text\" ><p style=\"text-align: justify;\"><em>Construcci\u00f3n de Servicio Sanitario Rural considera una inversi\u00f3n de la Subdirecci\u00f3n de Servicios Sanitarios Rurales de la DOH del MOP que alcanza los $4.807 millones y entregar\u00e1 por primera vez en m\u00e1s de 30 a\u00f1os agua potable a las vecinas y vecinos de este sector.<\/em><\/p>\n<p style=\"text-align: justify;\">\u201cNos cambia la vida. Tal como dijo la Seremi nos cambia la vida a todos. Es lo que coment\u00e1bamos reci\u00e9n adentro en el Plenario, que despu\u00e9s de vivir m\u00e1s de 30 a\u00f1os muchos vecinos sin tener acceso al agua potable y estar acarreando agua, consumiendo agua lluvia o estar tomando aguas superficiales de escaza reputaci\u00f3n higi\u00e9nica, nos cambia la vida. Nos cambia la vida, poder echar a andar un calef\u00f3n, lavar ropa y que salga limpia y que no salga con tierra como nos pasa hasta ahora; invitar a tomar un mate con agua potable, porque nosotros estamos acostumbrados a los bichitos despu\u00e9s de tantos a\u00f1os, pero la otra gente no. Adem\u00e1s, por ejemplo tengo vecinos, muchos adultos mayores que todav\u00eda acarrean agua en camioneta. Tejas Verdes-Las Bandurrias es un sector rural que ha sido absorbido por el mundo urbano, pero ah\u00ed estamos con nuestros animales, la siembra, y con nuestra ida de campo, los huevos, las verduras esa es nuestra forma de vivir y el agua es vital para todos nuestros procesos; procesos de producci\u00f3n y procesos de vida. Eso, nada m\u00e1s y nada menos}, que todo aquello\u201d, asegur\u00f3 Alejandra Cofr\u00e9 representante del Comit\u00e9 de trabajo del APR Tejas Verdes-Las Bandurrias.<\/p>\n<p style=\"text-align: justify;\">As\u00ed lo refrend\u00f3 tambi\u00e9n la Secretaria Regional Ministerial de Obras P\u00fablicas, Paloma Jara Vald\u00e9s, quien destac\u00f3 que \u201cla aprobaci\u00f3n que nos ha dado hoy d\u00eda el Plenario del Gobierno Regional de Ays\u00e9n ha sido vital para poder seguir avanzando en este proyecto, en donde son m\u00e1s de $4.800 millones de inversi\u00f3n MOP con los que podremos dar agua potable al sector Tejas Verdes- Las Bandurrias. Demostrar con esto el compromiso que tenemos desde el Ministerio de Obras P\u00fablicas y desde el gobierno del presidente Boric con el agua potable rural y con las personas que habitan el mundo rural. Ellas y ellos son parte de nuestra sociedad al igual que todos los que estamos en el mundo urbano y merecen la misma calidad de vida que tenemos los que habitamos las ciudades. Es importante para esto reconocer que el agua potable rural no tiene clase social y no tiene tampoco una diferencia entre colores pol\u00edticos. Para m\u00ed es muy importante resaltar esto, porque este proyecto es hist\u00f3rico y muchos actores han peleado para sacarlo adelante, sobre todo realzar la labor de la directiva que hizo posible esto a pulso y en conjunto con el equipo de la Direcci\u00f3n de Obras Hidr\u00e1ulicas y especialmente de la Subdirecci\u00f3n de Servicios Sanitarios Rurales que se ha empe\u00f1ado y ha trabajado muy arduamente y gracias a ellos hoy d\u00eda tenemos una recomendaci\u00f3n satisfactoria del Ministerio de Desarrollo Social y Familia y tambi\u00e9n la aprobaci\u00f3n de nuestros recursos por el pleno del CORE. Lo que viene ahora es el compromiso del Ministerio de Obras P\u00fablicas con los fondos sectoriales para que podamos as\u00ed estar poniendo ojal\u00e1 la primera tuber\u00eda a fines del pr\u00f3ximo a\u00f1o\u201d.<\/p>\n<p style=\"text-align: justify;\">Con la construcci\u00f3n de estas obras vamos a poder entregar a la comunidad seguridad en la cantidad, en la calidad y en la continuidad del suministro de agua potable y sumar un nuevo Servicio Sanitario Rural a la red de estos sistemas que se encuentra distribuida en toda la regi\u00f3n de Ays\u00e9n y que actualmente abastece a m\u00e1s de 27 mil las personas, lo que es un importante hito que hoy cumplimos en el marco de reciente celebraci\u00f3n del sexag\u00e9simo Aniversario del Programa de Agua Potable Rural en el pa\u00eds. \u201cHace 60 a\u00f1os, Chile dio un paso trascendental para mejorar la calidad de vida en las zonas rurales mediante el Programa de Agua Potable Rural. Lo que comenz\u00f3 como un enorme desaf\u00edo, enfrentando m\u00faltiples limitaciones, se convirti\u00f3 en una pol\u00edtica p\u00fablica de largo alcance que ha impactado positivamente a m\u00e1s de 2 millones de personas. Este programa es m\u00e1s que infraestructura; es un esfuerzo de salud, equidad, desarrollo econ\u00f3mico y tambi\u00e9n de justicia social para miles de familias que viven en las zonas rurales\u201d, se\u00f1al\u00f3 la ministra Jessica L\u00f3pez.<\/p>\n<p style=\"text-align: justify;\">Por su parte, el Subdirector de Servicios Sanitarios Rurales de la Direcci\u00f3n Regional de Obras Hidr\u00e1ulicas del MOP n la regi\u00f3n de Ays\u00e9n, Pablo Rojas expres\u00f3 que este proyecto continuar\u00e1 con su avance. \u201cEl proyecto que se acaba de aprobar hoy d\u00eda va a permitir abastecer inicialmente con agua potables a 303 familias, lo que nosotros proyectamos es una tasa de crecimiento a 20 a\u00f1os as\u00ed que vamos a tener la posibilidad de que m\u00e1s familias se puedan sumar a este proyecto. Las obras contemplan b\u00e1sicamente cuatro captaciones; tres captaciones superficiales que van a abastecer en forma gravitacional y tambi\u00e9n una captaci\u00f3n superficial en el r\u00edo Coyhaique, pero en donde deberemos elevar el agua en el momento en que en las captaciones gravitacionales no puedan abastecer, contempla tambi\u00e9n tres estanques de hormig\u00f3n para regular la presi\u00f3n del agua. Esperamos partir el proyecto alrededor de septiembre del a\u00f1o 2025, y que la ejecuci\u00f3n de las obras dure entre 22 y 26 meses,\u00a0 as\u00ed que estamos contentos de que esto se pueda concretar\u201d.<\/p>\n<\/div><\/section><\/div><\/p>\n<div  style='height:50px' class='hr hr-invisible   avia-builder-el-6  el_after_av_one_full  el_before_av_social_share '><span class='hr-inner ' ><span class='hr-inner-style'><\/span><\/span><\/div>\n<div  class='av-social-sharing-box  avia-builder-el-7  el_after_av_hr  el_before_av_hr  '><div class='av-share-box'><h5 class='av-share-link-description av-no-toc '>Compartir esta noticia<\/h5><ul class='av-share-box-list noLightbox'><li class='av-share-link av-social-link-facebook' ><a target=\"_blank\" aria-label=\"Compartir en Facebook\" href='https:\/\/www.facebook.com\/sharer.php?u=https:\/\/radiorevelacionfm.cl\/?p=48549&#038;t=M%C3%A1s%20de%20300%20familias%20del%20sector%20Tejas%20Verdes-Las%20Bandurrias%20cambiar%C3%A1n%20significativamente%20sus%20vidas%20con%20el%20abastecimiento%20de%20agua%20potable' aria-hidden='false' data-av_icon='\ue8f3' data-av_iconfont='entypo-fontello' title='' data-avia-related-tooltip='Compartir en Facebook' rel=\"noopener\"><span class='avia_hidden_link_text'>Compartir en Facebook<\/span><\/a><\/li><li class='av-share-link av-social-link-twitter' ><a target=\"_blank\" aria-label=\"Compartir en Twitter\" href='https:\/\/twitter.com\/share?text=M%C3%A1s%20de%20300%20familias%20del%20sector%20Tejas%20Verdes-Las%20Bandurrias%20cambiar%C3%A1n%20significativamente%20sus%20vidas%20con%20el%20abastecimiento%20de%20agua%20potable&#038;url=https:\/\/radiorevelacionfm.cl\/?p=48549' aria-hidden='false' data-av_icon='\ue8f1' data-av_iconfont='entypo-fontello' title='' data-avia-related-tooltip='Compartir en Twitter' rel=\"noopener\"><span class='avia_hidden_link_text'>Compartir en Twitter<\/span><\/a><\/li><li class='av-share-link av-social-link-whatsapp' ><a target=\"_blank\" aria-label=\"Compartir en Whatsapp\" href='https:\/\/api.whatsapp.com\/send?text=https:\/\/radiorevelacionfm.cl\/?p=48549' aria-hidden='false' data-av_icon='\uf232' data-av_iconfont='entypo-fontello' title='' data-avia-related-tooltip='Compartir en Whatsapp' rel=\"noopener\"><span class='avia_hidden_link_text'>Compartir en Whatsapp<\/span><\/a><\/li><li class='av-share-link av-social-link-linkedin' ><a target=\"_blank\" aria-label=\"Compartir en LinkedIn\" href='https:\/\/linkedin.com\/shareArticle?mini=true&#038;title=M%C3%A1s%20de%20300%20familias%20del%20sector%20Tejas%20Verdes-Las%20Bandurrias%20cambiar%C3%A1n%20significativamente%20sus%20vidas%20con%20el%20abastecimiento%20de%20agua%20potable&#038;url=https:\/\/radiorevelacionfm.cl\/?p=48549' aria-hidden='false' data-av_icon='\ue8fc' data-av_iconfont='entypo-fontello' title='' data-avia-related-tooltip='Compartir en LinkedIn' rel=\"noopener\"><span class='avia_hidden_link_text'>Compartir en LinkedIn<\/span><\/a><\/li><li class='av-share-link av-social-link-mail' ><a  aria-label=\"Compartir por correo\" href='mailto:?subject=M%C3%A1s%20de%20300%20familias%20del%20sector%20Tejas%20Verdes-Las%20Bandurrias%20cambiar%C3%A1n%20significativamente%20sus%20vidas%20con%20el%20abastecimiento%20de%20agua%20potable&#038;body=https:\/\/radiorevelacionfm.cl\/?p=48549' aria-hidden='false' data-av_icon='\ue805' data-av_iconfont='entypo-fontello' title='' data-avia-related-tooltip='Compartir por correo'><span class='avia_hidden_link_text'>Compartir por correo<\/span><\/a><\/li><\/ul><\/div><\/div>\n<div  style='height:50px' class='hr hr-invisible   avia-builder-el-8  el_after_av_social_share  el_before_av_comments_list '><span class='hr-inner ' ><span class='hr-inner-style'><\/span><\/span><\/div>\n<div  class='av-buildercomment  av-blog-meta-html-info-disabled av-blog-meta-tag-disabled  '><\/div>\n","protected":false},"excerpt":{"rendered":"","protected":false},"author":1,"featured_media":48550,"comment_status":"open","ping_status":"open","sticky":false,"template":"","format":"standard","meta":{"footnotes":""},"categories":[38],"tags":[],"class_list":["post-48549","post","type-post","status-publish","format-standard","has-post-thumbnail","hentry","category-regional"],"jetpack_featured_media_url":"https:\/\/radiorevelacionfm.cl\/wp-content\/uploads\/2024\/12\/img-20241204-wa0030-1_optimized-1.jpg","_links":{"self":[{"href":"https:\/\/radiorevelacionfm.cl\/index.php?rest_route=\/wp\/v2\/posts\/48549","targetHints":{"allow":["GET"]}}],"collection":[{"href":"https:\/\/radiorevelacionfm.cl\/index.php?rest_route=\/wp\/v2\/posts"}],"about":[{"href":"https:\/\/radiorevelacionfm.cl\/index.php?rest_route=\/wp\/v2\/types\/post"}],"author":[{"embeddable":true,"href":"https:\/\/radiorevelacionfm.cl\/index.php?rest_route=\/wp\/v2\/users\/1"}],"replies":[{"embeddable":true,"href":"https:\/\/radiorevelacionfm.cl\/index.php?rest_route=%2Fwp%2Fv2%2Fcomments&post=48549"}],"version-history":[{"count":2,"href":"https:\/\/radiorevelacionfm.cl\/index.php?rest_route=\/wp\/v2\/posts\/48549\/revisions"}],"predecessor-version":[{"id":48554,"href":"https:\/\/radiorevelacionfm.cl\/index.php?rest_route=\/wp\/v2\/posts\/48549\/revisions\/48554"}],"wp:featuredmedia":[{"embeddable":true,"href":"https:\/\/radiorevelacionfm.cl\/index.php?rest_route=\/wp\/v2\/media\/48550"}],"wp:attachment":[{"href":"https:\/\/radiorevelacionfm.cl\/index.php?rest_route=%2Fwp%2Fv2%2Fmedia&parent=48549"}],"wp:term":[{"taxonomy":"category","embeddable":true,"href":"https:\/\/radiorevelacionfm.cl\/index.php?rest_route=%2Fwp%2Fv2%2Fcategories&post=48549"},{"taxonomy":"post_tag","embeddable":true,"href":"https:\/\/radiorevelacionfm.cl\/index.php?rest_route=%2Fwp%2Fv2%2Ftags&post=48549"}],"curies":[{"name":"wp","href":"https:\/\/api.w.org\/{rel}","templated":true}]}}