{"id":48546,"date":"2024-12-05T09:41:51","date_gmt":"2024-12-05T12:41:51","guid":{"rendered":"https:\/\/radiorevelacionfm.cl\/?p=48546"},"modified":"2024-12-05T09:41:51","modified_gmt":"2024-12-05T12:41:51","slug":"se-ejecuto-exitoso-operativo-de-dermatologia-en-la-region-de-aysen","status":"publish","type":"post","link":"https:\/\/radiorevelacionfm.cl\/?p=48546","title":{"rendered":"Se ejecut\u00f3 exitoso Operativo de Dermatolog\u00eda en la Regi\u00f3n de Ays\u00e9n"},"content":{"rendered":"<div class=\"flex_column av_one_full  flex_column_div av-zero-column-padding first  avia-builder-el-0  el_before_av_one_full  avia-builder-el-first  \" style='border-radius:0px; '><div  class='avia-image-container  av-styling-    avia-builder-el-1  avia-builder-el-no-sibling  avia-align-center '  itemprop=\"image\" itemscope=\"itemscope\" itemtype=\"https:\/\/schema.org\/ImageObject\"  ><div class='avia-image-container-inner'><div class='avia-image-overlay-wrap'><img decoding=\"async\" class='wp-image-48547 avia-img-lazy-loading-not-48547 avia_image' src=\"https:\/\/radiorevelacionfm.cl\/wp-content\/uploads\/2024\/12\/img_20241130_105316807_hdr-1_optimized-1_optimized-1.jpg\" alt='' title='img_20241130_105316807_hdr-(1)_optimized-(1)_optimized (1)' height=\"600\" width=\"1067\"  itemprop=\"thumbnailUrl\" srcset=\"https:\/\/radiorevelacionfm.cl\/wp-content\/uploads\/2024\/12\/img_20241130_105316807_hdr-1_optimized-1_optimized-1.jpg 1067w, https:\/\/radiorevelacionfm.cl\/wp-content\/uploads\/2024\/12\/img_20241130_105316807_hdr-1_optimized-1_optimized-1-300x169.jpg 300w, https:\/\/radiorevelacionfm.cl\/wp-content\/uploads\/2024\/12\/img_20241130_105316807_hdr-1_optimized-1_optimized-1-1030x579.jpg 1030w, https:\/\/radiorevelacionfm.cl\/wp-content\/uploads\/2024\/12\/img_20241130_105316807_hdr-1_optimized-1_optimized-1-768x432.jpg 768w, https:\/\/radiorevelacionfm.cl\/wp-content\/uploads\/2024\/12\/img_20241130_105316807_hdr-1_optimized-1_optimized-1-705x396.jpg 705w, https:\/\/radiorevelacionfm.cl\/wp-content\/uploads\/2024\/12\/img_20241130_105316807_hdr-1_optimized-1_optimized-1-450x253.jpg 450w, https:\/\/radiorevelacionfm.cl\/wp-content\/uploads\/2024\/12\/img_20241130_105316807_hdr-1_optimized-1_optimized-1-600x337.jpg 600w\" sizes=\"(max-width: 1067px) 100vw, 1067px\" \/><\/div><\/div><\/div><\/div><div class=\"flex_column av_one_full  flex_column_div av-zero-column-padding first  avia-builder-el-2  el_after_av_one_full  el_before_av_one_full  column-top-margin\" style='border-radius:0px; '><section class=\"av_textblock_section \"  itemscope=\"itemscope\" itemtype=\"https:\/\/schema.org\/BlogPosting\" itemprop=\"blogPost\" ><div class='avia_textblock  '   itemprop=\"text\" ><p style=\"text-align: center;\"><span style=\"font-size: 18pt;\"><strong>Se ejecut\u00f3 exitoso Operativo de Dermatolog\u00eda en la Regi\u00f3n de Ays\u00e9n<\/strong><\/span><\/p>\n<div id=\"gtx-trans\" style=\"position: absolute; left: -50px; top: 4.31534px;\">\n<div class=\"gtx-trans-icon\"><\/div>\n<\/div>\n<\/div><\/section><\/div><div class=\"flex_column av_one_full  flex_column_div av-zero-column-padding first  avia-builder-el-4  el_after_av_one_full  el_before_av_hr  column-top-margin\" style='border-radius:0px; '><section class=\"av_textblock_section \"  itemscope=\"itemscope\" itemtype=\"https:\/\/schema.org\/BlogPosting\" itemprop=\"blogPost\" ><div class='avia_textblock  '   itemprop=\"text\" ><p style=\"text-align: justify;\"><em>Producto del trabajo colaborativo entre el Servicio de Salud Ays\u00e9n, Hospital Regional Coyhaique y especialistas y subespecialistas de la Red UC Christus.<\/em><\/p>\n<p style=\"text-align: justify;\">En un esfuerzo conjunto, el Hospital Regional Coyhaique, la Red UC CHRISTUS y el Servicio de Salud Ays\u00e9n realizaron con \u00e9xito un operativo de dermatolog\u00eda que permiti\u00f3 entregar atenciones para reducir los tiempos de espera de la especialidad a pacientes de toda la regi\u00f3n, en el que se realizaron 237 atenciones de policl\u00ednico y 30 procedimientos que permitir\u00e1n mejorar la calidad de vida de la comunidad aysenina.<\/p>\n<p style=\"text-align: justify;\">El equipo de profesionales de la Red UC CHRISTUS y del Hospital Regional Coyhaique, compuesto por dermat\u00f3logos, administrativos y t\u00e9cnicos, trabaj\u00f3 incansablemente para proporcionar diagn\u00f3sticos precisos y tratamientos adecuados, permitiendo atender a los pacientes en lista de espera, y tambi\u00e9n brindar una oportunidad para detectar y tratar tempranamente diversas enfermedades dermatol\u00f3gicas, adem\u00e1s de realizar charlas educativas para contribuir a la salud integral de la comunidad, en colegios y en policl\u00ednico, sobre la importancia de la fotoprotecci\u00f3n para evitar el c\u00e1ncer a la piel, entre otras tem\u00e1ticas.<\/p>\n<p style=\"text-align: justify;\">Ivonne Benimelis, oriunda de Puerto Ays\u00e9n, relev\u00f3 la importancia de estas iniciativas porque \u201chay gente que tiene que estar esperando mucho tiempo las horas. Entonces, que vengan estos especialistas para ver las personas con dermatitis es muy bueno. En Ays\u00e9n no hay dermat\u00f3logo, ah\u00ed s\u00ed que hay que esperar mucho tiempo, lo env\u00edan a Coyhaique y hay que esperar cada cierto tiempo. Las consultas de mi hijo son cada dos a tres meses\u00bb.<\/p>\n<p style=\"text-align: justify;\">Sergio Silva, fue uno de los cerca de 30 especialistas de la Red UC Christus que acudieron al operativo y destac\u00f3 la oportunidad de llegar a la gente que lo necesita \u201csabemos, por nuestra especialidad, que hay mucha gente que nos requiere y que no puede acceder a nosotros. Esta es una prueba que tenemos que pasar y por eso tratamos de llegar a todos los rincones. Siempre la demanda supera la oferta de atenci\u00f3n de dermat\u00f3logo y, por lo tanto, el desaf\u00edo para nosotros es poder satisfacer toda la demanda. Y si tenemos que para eso llegar al sitio m\u00e1s lejano, en buena hora\u201d.<\/p>\n<p style=\"text-align: justify;\">Este trabajo mancomunado entre las instituciones que permiten este tipo de iniciativas, y de la resolutividad que alcanz\u00f3, es lo que destac\u00f3 Daniel Aravena, director (S) del Hospital Regional Coyhaique, ya que se atendieron a pacientes en lista de espera \u201cen las especialidades de dermatolog\u00eda y para el cual consideramos un staff de sobre 30 profesionales que vienen de la Universidad Cat\u00f3lica y que adem\u00e1s son subespecialista del \u00e1rea en oncolog\u00eda, inmunodermatolog\u00eda, pedi\u00e1trica. As\u00ed que como hospital muy contentos de poder contar con este tipo de instancias. Sabemos que como red de salud es dif\u00edcil muchas veces traer especialidades a esta zona del pa\u00eds. Por lo tanto este tipo de colaboraciones son fundamentales para poder mejorar la calidad de la atenci\u00f3n que le entregamos a nuestros usuarios y usuarias.\u201d<\/p>\n<p style=\"text-align: justify;\">En tanto, Rodrigo Verdugo, subdirector de Gesti\u00f3n Asistencial del Servicio de Salud Ays\u00e9n, destac\u00f3 el positivo impacto que tuvo el operativo en la reducci\u00f3n de los tiempos de espera en consultas nuevas y procedimientos de la especialidad en la red asistencial \u201cestamos enfocado a ir cubriendo de la manera m\u00e1s efectiva posible la gran cantidad de personas que tenemos esperando para una atenci\u00f3n especializada. En este caso, con la red de dermat\u00f3logos de UC Christus, estamos abarcando un importante n\u00famero de usuarios de familias, de pobladores, de habitantes de la regi\u00f3n que se distribuyen desde el extremo norte al sur de ella. Y eso nos tiene extremadamente felices y satisfechos con el deseo de continuar mejorando esta entrega a nuestra comunidad\u201d.<\/p>\n<p style=\"text-align: justify;\">Por su parte, Felipe Soto, jefe de la Unidad de Dermatolog\u00eda del Hospital Regional Coyhaique, m\u00e1s all\u00e1 de destacar la resolutivad que permiti\u00f3 esta iniciativa, valor\u00f3 las charlas que permitieron educar a la poblaci\u00f3n sobre \u201ccuidados de la piel y tambi\u00e9n se ha enfocado mucho en la educaci\u00f3n de los pacientes de la sala espera. Se ha aprovechado esa oportunidad para poder educarlos tambi\u00e9n y para que ese espacio se transforme en algo que permita que nuestros pacientes adquieran otros conocimientos sobre la dermatolog\u00eda tambi\u00e9n\u201d.<\/p>\n<p style=\"text-align: justify;\">Finalizado el operativo, Rodrigo Verdugo, subdirector de Gesti\u00f3n Asistencial del Servicio de Salud Ays\u00e9n, se mostr\u00f3 contento, pero destacando que \u201ca pesar de que ten\u00edamos proyectado alrededor de 300 atenciones de policl\u00ednico con especialista, tuvimos m\u00e1s de 50 personas que hab\u00edan sido citadas y confirmaron su asistencia, y que finalmente no se presentaron. \u00bfQu\u00e9 significa eso? que pudimos haber atendido a 50 personas m\u00e1s que no las confirmamos porque ya ten\u00edamos los que iban a venir y lamentablemente no llegaron\u201d.<\/p>\n<p style=\"text-align: justify;\">M\u00e1s all\u00e1, manifest\u00f3 la importancia de asistir a los controles, consultas y procedimientos ya agendados \u201cnuestro llamado a la comunidad es cuando sepan que son contactados por el Hospital Regional Coyhaique, por el Hospital de Puerto Ays\u00e9n o el Servicio de Salud de que tienen una atenci\u00f3n que, por favor, asistan. Porque cada vez que alguien falta la citaci\u00f3n que ten\u00eda, otro habitante, otro miembro de nuestra comunidad est\u00e1 perdiendo un cupo de atenci\u00f3n\u201d.<\/p>\n<p style=\"text-align: justify;\">Este operativo de dermatolog\u00eda es un claro ejemplo de c\u00f3mo la colaboraci\u00f3n entre diferentes entidades del sistema de salud puede generar un impacto positivo en la comunidad mejorando el acceso a atenciones m\u00e9dicas especializadas.<\/p>\n<\/div><\/section><\/div><div  style='height:50px' class='hr hr-invisible   avia-builder-el-6  el_after_av_one_full  el_before_av_social_share '><span class='hr-inner ' ><span class='hr-inner-style'><\/span><\/span><\/div><\/p>\n<div  class='av-social-sharing-box  avia-builder-el-7  el_after_av_hr  el_before_av_hr  '><div class='av-share-box'><h5 class='av-share-link-description av-no-toc '>Compartir esta noticia<\/h5><ul class='av-share-box-list noLightbox'><li class='av-share-link av-social-link-facebook' ><a target=\"_blank\" aria-label=\"Compartir en Facebook\" href='https:\/\/www.facebook.com\/sharer.php?u=https:\/\/radiorevelacionfm.cl\/?p=48546&#038;t=Se%20ejecut%C3%B3%20exitoso%20Operativo%20de%20Dermatolog%C3%ADa%20en%20la%20Regi%C3%B3n%20de%20Ays%C3%A9n' aria-hidden='false' data-av_icon='\ue8f3' data-av_iconfont='entypo-fontello' title='' data-avia-related-tooltip='Compartir en Facebook' rel=\"noopener\"><span class='avia_hidden_link_text'>Compartir en Facebook<\/span><\/a><\/li><li class='av-share-link av-social-link-twitter' ><a target=\"_blank\" aria-label=\"Compartir en Twitter\" href='https:\/\/twitter.com\/share?text=Se%20ejecut%C3%B3%20exitoso%20Operativo%20de%20Dermatolog%C3%ADa%20en%20la%20Regi%C3%B3n%20de%20Ays%C3%A9n&#038;url=https:\/\/radiorevelacionfm.cl\/?p=48546' aria-hidden='false' data-av_icon='\ue8f1' data-av_iconfont='entypo-fontello' title='' data-avia-related-tooltip='Compartir en Twitter' rel=\"noopener\"><span class='avia_hidden_link_text'>Compartir en Twitter<\/span><\/a><\/li><li class='av-share-link av-social-link-whatsapp' ><a target=\"_blank\" aria-label=\"Compartir en Whatsapp\" href='https:\/\/api.whatsapp.com\/send?text=https:\/\/radiorevelacionfm.cl\/?p=48546' aria-hidden='false' data-av_icon='\uf232' data-av_iconfont='entypo-fontello' title='' data-avia-related-tooltip='Compartir en Whatsapp' rel=\"noopener\"><span class='avia_hidden_link_text'>Compartir en Whatsapp<\/span><\/a><\/li><li class='av-share-link av-social-link-linkedin' ><a target=\"_blank\" aria-label=\"Compartir en LinkedIn\" href='https:\/\/linkedin.com\/shareArticle?mini=true&#038;title=Se%20ejecut%C3%B3%20exitoso%20Operativo%20de%20Dermatolog%C3%ADa%20en%20la%20Regi%C3%B3n%20de%20Ays%C3%A9n&#038;url=https:\/\/radiorevelacionfm.cl\/?p=48546' aria-hidden='false' data-av_icon='\ue8fc' data-av_iconfont='entypo-fontello' title='' data-avia-related-tooltip='Compartir en LinkedIn' rel=\"noopener\"><span class='avia_hidden_link_text'>Compartir en LinkedIn<\/span><\/a><\/li><li class='av-share-link av-social-link-mail' ><a  aria-label=\"Compartir por correo\" href='mailto:?subject=Se%20ejecut%C3%B3%20exitoso%20Operativo%20de%20Dermatolog%C3%ADa%20en%20la%20Regi%C3%B3n%20de%20Ays%C3%A9n&#038;body=https:\/\/radiorevelacionfm.cl\/?p=48546' aria-hidden='false' data-av_icon='\ue805' data-av_iconfont='entypo-fontello' title='' data-avia-related-tooltip='Compartir por correo'><span class='avia_hidden_link_text'>Compartir por correo<\/span><\/a><\/li><\/ul><\/div><\/div>\n<div  style='height:50px' class='hr hr-invisible   avia-builder-el-8  el_after_av_social_share  el_before_av_comments_list '><span class='hr-inner ' ><span class='hr-inner-style'><\/span><\/span><\/div>\n<div  class='av-buildercomment  av-blog-meta-html-info-disabled av-blog-meta-tag-disabled  '><\/div>\n","protected":false},"excerpt":{"rendered":"","protected":false},"author":1,"featured_media":48547,"comment_status":"open","ping_status":"open","sticky":false,"template":"","format":"standard","meta":{"footnotes":""},"categories":[46],"tags":[],"class_list":["post-48546","post","type-post","status-publish","format-standard","has-post-thumbnail","hentry","category-salud"],"jetpack_featured_media_url":"https:\/\/radiorevelacionfm.cl\/wp-content\/uploads\/2024\/12\/img_20241130_105316807_hdr-1_optimized-1_optimized-1.jpg","_links":{"self":[{"href":"https:\/\/radiorevelacionfm.cl\/index.php?rest_route=\/wp\/v2\/posts\/48546","targetHints":{"allow":["GET"]}}],"collection":[{"href":"https:\/\/radiorevelacionfm.cl\/index.php?rest_route=\/wp\/v2\/posts"}],"about":[{"href":"https:\/\/radiorevelacionfm.cl\/index.php?rest_route=\/wp\/v2\/types\/post"}],"author":[{"embeddable":true,"href":"https:\/\/radiorevelacionfm.cl\/index.php?rest_route=\/wp\/v2\/users\/1"}],"replies":[{"embeddable":true,"href":"https:\/\/radiorevelacionfm.cl\/index.php?rest_route=%2Fwp%2Fv2%2Fcomments&post=48546"}],"version-history":[{"count":1,"href":"https:\/\/radiorevelacionfm.cl\/index.php?rest_route=\/wp\/v2\/posts\/48546\/revisions"}],"predecessor-version":[{"id":48548,"href":"https:\/\/radiorevelacionfm.cl\/index.php?rest_route=\/wp\/v2\/posts\/48546\/revisions\/48548"}],"wp:featuredmedia":[{"embeddable":true,"href":"https:\/\/radiorevelacionfm.cl\/index.php?rest_route=\/wp\/v2\/media\/48547"}],"wp:attachment":[{"href":"https:\/\/radiorevelacionfm.cl\/index.php?rest_route=%2Fwp%2Fv2%2Fmedia&parent=48546"}],"wp:term":[{"taxonomy":"category","embeddable":true,"href":"https:\/\/radiorevelacionfm.cl\/index.php?rest_route=%2Fwp%2Fv2%2Fcategories&post=48546"},{"taxonomy":"post_tag","embeddable":true,"href":"https:\/\/radiorevelacionfm.cl\/index.php?rest_route=%2Fwp%2Fv2%2Ftags&post=48546"}],"curies":[{"name":"wp","href":"https:\/\/api.w.org\/{rel}","templated":true}]}}