{"id":48543,"date":"2024-12-04T20:11:10","date_gmt":"2024-12-04T23:11:10","guid":{"rendered":"https:\/\/radiorevelacionfm.cl\/?p=48543"},"modified":"2024-12-04T20:11:10","modified_gmt":"2024-12-04T23:11:10","slug":"entregan-16-vehiculos-policiales-a-la-pdi-para-fortalecer-labor-operativa","status":"publish","type":"post","link":"https:\/\/radiorevelacionfm.cl\/?p=48543","title":{"rendered":"Entregan 16 veh\u00edculos policiales a la PDI para fortalecer labor operativa"},"content":{"rendered":"<div class=\"flex_column av_one_full  flex_column_div av-zero-column-padding first  avia-builder-el-0  el_before_av_one_full  avia-builder-el-first  \" style='border-radius:0px; '><div  class='avia-image-container  av-styling-    avia-builder-el-1  avia-builder-el-no-sibling  avia-align-center '  itemprop=\"image\" itemscope=\"itemscope\" itemtype=\"https:\/\/schema.org\/ImageObject\"  ><div class='avia-image-container-inner'><div class='avia-image-overlay-wrap'><img decoding=\"async\" class='wp-image-48544 avia-img-lazy-loading-not-48544 avia_image' src=\"https:\/\/radiorevelacionfm.cl\/wp-content\/uploads\/2024\/12\/entrega-vehiculos-policiales-pdi-aysen-003-1_optimized.jpg\" alt='' title='entrega-veh\u00edculos-policiales-pdi-ays\u00e9n-003-(1)_optimized' height=\"600\" width=\"900\"  itemprop=\"thumbnailUrl\" srcset=\"https:\/\/radiorevelacionfm.cl\/wp-content\/uploads\/2024\/12\/entrega-vehiculos-policiales-pdi-aysen-003-1_optimized.jpg 900w, https:\/\/radiorevelacionfm.cl\/wp-content\/uploads\/2024\/12\/entrega-vehiculos-policiales-pdi-aysen-003-1_optimized-300x200.jpg 300w, https:\/\/radiorevelacionfm.cl\/wp-content\/uploads\/2024\/12\/entrega-vehiculos-policiales-pdi-aysen-003-1_optimized-768x512.jpg 768w, https:\/\/radiorevelacionfm.cl\/wp-content\/uploads\/2024\/12\/entrega-vehiculos-policiales-pdi-aysen-003-1_optimized-705x470.jpg 705w, https:\/\/radiorevelacionfm.cl\/wp-content\/uploads\/2024\/12\/entrega-vehiculos-policiales-pdi-aysen-003-1_optimized-450x300.jpg 450w, https:\/\/radiorevelacionfm.cl\/wp-content\/uploads\/2024\/12\/entrega-vehiculos-policiales-pdi-aysen-003-1_optimized-600x400.jpg 600w\" sizes=\"(max-width: 900px) 100vw, 900px\" \/><\/div><\/div><\/div><\/div><div class=\"flex_column av_one_full  flex_column_div av-zero-column-padding first  avia-builder-el-2  el_after_av_one_full  el_before_av_one_full  column-top-margin\" style='border-radius:0px; '><section class=\"av_textblock_section \"  itemscope=\"itemscope\" itemtype=\"https:\/\/schema.org\/BlogPosting\" itemprop=\"blogPost\" ><div class='avia_textblock  '   itemprop=\"text\" ><p style=\"text-align: center;\"><strong><span style=\"font-size: 18pt;\">Entregan 16 veh\u00edculos policiales a la PDI para fortalecer labor operativa<\/span><\/strong><\/p>\n<div id=\"gtx-trans\" style=\"position: absolute; left: -50px; top: 4.31534px;\">\n<div class=\"gtx-trans-icon\"><\/div>\n<\/div>\n<\/div><\/section><\/div><div class=\"flex_column av_one_full  flex_column_div av-zero-column-padding first  avia-builder-el-4  el_after_av_one_full  el_before_av_hr  column-top-margin\" style='border-radius:0px; '><section class=\"av_textblock_section \"  itemscope=\"itemscope\" itemtype=\"https:\/\/schema.org\/BlogPosting\" itemprop=\"blogPost\" ><div class='avia_textblock  '   itemprop=\"text\" ><p style=\"text-align: justify;\">Este mi\u00e9rcoles 4 de diciembre, en el frontis del Complejo Policial Coyhaique, la Polic\u00eda de Investigaciones de Chile de la Regi\u00f3n de Ays\u00e9n recibi\u00f3 16 veh\u00edculos policiales que fueron entregados por el Gobierno Regional de Ays\u00e9n, a trav\u00e9s del financiamiento del proyecto denominado \u201cReposici\u00f3n de Veh\u00edculos Policiales de la Regi\u00f3n Policial Ays\u00e9n\u201d.<\/p>\n<p style=\"text-align: justify;\">Se trata de un equipamiento que contribuir\u00e1 a fortalecer la labor operativa policial de los integrantes de la PDI Ays\u00e9n para el desarrollo de las primeras diligencias y las actuaciones policiales propias del quehacer institucional de manera eficiente. Esta renovaci\u00f3n de veh\u00edculos permitir\u00e1 dar continuidad a los distintos servicios para entregar un trabajo investigativo que permita una persecuci\u00f3n penal eficaz y, por ende, el posterior ejercicio de la acci\u00f3n penal en beneficio de la seguridad p\u00fablica.<\/p>\n<p style=\"text-align: justify;\">Son 16 veh\u00edculos policiales, tipo SUV, Station Wagon 4&#215;4, que fueron financiados gracias al Fondo Nacional de Desarrollo Regional por un monto total de m\u00e1s de 835 millones de pesos, autom\u00f3viles completamente equipados para el correcto desarrollo de la labor policial.<\/p>\n<p style=\"text-align: justify;\">Sobre esta importante contribuci\u00f3n, el gobernador regional, Omar Mu\u00f1oz Sierra, se\u00f1al\u00f3 que \u201cestamos muy alegres por poder entregar este equipamiento a la Polic\u00eda de Investigaciones de Chile que, sin lugar a dudas, va a mejorar su capacidad operativa, pero tambi\u00e9n, la calidad de servicio\u201d.<\/p>\n<p style=\"text-align: justify;\">La m\u00e1xima autoridad regional destac\u00f3 la constante preocupaci\u00f3n por la seguridad p\u00fablica, destacando diversos proyectos y programas en beneficio de la comunidad, \u201chay un trabajo muy importante que est\u00e1 haciendo la Comisi\u00f3n de Seguridad del Consejo Regional y este es un resultado de aquella comisi\u00f3n que hoy se hace realidad al beneficiar a la Polic\u00eda de Investigaciones de Chile\u201d, se\u00f1al\u00f3 Mu\u00f1oz.<\/p>\n<p style=\"text-align: justify;\">Por su parte, el jefe de la Regi\u00f3n Policial de Ays\u00e9n, prefecto inspector Javier Valenzuela Riquelme, valor\u00f3 la confianza depositada por el Gobierno Regional al trabajo que est\u00e1 realizando la PDI, indicando que este equipamiento \u201cva en directo beneficio de la comunidad para entregar un servicio de calidad por parte de la PDI a cada habitante de la Regi\u00f3n de Ays\u00e9n\u201d.<\/p>\n<p style=\"text-align: justify;\">Del mismo modo, el jefe policial subray\u00f3 que los veh\u00edculos ser\u00e1n utilizados en la labor operativa en toda la regi\u00f3n, desde La Junta hasta Villa O\u2019Higgins, \u201cla donaci\u00f3n es tremenda, va a ser muy bien aprovechada y la finalidad es que cada uno de los habitantes de la regi\u00f3n se vea beneficiado por el actuar de la Polic\u00eda de Investigaciones de Chile\u201d.<\/p>\n<p style=\"text-align: justify;\">Finalmente, el Delegado Presidencial Regional de Ays\u00e9n, Jorge D\u00edaz Guzm\u00e1n, destac\u00f3 la contribuci\u00f3n del Gobierno Regional a la PDI por ser un beneficio directo para toda la ciudadan\u00eda de la regi\u00f3n, precisando que se da en el contexto de la aprobaci\u00f3n de la creaci\u00f3n del nuevo Ministerio de Seguridad P\u00fablica por parte del Congreso Nacional.<\/p>\n<\/div><\/section><\/div><div  style='height:50px' class='hr hr-invisible   avia-builder-el-6  el_after_av_one_full  el_before_av_social_share '><span class='hr-inner ' ><span class='hr-inner-style'><\/span><\/span><\/div><\/p>\n<div  class='av-social-sharing-box  avia-builder-el-7  el_after_av_hr  el_before_av_hr  '><div class='av-share-box'><h5 class='av-share-link-description av-no-toc '>Compartir esta noticia<\/h5><ul class='av-share-box-list noLightbox'><li class='av-share-link av-social-link-facebook' ><a target=\"_blank\" aria-label=\"Compartir en Facebook\" href='https:\/\/www.facebook.com\/sharer.php?u=https:\/\/radiorevelacionfm.cl\/?p=48543&#038;t=Entregan%2016%20veh%C3%ADculos%20policiales%20a%20la%20PDI%20para%20fortalecer%20labor%20operativa' aria-hidden='false' data-av_icon='\ue8f3' data-av_iconfont='entypo-fontello' title='' data-avia-related-tooltip='Compartir en Facebook' rel=\"noopener\"><span class='avia_hidden_link_text'>Compartir en Facebook<\/span><\/a><\/li><li class='av-share-link av-social-link-twitter' ><a target=\"_blank\" aria-label=\"Compartir en Twitter\" href='https:\/\/twitter.com\/share?text=Entregan%2016%20veh%C3%ADculos%20policiales%20a%20la%20PDI%20para%20fortalecer%20labor%20operativa&#038;url=https:\/\/radiorevelacionfm.cl\/?p=48543' aria-hidden='false' data-av_icon='\ue8f1' data-av_iconfont='entypo-fontello' title='' data-avia-related-tooltip='Compartir en Twitter' rel=\"noopener\"><span class='avia_hidden_link_text'>Compartir en Twitter<\/span><\/a><\/li><li class='av-share-link av-social-link-whatsapp' ><a target=\"_blank\" aria-label=\"Compartir en Whatsapp\" href='https:\/\/api.whatsapp.com\/send?text=https:\/\/radiorevelacionfm.cl\/?p=48543' aria-hidden='false' data-av_icon='\uf232' data-av_iconfont='entypo-fontello' title='' data-avia-related-tooltip='Compartir en Whatsapp' rel=\"noopener\"><span class='avia_hidden_link_text'>Compartir en Whatsapp<\/span><\/a><\/li><li class='av-share-link av-social-link-linkedin' ><a target=\"_blank\" aria-label=\"Compartir en LinkedIn\" href='https:\/\/linkedin.com\/shareArticle?mini=true&#038;title=Entregan%2016%20veh%C3%ADculos%20policiales%20a%20la%20PDI%20para%20fortalecer%20labor%20operativa&#038;url=https:\/\/radiorevelacionfm.cl\/?p=48543' aria-hidden='false' data-av_icon='\ue8fc' data-av_iconfont='entypo-fontello' title='' data-avia-related-tooltip='Compartir en LinkedIn' rel=\"noopener\"><span class='avia_hidden_link_text'>Compartir en LinkedIn<\/span><\/a><\/li><li class='av-share-link av-social-link-mail' ><a  aria-label=\"Compartir por correo\" href='mailto:?subject=Entregan%2016%20veh%C3%ADculos%20policiales%20a%20la%20PDI%20para%20fortalecer%20labor%20operativa&#038;body=https:\/\/radiorevelacionfm.cl\/?p=48543' aria-hidden='false' data-av_icon='\ue805' data-av_iconfont='entypo-fontello' title='' data-avia-related-tooltip='Compartir por correo'><span class='avia_hidden_link_text'>Compartir por correo<\/span><\/a><\/li><\/ul><\/div><\/div>\n<div  style='height:50px' class='hr hr-invisible   avia-builder-el-8  el_after_av_social_share  el_before_av_comments_list '><span class='hr-inner ' ><span class='hr-inner-style'><\/span><\/span><\/div>\n<div  class='av-buildercomment  av-blog-meta-html-info-disabled av-blog-meta-tag-disabled  '><\/div>\n","protected":false},"excerpt":{"rendered":"","protected":false},"author":1,"featured_media":48544,"comment_status":"open","ping_status":"open","sticky":false,"template":"","format":"standard","meta":{"footnotes":""},"categories":[36],"tags":[],"class_list":["post-48543","post","type-post","status-publish","format-standard","has-post-thumbnail","hentry","category-policial"],"jetpack_featured_media_url":"https:\/\/radiorevelacionfm.cl\/wp-content\/uploads\/2024\/12\/entrega-vehiculos-policiales-pdi-aysen-003-1_optimized.jpg","_links":{"self":[{"href":"https:\/\/radiorevelacionfm.cl\/index.php?rest_route=\/wp\/v2\/posts\/48543","targetHints":{"allow":["GET"]}}],"collection":[{"href":"https:\/\/radiorevelacionfm.cl\/index.php?rest_route=\/wp\/v2\/posts"}],"about":[{"href":"https:\/\/radiorevelacionfm.cl\/index.php?rest_route=\/wp\/v2\/types\/post"}],"author":[{"embeddable":true,"href":"https:\/\/radiorevelacionfm.cl\/index.php?rest_route=\/wp\/v2\/users\/1"}],"replies":[{"embeddable":true,"href":"https:\/\/radiorevelacionfm.cl\/index.php?rest_route=%2Fwp%2Fv2%2Fcomments&post=48543"}],"version-history":[{"count":1,"href":"https:\/\/radiorevelacionfm.cl\/index.php?rest_route=\/wp\/v2\/posts\/48543\/revisions"}],"predecessor-version":[{"id":48545,"href":"https:\/\/radiorevelacionfm.cl\/index.php?rest_route=\/wp\/v2\/posts\/48543\/revisions\/48545"}],"wp:featuredmedia":[{"embeddable":true,"href":"https:\/\/radiorevelacionfm.cl\/index.php?rest_route=\/wp\/v2\/media\/48544"}],"wp:attachment":[{"href":"https:\/\/radiorevelacionfm.cl\/index.php?rest_route=%2Fwp%2Fv2%2Fmedia&parent=48543"}],"wp:term":[{"taxonomy":"category","embeddable":true,"href":"https:\/\/radiorevelacionfm.cl\/index.php?rest_route=%2Fwp%2Fv2%2Fcategories&post=48543"},{"taxonomy":"post_tag","embeddable":true,"href":"https:\/\/radiorevelacionfm.cl\/index.php?rest_route=%2Fwp%2Fv2%2Ftags&post=48543"}],"curies":[{"name":"wp","href":"https:\/\/api.w.org\/{rel}","templated":true}]}}