{"id":48540,"date":"2024-12-05T12:04:50","date_gmt":"2024-12-05T15:04:50","guid":{"rendered":"https:\/\/radiorevelacionfm.cl\/?p=48540"},"modified":"2024-12-05T12:04:50","modified_gmt":"2024-12-05T15:04:50","slug":"funcionarios-del-servicio-medico-legal-se-capacitaron-en-ley-karin","status":"publish","type":"post","link":"https:\/\/radiorevelacionfm.cl\/?p=48540","title":{"rendered":"Funcionarios del Servicio M\u00e9dico Legal se capacitaron en Ley Karin"},"content":{"rendered":"<div class=\"flex_column av_one_full  flex_column_div av-zero-column-padding first  avia-builder-el-0  el_before_av_one_full  avia-builder-el-first  \" style='border-radius:0px; '><div  class='avia-image-container  av-styling-    avia-builder-el-1  avia-builder-el-no-sibling  avia-align-center '  itemprop=\"image\" itemscope=\"itemscope\" itemtype=\"https:\/\/schema.org\/ImageObject\"  ><div class='avia-image-container-inner'><div class='avia-image-overlay-wrap'><img decoding=\"async\" class='wp-image-48541 avia-img-lazy-loading-not-48541 avia_image' src=\"https:\/\/radiorevelacionfm.cl\/wp-content\/uploads\/2024\/12\/sml-2-1-1.jpg\" alt='' title='sml 2 (1) (1)' height=\"600\" width=\"800\"  itemprop=\"thumbnailUrl\" srcset=\"https:\/\/radiorevelacionfm.cl\/wp-content\/uploads\/2024\/12\/sml-2-1-1.jpg 800w, https:\/\/radiorevelacionfm.cl\/wp-content\/uploads\/2024\/12\/sml-2-1-1-300x225.jpg 300w, https:\/\/radiorevelacionfm.cl\/wp-content\/uploads\/2024\/12\/sml-2-1-1-768x576.jpg 768w, https:\/\/radiorevelacionfm.cl\/wp-content\/uploads\/2024\/12\/sml-2-1-1-705x529.jpg 705w, https:\/\/radiorevelacionfm.cl\/wp-content\/uploads\/2024\/12\/sml-2-1-1-450x338.jpg 450w, https:\/\/radiorevelacionfm.cl\/wp-content\/uploads\/2024\/12\/sml-2-1-1-600x450.jpg 600w\" sizes=\"(max-width: 800px) 100vw, 800px\" \/><\/div><\/div><\/div><\/div><div class=\"flex_column av_one_full  flex_column_div av-zero-column-padding first  avia-builder-el-2  el_after_av_one_full  el_before_av_one_full  column-top-margin\" style='border-radius:0px; '><section class=\"av_textblock_section \"  itemscope=\"itemscope\" itemtype=\"https:\/\/schema.org\/BlogPosting\" itemprop=\"blogPost\" ><div class='avia_textblock  '   itemprop=\"text\" ><p style=\"text-align: center;\"><strong><span style=\"font-size: 18pt;\">Funcionarios del Servicio M\u00e9dico Legal se capacitaron en Ley Karin<\/span><\/strong><\/p>\n<div id=\"gtx-trans\" style=\"position: absolute; left: -50px; top: 4.31534px;\">\n<div class=\"gtx-trans-icon\"><\/div>\n<\/div>\n<\/div><\/section><\/div><div class=\"flex_column av_one_full  flex_column_div av-zero-column-padding first  avia-builder-el-4  el_after_av_one_full  el_before_av_hr  column-top-margin\" style='border-radius:0px; '><section class=\"av_textblock_section \"  itemscope=\"itemscope\" itemtype=\"https:\/\/schema.org\/BlogPosting\" itemprop=\"blogPost\" ><div class='avia_textblock  '   itemprop=\"text\" ><p style=\"text-align: justify;\">Recientemente, el Servicio M\u00e9dico Legal llev\u00f3 a cabo una importante capacitaci\u00f3n dirigida a los funcionarios sobre la ley 21.643 conocida como ley Karin y el nuevo protocolo de prevenci\u00f3n, denuncia, investigaci\u00f3n y sanci\u00f3n del acoso laboral, acoso sexual y violencia en el trabajo, dicha actividad cont\u00f3 con la participaci\u00f3n del seremi de Justicia y Derechos Humanos, Samuel Navarro y la directora regional del servicio Catherine Sandoval.<\/p>\n<p style=\"text-align: justify;\">En la oportunidad, su directora regional Catherine Sandoval explic\u00f3 que \u201crealizamos una jornada donde nos reunimos a conversar sobre una mirada de nuestro servicio en materia de g\u00e9nero y ley Karin, donde participaron funcionarios y funcionarias de toda la regi\u00f3n de Ays\u00e9n para justamente capacitarnos nuevamente en esta tem\u00e1tica y llevarlo a colaci\u00f3n en nuestro d\u00eda a d\u00eda tanto para el trabajo como en el ambiente laboral, entonces lo que hicimos fue ver como incorporando esta tem\u00e1tica en nuestro entorno laboral se genera un asunto fundamental que promueve la igualdad de oportunidades, el respeto y la diversidad, este enfoque enriquece el ambiente de trabajo, pero tambi\u00e9n impulsa la innovaci\u00f3n y el rendimiento de las organizaciones, tambi\u00e9n tenemos que tener en cuenta que incorporar esta perspectiva de g\u00e9nero nos lleva a incluirla en nuestro trabajo pericial, en cada peritaje forense tenemos que tener un enfoque esencial que busca garantizar la equidad y la justicia en cada proceso legal\u201d.<\/p>\n<p style=\"text-align: justify;\">Mientras que el seremi de Justicia y Derechos Humanos, Samuel Navarro Castro indic\u00f3 que \u201cen el contexto del plan regional de g\u00e9nero del sector Justicia, el Servicio M\u00e9dico Legal llev\u00f3 a cabo esta capacitaci\u00f3n sobre ley Karin y sus efectos en el \u00e1mbito del sector p\u00fablico dirigido a los trabajadores y las trabajadoras que pertenecen a este servicio, esta capacitaci\u00f3n fue muy importante y provechosa para los funcionarios y funcionarias y nos permiti\u00f3 ir dando cumplimiento a objetivos del plan regional de enfoque de g\u00e9nero en materia del \u00e1mbito de Justicia\u201d.<\/p>\n<p style=\"text-align: justify;\">Finalmente, Catherine Sandoval se\u00f1al\u00f3 que en esta oportunidad adem\u00e1s se dio a conocer el procedimiento que los rige a nivel nacional respecto a denuncias de violencia, acoso laboral y sexual de los funcionarios, esto con la finalidad que cada uno pueda reconocer sus derechos y deberes en cuanto a tener un buen clima laboral y desarrollarse en un espacio libre de violencia, lo cual fue muy bien valorado por los presentes.<\/p>\n<\/div><\/section><\/div><div  style='height:50px' class='hr hr-invisible   avia-builder-el-6  el_after_av_one_full  el_before_av_social_share '><span class='hr-inner ' ><span class='hr-inner-style'><\/span><\/span><\/div><\/p>\n<div  class='av-social-sharing-box  avia-builder-el-7  el_after_av_hr  el_before_av_hr  '><div class='av-share-box'><h5 class='av-share-link-description av-no-toc '>Compartir esta noticia<\/h5><ul class='av-share-box-list noLightbox'><li class='av-share-link av-social-link-facebook' ><a target=\"_blank\" aria-label=\"Compartir en Facebook\" href='https:\/\/www.facebook.com\/sharer.php?u=https:\/\/radiorevelacionfm.cl\/?p=48540&#038;t=Funcionarios%20del%20Servicio%20M%C3%A9dico%20Legal%20se%20capacitaron%20en%20Ley%20Karin' aria-hidden='false' data-av_icon='\ue8f3' data-av_iconfont='entypo-fontello' title='' data-avia-related-tooltip='Compartir en Facebook' rel=\"noopener\"><span class='avia_hidden_link_text'>Compartir en Facebook<\/span><\/a><\/li><li class='av-share-link av-social-link-twitter' ><a target=\"_blank\" aria-label=\"Compartir en Twitter\" href='https:\/\/twitter.com\/share?text=Funcionarios%20del%20Servicio%20M%C3%A9dico%20Legal%20se%20capacitaron%20en%20Ley%20Karin&#038;url=https:\/\/radiorevelacionfm.cl\/?p=48540' aria-hidden='false' data-av_icon='\ue8f1' data-av_iconfont='entypo-fontello' title='' data-avia-related-tooltip='Compartir en Twitter' rel=\"noopener\"><span class='avia_hidden_link_text'>Compartir en Twitter<\/span><\/a><\/li><li class='av-share-link av-social-link-whatsapp' ><a target=\"_blank\" aria-label=\"Compartir en Whatsapp\" href='https:\/\/api.whatsapp.com\/send?text=https:\/\/radiorevelacionfm.cl\/?p=48540' aria-hidden='false' data-av_icon='\uf232' data-av_iconfont='entypo-fontello' title='' data-avia-related-tooltip='Compartir en Whatsapp' rel=\"noopener\"><span class='avia_hidden_link_text'>Compartir en Whatsapp<\/span><\/a><\/li><li class='av-share-link av-social-link-linkedin' ><a target=\"_blank\" aria-label=\"Compartir en LinkedIn\" href='https:\/\/linkedin.com\/shareArticle?mini=true&#038;title=Funcionarios%20del%20Servicio%20M%C3%A9dico%20Legal%20se%20capacitaron%20en%20Ley%20Karin&#038;url=https:\/\/radiorevelacionfm.cl\/?p=48540' aria-hidden='false' data-av_icon='\ue8fc' data-av_iconfont='entypo-fontello' title='' data-avia-related-tooltip='Compartir en LinkedIn' rel=\"noopener\"><span class='avia_hidden_link_text'>Compartir en LinkedIn<\/span><\/a><\/li><li class='av-share-link av-social-link-mail' ><a  aria-label=\"Compartir por correo\" href='mailto:?subject=Funcionarios%20del%20Servicio%20M%C3%A9dico%20Legal%20se%20capacitaron%20en%20Ley%20Karin&#038;body=https:\/\/radiorevelacionfm.cl\/?p=48540' aria-hidden='false' data-av_icon='\ue805' data-av_iconfont='entypo-fontello' title='' data-avia-related-tooltip='Compartir por correo'><span class='avia_hidden_link_text'>Compartir por correo<\/span><\/a><\/li><\/ul><\/div><\/div>\n<div  style='height:50px' class='hr hr-invisible   avia-builder-el-8  el_after_av_social_share  el_before_av_comments_list '><span class='hr-inner ' ><span class='hr-inner-style'><\/span><\/span><\/div>\n<div  class='av-buildercomment  av-blog-meta-html-info-disabled av-blog-meta-tag-disabled  '><\/div>\n","protected":false},"excerpt":{"rendered":"","protected":false},"author":1,"featured_media":48541,"comment_status":"open","ping_status":"open","sticky":false,"template":"","format":"standard","meta":{"footnotes":""},"categories":[55],"tags":[],"class_list":["post-48540","post","type-post","status-publish","format-standard","has-post-thumbnail","hentry","category-justicia"],"jetpack_featured_media_url":"https:\/\/radiorevelacionfm.cl\/wp-content\/uploads\/2024\/12\/sml-2-1-1.jpg","_links":{"self":[{"href":"https:\/\/radiorevelacionfm.cl\/index.php?rest_route=\/wp\/v2\/posts\/48540","targetHints":{"allow":["GET"]}}],"collection":[{"href":"https:\/\/radiorevelacionfm.cl\/index.php?rest_route=\/wp\/v2\/posts"}],"about":[{"href":"https:\/\/radiorevelacionfm.cl\/index.php?rest_route=\/wp\/v2\/types\/post"}],"author":[{"embeddable":true,"href":"https:\/\/radiorevelacionfm.cl\/index.php?rest_route=\/wp\/v2\/users\/1"}],"replies":[{"embeddable":true,"href":"https:\/\/radiorevelacionfm.cl\/index.php?rest_route=%2Fwp%2Fv2%2Fcomments&post=48540"}],"version-history":[{"count":1,"href":"https:\/\/radiorevelacionfm.cl\/index.php?rest_route=\/wp\/v2\/posts\/48540\/revisions"}],"predecessor-version":[{"id":48542,"href":"https:\/\/radiorevelacionfm.cl\/index.php?rest_route=\/wp\/v2\/posts\/48540\/revisions\/48542"}],"wp:featuredmedia":[{"embeddable":true,"href":"https:\/\/radiorevelacionfm.cl\/index.php?rest_route=\/wp\/v2\/media\/48541"}],"wp:attachment":[{"href":"https:\/\/radiorevelacionfm.cl\/index.php?rest_route=%2Fwp%2Fv2%2Fmedia&parent=48540"}],"wp:term":[{"taxonomy":"category","embeddable":true,"href":"https:\/\/radiorevelacionfm.cl\/index.php?rest_route=%2Fwp%2Fv2%2Fcategories&post=48540"},{"taxonomy":"post_tag","embeddable":true,"href":"https:\/\/radiorevelacionfm.cl\/index.php?rest_route=%2Fwp%2Fv2%2Ftags&post=48540"}],"curies":[{"name":"wp","href":"https:\/\/api.w.org\/{rel}","templated":true}]}}