{"id":48537,"date":"2024-12-04T20:20:32","date_gmt":"2024-12-04T23:20:32","guid":{"rendered":"https:\/\/radiorevelacionfm.cl\/?p=48537"},"modified":"2024-12-04T20:20:32","modified_gmt":"2024-12-04T23:20:32","slug":"gremio-de-leneros-aysen-asumen-rol-de-autocuidado-frente-al-hantavirus","status":"publish","type":"post","link":"https:\/\/radiorevelacionfm.cl\/?p=48537","title":{"rendered":"Gremio de Le\u00f1eros Ays\u00e9n asumen rol de autocuidado frente al Hantavirus"},"content":{"rendered":"<div class=\"flex_column av_one_full  flex_column_div av-zero-column-padding first  avia-builder-el-0  el_before_av_one_full  avia-builder-el-first  \" style='border-radius:0px; '><div  class='avia-image-container  av-styling-    avia-builder-el-1  avia-builder-el-no-sibling  avia-align-center '  itemprop=\"image\" itemscope=\"itemscope\" itemtype=\"https:\/\/schema.org\/ImageObject\"  ><div class='avia-image-container-inner'><div class='avia-image-overlay-wrap'><img decoding=\"async\" class='wp-image-48538 avia-img-lazy-loading-not-48538 avia_image' src=\"https:\/\/radiorevelacionfm.cl\/wp-content\/uploads\/2024\/12\/campana-verano-hantavirus-1_optimized.jpeg\" alt='' title='campa\u00f1a-verano-hantavirus-(1)_optimized' height=\"600\" width=\"800\"  itemprop=\"thumbnailUrl\" srcset=\"https:\/\/radiorevelacionfm.cl\/wp-content\/uploads\/2024\/12\/campana-verano-hantavirus-1_optimized.jpeg 800w, https:\/\/radiorevelacionfm.cl\/wp-content\/uploads\/2024\/12\/campana-verano-hantavirus-1_optimized-300x225.jpeg 300w, https:\/\/radiorevelacionfm.cl\/wp-content\/uploads\/2024\/12\/campana-verano-hantavirus-1_optimized-768x576.jpeg 768w, https:\/\/radiorevelacionfm.cl\/wp-content\/uploads\/2024\/12\/campana-verano-hantavirus-1_optimized-705x529.jpeg 705w, https:\/\/radiorevelacionfm.cl\/wp-content\/uploads\/2024\/12\/campana-verano-hantavirus-1_optimized-450x338.jpeg 450w, https:\/\/radiorevelacionfm.cl\/wp-content\/uploads\/2024\/12\/campana-verano-hantavirus-1_optimized-600x450.jpeg 600w\" sizes=\"(max-width: 800px) 100vw, 800px\" \/><\/div><\/div><\/div><\/div><div class=\"flex_column av_one_full  flex_column_div av-zero-column-padding first  avia-builder-el-2  el_after_av_one_full  el_before_av_one_full  column-top-margin\" style='border-radius:0px; '><section class=\"av_textblock_section \"  itemscope=\"itemscope\" itemtype=\"https:\/\/schema.org\/BlogPosting\" itemprop=\"blogPost\" ><div class='avia_textblock  '   itemprop=\"text\" ><p style=\"text-align: center;\"><strong><span style=\"font-size: 18pt;\">Gremio de Le\u00f1eros Ays\u00e9n asumen rol de autocuidado frente al Hantavirus<\/span><\/strong><\/p>\n<div id=\"gtx-trans\" style=\"position: absolute; left: -50px; top: 4.31534px;\">\n<div class=\"gtx-trans-icon\"><\/div>\n<\/div>\n<\/div><\/section><\/div><div class=\"flex_column av_one_full  flex_column_div av-zero-column-padding first  avia-builder-el-4  el_after_av_one_full  el_before_av_hr  column-top-margin\" style='border-radius:0px; '><section class=\"av_textblock_section \"  itemscope=\"itemscope\" itemtype=\"https:\/\/schema.org\/BlogPosting\" itemprop=\"blogPost\" ><div class='avia_textblock  '   itemprop=\"text\" ><p style=\"text-align: justify;\"><em>Durante el a\u00f1o 2023, a nivel regional se reportaron 02 casos por Hantavirus, pacientes que gracias a la consulta cl\u00ednica y tratamiento oportuno, lograron recuperarse.<\/em><\/p>\n<p style=\"text-align: justify;\"><em>El trabajo desarrollado con esta organizaci\u00f3n, no solo ha incluido charlas informativas por la Autoridad Sanitaria, sino que adem\u00e1s la entrega de elementos de protecci\u00f3n personal para disminuir el riesgo de contagio frente a esta enfermedad zoon\u00f3tica y la exposici\u00f3n a rayos ultra violeta.<\/em><\/p>\n<p style=\"text-align: justify;\">Su total compromiso a reforzar las medidas de autocuidado, entre sus socios y comunidad productiva, fue el que acord\u00f3 la Agrupaci\u00f3n Gremio de Le\u00f1eros de la Regi\u00f3n de Ays\u00e9n con el objeto de prevenir el contagio por Hantavirus especialmente durante la pr\u00f3xima temporada estival, per\u00edodo en el que se registra un aumento de las actividades forestales vinculadas a la venta y producci\u00f3n de este tipo de combustible para las familias de la regi\u00f3n.<\/p>\n<p style=\"text-align: justify;\">Importancia del autocuidado que fue destacado por la Seremi de Salud, Carmen Monsalve G\u00f3mez, \u201cnosotros como Gobierno y como instituci\u00f3n, hemos desarrollado un trabajo muy cercano al rubro de los le\u00f1eros porque hay muchas particularidades que lo hacen especial. La independencia en el desarrollo de sus actividades, que no exista un organismo administrador que est\u00e9 permanentemente evaluando los riesgos, la exposici\u00f3n de los riesgos del trabajador. Hemos identificado a los le\u00f1eros como un grupo importante para trabajar, ellos nos han abierto sus puertas para poder desplegar algunas actividades, sensibilizar y promover donde, en conjunto con el Delegado Presidencial Regional y la Seremi de Agricultura, estamos abordando de una manera mucho m\u00e1s integral las instancias de prevenci\u00f3n y promoci\u00f3n frente al Hantavirus. En la medida en que, como Estado, protejamos la salud de las personas, evidentemente tambi\u00e9n vamos a colaborar en potenciar el desarrollo econ\u00f3mico y el bienestar de las comunidades\u201d.<\/p>\n<p style=\"text-align: justify;\">En la oportunidad, junto con reiterar las medidas preventivas frente al Hantavirus, se entregaron elementos de protecci\u00f3n personal para el desarrollo de actividades productivas en zonas de riesgo, como mascarillas y protectores solares, un hecho que fue valorado por el Presidente de la Agrupaci\u00f3n de Le\u00f1eros, Javier C\u00e1rdenas Rain.\u00a0 \u201cNosotros llevamos hace harto tiempo trabajando ya con la Seremi de Salud, y estamos agradecidos que se acuerden y sigan trabajando con nosotros. Hemos tenido varios operativos y es bueno. Estamos muy contentos porque desde que nos conocieron, no nos han dejado botados.\u201d<\/p>\n<p style=\"text-align: justify;\">Para el Delegado Presidencial Regional, Jorge D\u00edaz Guzm\u00e1n, el trabajo que realiza este sector productivo es relevante, especialmente para la comunidad. \u201cYo creo que este rubro cumple una funci\u00f3n social muy importante, nada menos que proveen de un combustible que culturalmente est\u00e1 muy arraigado en toda nuestra poblaci\u00f3n, y es por eso que vamos a abordarlo de manera integral, con la nueva normativa que se nos viene, y para eso el sector agricultura de nuestro gobierno va a estar en contacto permanente, y tambi\u00e9n el sector econ\u00f3mico, y es por eso que lo estamos invitando a conversar sobre la nueva ley de cooperativismo para ver si ellos deciden agruparse de otra manera y ser m\u00e1s eficientes en el servicio a la comunidad. As\u00ed que vamos a hacer un trabajo no solamente en el \u00e1rea de la salud, sino tambi\u00e9n en el \u00e1rea de los ecosistemas forestales, y tambi\u00e9n en el sector econ\u00f3mico.\u201d<\/p>\n<p style=\"text-align: justify;\">Finalmente, el Seremi de Agricultura, Eugenio Ru\u00edz Espinoza, destac\u00f3 a su vez la necesidad de cuidar los propios ecosistemas que en cierta forma regulan la exposici\u00f3n de riesgo en enfermedades como el Hantavirus. \u201cDesde el Ministerio de Agricultura estamos muy preocupados y ocupados del bienestar de todos los trabajadores, especialmente de este rubro que mueve la regi\u00f3n desde el punto de vista de la sustentabilidad ambiental principalmente. Hoy d\u00eda estamos justamente en un congreso donde estamos tratando estos temas que son fundamentales para el desarrollo de la regi\u00f3n, y principalmente desde el punto de vista de la salud, donde el Hantavirus es una enfermedad que es transmitida por algunos roedores, \u00a0por ende, invitamos a proteger todas aquellas aves rapaces que se alimentan de estos roedores y eso es fundamental\u201d.<\/p>\n<p style=\"text-align: justify;\"><strong>Hantavirus<\/strong><\/p>\n<p style=\"text-align: justify;\">El Hantavirus es una enfermedad de origen viral, que se transmite al ser humano desde los roedores silvestres como el Oligorizomys longicaudatus (rat\u00f3n de cola larga, aut\u00f3ctono), cuando \u00e9ste es portador del virus. La transmisi\u00f3n m\u00e1s com\u00fan se produce a trav\u00e9s de la inhalaci\u00f3n de aerosoles producidos a partir de la orina de roedores contagiados. Al ser un roedor silvestre, el mayor riesgo lo tienen personas que viven en sectores rurales, poco intervenidos por el hombre, al igual que personas que por actividades recreacionales van a esos lugares.<\/p>\n<p style=\"text-align: justify;\">Es una enfermedad zoon\u00f3tica que se transmite por roedores silvestres, a trav\u00e9s del contacto con las heces y orina que el animal contagiado deja en superficies, generando incluso que el virus circule en el aire por donde habita y transita.\u00a0 Una vez que el virus ingresa al cuerpo humano, puede generar problemas respiratorios, una enfermedad infecciosa aguda, habitualmente grave, que puede incluso ser mortal.<\/p>\n<p style=\"text-align: justify;\"><strong>S\u00cdNTOMAS<\/strong><\/p>\n<p style=\"text-align: justify;\">La enfermedad comienza con un cuadro similar a una influenza, con fiebre, dolores musculares, dolor de cabeza, a veces acompa\u00f1ado con s\u00edntomas gastrointestinales, y con dificultad respiratoria progresiva. Estos pacientes necesitan ser diagnosticados oportunamente, ya que su manejo es muy complejo y requiere atenci\u00f3n especial. La importancia de esta enfermedad, radica principalmente en su alta letalidad.<\/p>\n<p style=\"text-align: justify;\"><strong>CASOS EN AYS\u00c9N<\/strong><\/p>\n<p style=\"text-align: justify;\">En nuestra regi\u00f3n, durante el a\u00f1o 2023, se reportaron 02 casos por Hantavirus, el primero de ellos correspondiente a un trabajador del sector acu\u00edcola que se infect\u00f3 en una zona rural de la regi\u00f3n de B\u00edo B\u00edo, y que por motivos laborales debi\u00f3 ser atendido posteriormente en el Hospital Regional de Coyhaique; mientras que el segundo caso, fue un trabajador agr\u00edcola, residente del sector de alta ruralidad de Lago Tranquilo quien debi\u00f3 ser trasladado al norte del pa\u00eds. En ambos casos, los pacientes lograron recuperarse satisfactoriamente.<\/p>\n<\/div><\/section><\/div><div  style='height:50px' class='hr hr-invisible   avia-builder-el-6  el_after_av_one_full  el_before_av_social_share '><span class='hr-inner ' ><span class='hr-inner-style'><\/span><\/span><\/div><\/p>\n<div  class='av-social-sharing-box  avia-builder-el-7  el_after_av_hr  el_before_av_hr  '><div class='av-share-box'><h5 class='av-share-link-description av-no-toc '>Compartir esta noticia<\/h5><ul class='av-share-box-list noLightbox'><li class='av-share-link av-social-link-facebook' ><a target=\"_blank\" aria-label=\"Compartir en Facebook\" href='https:\/\/www.facebook.com\/sharer.php?u=https:\/\/radiorevelacionfm.cl\/?p=48537&#038;t=Gremio%20de%20Le%C3%B1eros%20Ays%C3%A9n%20asumen%20rol%20de%20autocuidado%20frente%20al%20Hantavirus' aria-hidden='false' data-av_icon='\ue8f3' data-av_iconfont='entypo-fontello' title='' data-avia-related-tooltip='Compartir en Facebook' rel=\"noopener\"><span class='avia_hidden_link_text'>Compartir en Facebook<\/span><\/a><\/li><li class='av-share-link av-social-link-twitter' ><a target=\"_blank\" aria-label=\"Compartir en Twitter\" href='https:\/\/twitter.com\/share?text=Gremio%20de%20Le%C3%B1eros%20Ays%C3%A9n%20asumen%20rol%20de%20autocuidado%20frente%20al%20Hantavirus&#038;url=https:\/\/radiorevelacionfm.cl\/?p=48537' aria-hidden='false' data-av_icon='\ue8f1' data-av_iconfont='entypo-fontello' title='' data-avia-related-tooltip='Compartir en Twitter' rel=\"noopener\"><span class='avia_hidden_link_text'>Compartir en Twitter<\/span><\/a><\/li><li class='av-share-link av-social-link-whatsapp' ><a target=\"_blank\" aria-label=\"Compartir en Whatsapp\" href='https:\/\/api.whatsapp.com\/send?text=https:\/\/radiorevelacionfm.cl\/?p=48537' aria-hidden='false' data-av_icon='\uf232' data-av_iconfont='entypo-fontello' title='' data-avia-related-tooltip='Compartir en Whatsapp' rel=\"noopener\"><span class='avia_hidden_link_text'>Compartir en Whatsapp<\/span><\/a><\/li><li class='av-share-link av-social-link-linkedin' ><a target=\"_blank\" aria-label=\"Compartir en LinkedIn\" href='https:\/\/linkedin.com\/shareArticle?mini=true&#038;title=Gremio%20de%20Le%C3%B1eros%20Ays%C3%A9n%20asumen%20rol%20de%20autocuidado%20frente%20al%20Hantavirus&#038;url=https:\/\/radiorevelacionfm.cl\/?p=48537' aria-hidden='false' data-av_icon='\ue8fc' data-av_iconfont='entypo-fontello' title='' data-avia-related-tooltip='Compartir en LinkedIn' rel=\"noopener\"><span class='avia_hidden_link_text'>Compartir en LinkedIn<\/span><\/a><\/li><li class='av-share-link av-social-link-mail' ><a  aria-label=\"Compartir por correo\" href='mailto:?subject=Gremio%20de%20Le%C3%B1eros%20Ays%C3%A9n%20asumen%20rol%20de%20autocuidado%20frente%20al%20Hantavirus&#038;body=https:\/\/radiorevelacionfm.cl\/?p=48537' aria-hidden='false' data-av_icon='\ue805' data-av_iconfont='entypo-fontello' title='' data-avia-related-tooltip='Compartir por correo'><span class='avia_hidden_link_text'>Compartir por correo<\/span><\/a><\/li><\/ul><\/div><\/div>\n<div  style='height:50px' class='hr hr-invisible   avia-builder-el-8  el_after_av_social_share  el_before_av_comments_list '><span class='hr-inner ' ><span class='hr-inner-style'><\/span><\/span><\/div>\n<div  class='av-buildercomment  av-blog-meta-html-info-disabled av-blog-meta-tag-disabled  '><\/div>\n","protected":false},"excerpt":{"rendered":"","protected":false},"author":1,"featured_media":48538,"comment_status":"open","ping_status":"open","sticky":false,"template":"","format":"standard","meta":{"footnotes":""},"categories":[46],"tags":[],"class_list":["post-48537","post","type-post","status-publish","format-standard","has-post-thumbnail","hentry","category-salud"],"jetpack_featured_media_url":"https:\/\/radiorevelacionfm.cl\/wp-content\/uploads\/2024\/12\/campana-verano-hantavirus-1_optimized.jpeg","_links":{"self":[{"href":"https:\/\/radiorevelacionfm.cl\/index.php?rest_route=\/wp\/v2\/posts\/48537","targetHints":{"allow":["GET"]}}],"collection":[{"href":"https:\/\/radiorevelacionfm.cl\/index.php?rest_route=\/wp\/v2\/posts"}],"about":[{"href":"https:\/\/radiorevelacionfm.cl\/index.php?rest_route=\/wp\/v2\/types\/post"}],"author":[{"embeddable":true,"href":"https:\/\/radiorevelacionfm.cl\/index.php?rest_route=\/wp\/v2\/users\/1"}],"replies":[{"embeddable":true,"href":"https:\/\/radiorevelacionfm.cl\/index.php?rest_route=%2Fwp%2Fv2%2Fcomments&post=48537"}],"version-history":[{"count":1,"href":"https:\/\/radiorevelacionfm.cl\/index.php?rest_route=\/wp\/v2\/posts\/48537\/revisions"}],"predecessor-version":[{"id":48539,"href":"https:\/\/radiorevelacionfm.cl\/index.php?rest_route=\/wp\/v2\/posts\/48537\/revisions\/48539"}],"wp:featuredmedia":[{"embeddable":true,"href":"https:\/\/radiorevelacionfm.cl\/index.php?rest_route=\/wp\/v2\/media\/48538"}],"wp:attachment":[{"href":"https:\/\/radiorevelacionfm.cl\/index.php?rest_route=%2Fwp%2Fv2%2Fmedia&parent=48537"}],"wp:term":[{"taxonomy":"category","embeddable":true,"href":"https:\/\/radiorevelacionfm.cl\/index.php?rest_route=%2Fwp%2Fv2%2Fcategories&post=48537"},{"taxonomy":"post_tag","embeddable":true,"href":"https:\/\/radiorevelacionfm.cl\/index.php?rest_route=%2Fwp%2Fv2%2Ftags&post=48537"}],"curies":[{"name":"wp","href":"https:\/\/api.w.org\/{rel}","templated":true}]}}