{"id":48534,"date":"2024-12-04T17:10:04","date_gmt":"2024-12-04T20:10:04","guid":{"rendered":"https:\/\/radiorevelacionfm.cl\/?p=48534"},"modified":"2024-12-13T19:54:26","modified_gmt":"2024-12-13T22:54:26","slug":"principales-reclamos-en-sernac-de-personas-con-discapacidad-accesos-limitados-trabas-de-comunicacion-discriminacion-y-malos-tratos","status":"publish","type":"post","link":"https:\/\/radiorevelacionfm.cl\/?p=48534","title":{"rendered":"Principales reclamos en Sernac de personas con discapacidad: Accesos limitados, trabas de comunicaci\u00f3n, discriminaci\u00f3n y malos tratos"},"content":{"rendered":"<div class=\"flex_column av_one_full  flex_column_div av-zero-column-padding first  avia-builder-el-0  el_before_av_one_full  avia-builder-el-first  \" style='border-radius:0px; '><div  class='avia-image-container  av-styling-    avia-builder-el-1  avia-builder-el-no-sibling  avia-align-center '  itemprop=\"image\" itemscope=\"itemscope\" itemtype=\"https:\/\/schema.org\/ImageObject\"  ><div class='avia-image-container-inner'><div class='avia-image-overlay-wrap'><img decoding=\"async\" class='wp-image-48535 avia-img-lazy-loading-not-48535 avia_image' src=\"https:\/\/radiorevelacionfm.cl\/wp-content\/uploads\/2024\/12\/Silla-de-ruedas-1-1.jpg\" alt='' title='Silla de ruedas (1) (1)' height=\"600\" width=\"800\"  itemprop=\"thumbnailUrl\" srcset=\"https:\/\/radiorevelacionfm.cl\/wp-content\/uploads\/2024\/12\/Silla-de-ruedas-1-1.jpg 800w, https:\/\/radiorevelacionfm.cl\/wp-content\/uploads\/2024\/12\/Silla-de-ruedas-1-1-300x225.jpg 300w, https:\/\/radiorevelacionfm.cl\/wp-content\/uploads\/2024\/12\/Silla-de-ruedas-1-1-768x576.jpg 768w, https:\/\/radiorevelacionfm.cl\/wp-content\/uploads\/2024\/12\/Silla-de-ruedas-1-1-705x529.jpg 705w, https:\/\/radiorevelacionfm.cl\/wp-content\/uploads\/2024\/12\/Silla-de-ruedas-1-1-450x338.jpg 450w, https:\/\/radiorevelacionfm.cl\/wp-content\/uploads\/2024\/12\/Silla-de-ruedas-1-1-600x450.jpg 600w\" sizes=\"(max-width: 800px) 100vw, 800px\" \/><\/div><\/div><\/div><\/div><div class=\"flex_column av_one_full  flex_column_div av-zero-column-padding first  avia-builder-el-2  el_after_av_one_full  el_before_av_one_full  column-top-margin\" style='border-radius:0px; '><section class=\"av_textblock_section \"  itemscope=\"itemscope\" itemtype=\"https:\/\/schema.org\/BlogPosting\" itemprop=\"blogPost\" ><div class='avia_textblock  '   itemprop=\"text\" ><p style=\"text-align: center;\"><strong><span style=\"font-size: 18pt;\">Principales reclamos en Sernac de personas con discapacidad: Accesos limitados, trabas de comunicaci\u00f3n, discriminaci\u00f3n y malos tratos<\/span><\/strong><\/p>\n<div id=\"gtx-trans\" style=\"position: absolute; left: -50px; top: 4.31534px;\">\n<div class=\"gtx-trans-icon\"><\/div>\n<\/div>\n<\/div><\/section><\/div><div class=\"flex_column av_one_full  flex_column_div av-zero-column-padding first  avia-builder-el-4  el_after_av_one_full  el_before_av_hr  column-top-margin\" style='border-radius:0px; '><section class=\"av_textblock_section \"  itemscope=\"itemscope\" itemtype=\"https:\/\/schema.org\/BlogPosting\" itemprop=\"blogPost\" ><div class='avia_textblock  '   itemprop=\"text\" ><p style=\"text-align: justify;\"><em>Los principales reclamos de las y los consumidores con discapacidad apuntan a los mercados de transporte, atenci\u00f3n al cliente y seguridad. <\/em><\/p>\n<p style=\"text-align: justify;\">Durante el \u00faltimo a\u00f1o, el Servicio Nacional del Consumidor (SERNAC) ha recibido<strong> 1.692 reclamos relacionados con discriminaci\u00f3n hacia personas con discapacidad. <\/strong><\/p>\n<p style=\"text-align: justify;\">Entre los reclamos m\u00e1s recurrentes destacan las dificultades relacionadas con la <strong>accesibilidad f\u00edsica<\/strong>. Las personas con discapacidad enfrentan rampas inexistentes o en mal estado, ascensores fuera de servicio o insuficientes, y el uso indebido de estacionamientos exclusivos:<\/p>\n<p style=\"text-align: justify;\"><em>\u201cMe acerqu\u00e9 a la bencinera a cargar combustible y, debido a mi discapacidad y el lugar para estacionar, no pude quedar cerca de los surtidores. Me obligaron a salir de la fila y cuando les indico que soy discapacitado (mostrando carnet), me indican que no les importa. Cuando solicit\u00e9 hablar con el encargado, \u00e9l mismo me indic\u00f3 que no ten\u00eda tiempo y me oblig\u00f3 a salir de la estaci\u00f3n de servicio sin el combustible.<\/em><\/p>\n<p style=\"text-align: justify;\">Adem\u00e1s, los consumidores con discapacidad frecuentemente reportan <strong>trato discriminatorio y falta de protocolos inclusivos<\/strong>. Muchos relatan experiencias con personal no capacitado para atender sus necesidades espec\u00edficas:<\/p>\n<p style=\"text-align: justify;\">\u201c<em>Soy madre de uno con TEA con un porcentaje de discapacidad del 62,5%. Asistimos con la expectativa de disfrutar de una jornada de esparcimiento familiar. Sin embargo, nos encontramos con una serie de deficiencias en materia de accesibilidad que impidieron a mi hijo disfrutar en igualdad de condiciones que el resto, siendo ambos discriminados por personal de su empresa\u201d, <\/em>reclam\u00f3 una consumidora.<\/p>\n<p style=\"text-align: justify;\">Respecto al mercado de <strong>transporte<\/strong>, SERNAC recibi\u00f3 reclamos relacionados con <strong>discriminaci\u00f3n y problemas de accesibilidad<\/strong>: tanto en el terrestre como en el a\u00e9reo. Los pasajeros mencionan la falta de asistencia adecuada, infraestructura deficiente y protocolos que no consideran sus necesidades. Adem\u00e1s de la ausencia de rampas adecuadas, la demora en los servicios de buses y actitudes discriminatorias por parte del personal:<\/p>\n<p style=\"text-align: justify;\"><em>\u201cSoy una persona con discapacidad y tuve que esperar casi una hora m\u00e1s que el resto de pasajeros para que el aeropuerto me asistiera para poder bajar del avi\u00f3n, ya que no ten\u00edan disponible la manga, ni oportunamente me asistieron para bajar por las escaleras. El trato que me dieron fue discriminatorio y me parece que no respondieron a mi derecho como pasajera de experimentar la experiencia de viajar igual que las dem\u00e1s personas.\u201d<\/em><\/p>\n<p style=\"text-align: justify;\">En <strong>eventos masivos<\/strong>, los reclamos recibidos reflejan la <strong>falta de infraestructura accesible en recintos y problemas en los sistemas de ingreso<\/strong>:<\/p>\n<p style=\"text-align: justify;\"><em>\u201cEl \u00e1rea designada como silla de ruedas para el concierto estaba a nivel del suelo, junto a sectores con asientos. La falta de visibilidad debido a que la mayor\u00eda de los asistentes se pusieron de pie fue una experiencia recurrente, evidenciando una falta de consideraci\u00f3n hacia las personas con discapacidad. A pesar de mis intentos de comunicarme, la productora mostr\u00f3 una respuesta insatisfactoria y careci\u00f3 de disposici\u00f3n para ofrecer soluciones\u201d,<\/em> reclam\u00f3 un consumidor.<\/p>\n<p style=\"text-align: justify;\">Por otro lado, SERNAC registr\u00f3 reclamos relacionados con <strong>protocolos de seguridad<\/strong>. Muchos consumidores con discapacidad se\u00f1alaron que las <strong>medidas de seguridad implementadas no consideraron sus necesidades espec\u00edficas<\/strong>, resultando en tratos diferenciados y discriminatorios:<\/p>\n<p style=\"text-align: justify;\"><em>\u201cSufr\u00ed de un mal protocolo por parte de una guardia de seguridad en la sucursal de Calera de Tango. Lleg\u00f3 y me tirone\u00f3, revisando las bolsas y tir\u00e1ndome de la ropa tambi\u00e9n, indicando que era para ver si llevaba algo robado. Frente a esta situaci\u00f3n me qued\u00e9 paralizada, me dio crisis de p\u00e1nico y de angustia, adem\u00e1s de que le coment\u00e9 a esta guardia que soy una persona que tiene carnet de discapacidad por salud mental y eso tampoco le import\u00f3, s\u00f3lo indic\u00f3 que se hab\u00eda equivocado y esa fue su excusa\u201d.<\/em><\/p>\n<p style=\"text-align: justify;\">En caso de querer ingresar un reclamo, existen varias alternativas para hacerlo: ingresando a SERNAC.cl, llamando gratuitamente al 800 700 100 o de manera presencial en las oficinas ubicadas en cada regi\u00f3n.<\/p>\n<p><strong>\u00a0<\/strong><\/p>\n<\/div><\/section><\/div><div  style='height:50px' class='hr hr-invisible   avia-builder-el-6  el_after_av_one_full  el_before_av_social_share '><span class='hr-inner ' ><span class='hr-inner-style'><\/span><\/span><\/div><\/p>\n<div  class='av-social-sharing-box  avia-builder-el-7  el_after_av_hr  el_before_av_hr  '><div class='av-share-box'><h5 class='av-share-link-description av-no-toc '>Compartir esta noticia<\/h5><ul class='av-share-box-list noLightbox'><li class='av-share-link av-social-link-facebook' ><a target=\"_blank\" aria-label=\"Compartir en Facebook\" href='https:\/\/www.facebook.com\/sharer.php?u=https:\/\/radiorevelacionfm.cl\/?p=48534&#038;t=Principales%20reclamos%20en%20Sernac%20de%20personas%20con%20discapacidad%3A%20Accesos%20limitados%2C%20trabas%20de%20comunicaci%C3%B3n%2C%20discriminaci%C3%B3n%20y%20malos%20tratos' aria-hidden='false' data-av_icon='\ue8f3' data-av_iconfont='entypo-fontello' title='' data-avia-related-tooltip='Compartir en Facebook' rel=\"noopener\"><span class='avia_hidden_link_text'>Compartir en Facebook<\/span><\/a><\/li><li class='av-share-link av-social-link-twitter' ><a target=\"_blank\" aria-label=\"Compartir en Twitter\" href='https:\/\/twitter.com\/share?text=Principales%20reclamos%20en%20Sernac%20de%20personas%20con%20discapacidad%3A%20Accesos%20limitados%2C%20trabas%20de%20comunicaci%C3%B3n%2C%20discriminaci%C3%B3n%20y%20malos%20tratos&#038;url=https:\/\/radiorevelacionfm.cl\/?p=48534' aria-hidden='false' data-av_icon='\ue8f1' data-av_iconfont='entypo-fontello' title='' data-avia-related-tooltip='Compartir en Twitter' rel=\"noopener\"><span class='avia_hidden_link_text'>Compartir en Twitter<\/span><\/a><\/li><li class='av-share-link av-social-link-whatsapp' ><a target=\"_blank\" aria-label=\"Compartir en Whatsapp\" href='https:\/\/api.whatsapp.com\/send?text=https:\/\/radiorevelacionfm.cl\/?p=48534' aria-hidden='false' data-av_icon='\uf232' data-av_iconfont='entypo-fontello' title='' data-avia-related-tooltip='Compartir en Whatsapp' rel=\"noopener\"><span class='avia_hidden_link_text'>Compartir en Whatsapp<\/span><\/a><\/li><li class='av-share-link av-social-link-linkedin' ><a target=\"_blank\" aria-label=\"Compartir en LinkedIn\" href='https:\/\/linkedin.com\/shareArticle?mini=true&#038;title=Principales%20reclamos%20en%20Sernac%20de%20personas%20con%20discapacidad%3A%20Accesos%20limitados%2C%20trabas%20de%20comunicaci%C3%B3n%2C%20discriminaci%C3%B3n%20y%20malos%20tratos&#038;url=https:\/\/radiorevelacionfm.cl\/?p=48534' aria-hidden='false' data-av_icon='\ue8fc' data-av_iconfont='entypo-fontello' title='' data-avia-related-tooltip='Compartir en LinkedIn' rel=\"noopener\"><span class='avia_hidden_link_text'>Compartir en LinkedIn<\/span><\/a><\/li><li class='av-share-link av-social-link-mail' ><a  aria-label=\"Compartir por correo\" href='mailto:?subject=Principales%20reclamos%20en%20Sernac%20de%20personas%20con%20discapacidad%3A%20Accesos%20limitados%2C%20trabas%20de%20comunicaci%C3%B3n%2C%20discriminaci%C3%B3n%20y%20malos%20tratos&#038;body=https:\/\/radiorevelacionfm.cl\/?p=48534' aria-hidden='false' data-av_icon='\ue805' data-av_iconfont='entypo-fontello' title='' data-avia-related-tooltip='Compartir por correo'><span class='avia_hidden_link_text'>Compartir por correo<\/span><\/a><\/li><\/ul><\/div><\/div>\n<div  style='height:50px' class='hr hr-invisible   avia-builder-el-8  el_after_av_social_share  el_before_av_comments_list '><span class='hr-inner ' ><span class='hr-inner-style'><\/span><\/span><\/div>\n<div  class='av-buildercomment  av-blog-meta-html-info-disabled av-blog-meta-tag-disabled  '><\/div>\n","protected":false},"excerpt":{"rendered":"","protected":false},"author":1,"featured_media":48535,"comment_status":"open","ping_status":"open","sticky":false,"template":"","format":"standard","meta":{"footnotes":""},"categories":[61],"tags":[],"class_list":["post-48534","post","type-post","status-publish","format-standard","has-post-thumbnail","hentry","category-nacional"],"jetpack_featured_media_url":"https:\/\/radiorevelacionfm.cl\/wp-content\/uploads\/2024\/12\/Silla-de-ruedas-1-1.jpg","_links":{"self":[{"href":"https:\/\/radiorevelacionfm.cl\/index.php?rest_route=\/wp\/v2\/posts\/48534","targetHints":{"allow":["GET"]}}],"collection":[{"href":"https:\/\/radiorevelacionfm.cl\/index.php?rest_route=\/wp\/v2\/posts"}],"about":[{"href":"https:\/\/radiorevelacionfm.cl\/index.php?rest_route=\/wp\/v2\/types\/post"}],"author":[{"embeddable":true,"href":"https:\/\/radiorevelacionfm.cl\/index.php?rest_route=\/wp\/v2\/users\/1"}],"replies":[{"embeddable":true,"href":"https:\/\/radiorevelacionfm.cl\/index.php?rest_route=%2Fwp%2Fv2%2Fcomments&post=48534"}],"version-history":[{"count":1,"href":"https:\/\/radiorevelacionfm.cl\/index.php?rest_route=\/wp\/v2\/posts\/48534\/revisions"}],"predecessor-version":[{"id":48536,"href":"https:\/\/radiorevelacionfm.cl\/index.php?rest_route=\/wp\/v2\/posts\/48534\/revisions\/48536"}],"wp:featuredmedia":[{"embeddable":true,"href":"https:\/\/radiorevelacionfm.cl\/index.php?rest_route=\/wp\/v2\/media\/48535"}],"wp:attachment":[{"href":"https:\/\/radiorevelacionfm.cl\/index.php?rest_route=%2Fwp%2Fv2%2Fmedia&parent=48534"}],"wp:term":[{"taxonomy":"category","embeddable":true,"href":"https:\/\/radiorevelacionfm.cl\/index.php?rest_route=%2Fwp%2Fv2%2Fcategories&post=48534"},{"taxonomy":"post_tag","embeddable":true,"href":"https:\/\/radiorevelacionfm.cl\/index.php?rest_route=%2Fwp%2Fv2%2Ftags&post=48534"}],"curies":[{"name":"wp","href":"https:\/\/api.w.org\/{rel}","templated":true}]}}